{"id":28142,"date":"2026-08-30T23:02:22","date_gmt":"2026-08-30T21:02:22","guid":{"rendered":"https:\/\/blog.birders-hf.de\/?p=28142"},"modified":"2026-08-30T23:02:22","modified_gmt":"2026-08-30T21:02:22","slug":"kurze-vorstellung-und-highlight-des-vogelzuges-im-eigenen-garten","status":"publish","type":"post","link":"https:\/\/blog.birders-hf.de\/index.php\/2026\/08\/30\/kurze-vorstellung-und-highlight-des-vogelzuges-im-eigenen-garten\/","title":{"rendered":"Kurze Vorstellung &amp; und Highlight  des Vogelzuges im eigenen Garten"},"content":{"rendered":"\n<h2 class=\"wp-block-heading\">Kurze Vorstellung<\/h2>\n\n\n\n<figure class=\"wp-block-image size-large is-resized\"><img loading=\"lazy\" decoding=\"async\" width=\"819\" height=\"1024\" src=\"https:\/\/blog.birders-hf.de\/wp-content\/uploads\/2026\/08\/D2E70C1B-267B-4958-A2F8-2E81F4D0B65C_1_201_a-819x1024.jpeg\" alt=\"\" class=\"wp-image-28146\" style=\"aspect-ratio:0.7998107703224789;width:254px;height:auto\" srcset=\"https:\/\/blog.birders-hf.de\/wp-content\/uploads\/2026\/08\/D2E70C1B-267B-4958-A2F8-2E81F4D0B65C_1_201_a-819x1024.jpeg 819w, https:\/\/blog.birders-hf.de\/wp-content\/uploads\/2026\/08\/D2E70C1B-267B-4958-A2F8-2E81F4D0B65C_1_201_a-384x480.jpeg 384w, https:\/\/blog.birders-hf.de\/wp-content\/uploads\/2026\/08\/D2E70C1B-267B-4958-A2F8-2E81F4D0B65C_1_201_a-767x959.jpeg 767w, https:\/\/blog.birders-hf.de\/wp-content\/uploads\/2026\/08\/D2E70C1B-267B-4958-A2F8-2E81F4D0B65C_1_201_a-1229x1536.jpeg 1229w, https:\/\/blog.birders-hf.de\/wp-content\/uploads\/2026\/08\/D2E70C1B-267B-4958-A2F8-2E81F4D0B65C_1_201_a.jpeg 1350w\" sizes=\"auto, (max-width: 819px) 100vw, 819px\" \/><\/figure>\n\n\n\n<p class=\"wp-block-paragraph\"><strong>Hi Zusammen,<\/strong><\/p>\n\n\n\n<p class=\"wp-block-paragraph\">ich wollte mich mal kurz bei euch vorstellen. Vielleicht kennen mich der ein oder andere von euch ja schon. Nun zu mir: Ich bin Luca,  20 Jahre alt, wohne seit langer Zeit im Kreis Herford (mittlerweile an der Grenze zu Minden-L\u00fcbbecke) und bin nun schon seit 6 Jahren begeisterter Vogelbeobachter-und Fotograf. F\u00fcr meine ornithologischen Beobachtungen bin ich nicht nur im heimischen Kreis unterwegs, sondern auch viel mit dem Zug unterwegs (vor allem in NRW und Niedersachsen). Und das meistens auch nicht alleine, sondern zusammen mit Jannis, einem gutem Freund von mir. Er ist genau wie ich auch ein begeisterter Beobachter\/Fotograf aus der Region. Vielleicht h\u00f6rt ihr fr\u00fcher oder sp\u00e4ter auch noch was von ihm. Wir beide haben n\u00e4mlich auch einen gemeinsamen YouTube Kanal &#8222;Die OrniGrafen&#8220;, auf welchem wir unsere Beobachtungstouren und Vogelsichtungen dokumentieren und mit anderen Menschen teilen.<\/p>\n\n\n\n<h2 class=\"wp-block-heading\">Besonderer Vogel im Garten<\/h2>\n\n\n\n<p class=\"wp-block-paragraph\">Ich dachte, ich starte f\u00fcr meinen ersten Post hier mal mit einem Knaller. Denn ihr glaubt nicht, was ich vergangene Woche im eigenen Garten beobachten konnte. Kleiner Tipp im Voraus: Dieser besondere Vogel ist <strong>kein Brutvogel<\/strong> in unserer Region und lediglich als <strong>seltener Durchz\u00fcgler<\/strong> bei uns im Kreis anzutreffen.<\/p>\n\n\n\n<p class=\"wp-block-paragraph\">Aber von vorne. Alles begann damit, dass ich ein paar durchziehende Schwalben vom Fenster aus beobachtete, als ich aus dem Augenwinkel einen <strong>kleinen, unscheinbar braun gef\u00e4rbten Vogel<\/strong> wahrnahm, welcher angeflogen kam und in einem Brombeerbusch landete. Ich griff sofort zum Fernglas, um nachzuschauen. &#8222;Haussperling&#8220; kam mir zuerst in den Kopf. Aber das passte nicht. Daraufhin die Kamera geholt und ein paar Belegbilder gemacht. Und als ich diese genauer anschaute, konnte ich meinen Augen kaum trauen. <strong>&#8222;Da sitzt ein Wendehals in meinem Garten&#8220;.<\/strong><\/p>\n\n\n\n<p class=\"wp-block-paragraph\">Ich war au\u00dfer mir vor Freude und lief mit der Kamera unterm Arm nach unten. Denn mir war klar, dass ich so eine Gelegenheit so schnell nicht wieder bekommen w\u00fcrde. Ich schlich mich langsam, Schritt f\u00fcr Schritt, an den Vogel heran. Und je n\u00e4her ich kam, desto gr\u00f6\u00dfer wurde meine Aufregung. Angekommen, versteckt hinter der Ecke der Garagen, konnte ich ihn zuerst nicht entdecken. Doch dann sah ich ihn.<\/p>\n\n\n\n<figure class=\"wp-block-image size-large is-resized\"><img loading=\"lazy\" decoding=\"async\" width=\"1024\" height=\"683\" src=\"https:\/\/blog.birders-hf.de\/wp-content\/uploads\/2026\/08\/700918D9-8D93-42F7-8793-96FB917FB388_1_105_c-1024x683.jpeg\" alt=\"\" class=\"wp-image-28147\" style=\"aspect-ratio:1.4993164098584784;width:619px;height:auto\" srcset=\"https:\/\/blog.birders-hf.de\/wp-content\/uploads\/2026\/08\/700918D9-8D93-42F7-8793-96FB917FB388_1_105_c-1024x683.jpeg 1024w, https:\/\/blog.birders-hf.de\/wp-content\/uploads\/2026\/08\/700918D9-8D93-42F7-8793-96FB917FB388_1_105_c-480x320.jpeg 480w, https:\/\/blog.birders-hf.de\/wp-content\/uploads\/2026\/08\/700918D9-8D93-42F7-8793-96FB917FB388_1_105_c-768x512.jpeg 768w, https:\/\/blog.birders-hf.de\/wp-content\/uploads\/2026\/08\/700918D9-8D93-42F7-8793-96FB917FB388_1_105_c.jpeg 1086w\" sizes=\"auto, (max-width: 1024px) 100vw, 1024px\" \/><\/figure>\n\n\n\n<p class=\"wp-block-paragraph\">Er hatte es sich in einem kleinen Ge\u00e4st gem\u00fctlich gemacht und wirkte sehr entspannt , fast schon posierend f\u00fcr die Kamera, sa\u00df er dort vor mir und schaute mich an. Doch diese Beobachtung sollte nur von kurzer Dauer sein, als sich mit lauten Stimmen zwei Spazierg\u00e4nger dem Vogel n\u00e4herten. Der Wendehals fl\u00fcchtete daraufhin in eine nahegelegene Baumgruppe und war danach verschwunden und nicht wieder auffindbar.<\/p>\n\n\n\n<p class=\"wp-block-paragraph\">Dennoch eine unglaubliche Beobachtung und definitiv ein Birding-Highlight f\u00fcrs Jahr 2026 f\u00fcr mich. Und eine neue Art f\u00fcr die Gartenliste. Schreibt mir doch gerne in die Kommentare, ob ihr schon mal einen Wendehals beobachten konntet. Ich freue mich drauf von euch zu h\u00f6ren \ud83d\ude42<\/p>\n","protected":false},"excerpt":{"rendered":"<p>Kurze Vorstellung Hi Zusammen, ich wollte mich mal kurz bei euch vorstellen. Vielleicht kennen mich der ein oder andere von euch ja schon. Nun zu mir: Ich bin Luca, 20 &hellip; <a href=\"https:\/\/blog.birders-hf.de\/index.php\/2026\/08\/30\/kurze-vorstellung-und-highlight-des-vogelzuges-im-eigenen-garten\/\" class=\"more-link\"><span class=\"screen-reader-text\">Kurze Vorstellung &amp; und Highlight  des Vogelzuges im eigenen Garten<\/span> weiterlesen <span class=\"meta-nav\">&rarr;<\/span><\/a><\/p>\n","protected":false},"author":18,"featured_media":0,"comment_status":"open","ping_status":"open","sticky":false,"template":"","format":"standard","meta":{"footnotes":""},"categories":[1],"tags":[],"class_list":["post-28142","post","type-post","status-publish","format-standard","hentry","category-birding"],"_links":{"self":[{"href":"https:\/\/blog.birders-hf.de\/index.php\/wp-json\/wp\/v2\/posts\/28142","targetHints":{"allow":["GET"]}}],"collection":[{"href":"https:\/\/blog.birders-hf.de\/index.php\/wp-json\/wp\/v2\/posts"}],"about":[{"href":"https:\/\/blog.birders-hf.de\/index.php\/wp-json\/wp\/v2\/types\/post"}],"author":[{"embeddable":true,"href":"https:\/\/blog.birders-hf.de\/index.php\/wp-json\/wp\/v2\/users\/18"}],"replies":[{"embeddable":true,"href":"https:\/\/blog.birders-hf.de\/index.php\/wp-json\/wp\/v2\/comments?post=28142"}],"version-history":[{"count":1,"href":"https:\/\/blog.birders-hf.de\/index.php\/wp-json\/wp\/v2\/posts\/28142\/revisions"}],"predecessor-version":[{"id":28148,"href":"https:\/\/blog.birders-hf.de\/index.php\/wp-json\/wp\/v2\/posts\/28142\/revisions\/28148"}],"wp:attachment":[{"href":"https:\/\/blog.birders-hf.de\/index.php\/wp-json\/wp\/v2\/media?parent=28142"}],"wp:term":[{"taxonomy":"category","embeddable":true,"href":"https:\/\/blog.birders-hf.de\/index.php\/wp-json\/wp\/v2\/categories?post=28142"},{"taxonomy":"post_tag","embeddable":true,"href":"https:\/\/blog.birders-hf.de\/index.php\/wp-json\/wp\/v2\/tags?post=28142"}],"curies":[{"name":"wp","href":"https:\/\/api.w.org\/{rel}","templated":true}]}}