{"id":26760,"date":"2026-03-09T21:01:48","date_gmt":"2026-03-09T20:01:48","guid":{"rendered":"https:\/\/blog.birders-hf.de\/?p=26760"},"modified":"2026-03-09T21:10:39","modified_gmt":"2026-03-09T20:10:39","slug":"radtour-am-duemmer-2","status":"publish","type":"post","link":"https:\/\/blog.birders-hf.de\/index.php\/2026\/03\/09\/radtour-am-duemmer-2\/","title":{"rendered":"Radtour am D\u00fcmmer."},"content":{"rendered":"\n<p>Heute Morgen das Rad ins Auto geladen und zum D\u00fcmmer gefahren.<br><br>An der \u00d6kologischen Station geparkt und dann mit dem Fahrrad 1x rund um den See + einen Abstecher in die n\u00f6rdliche D\u00fcmmer Region.<\/p>\n\n\n\n<figure class=\"wp-block-image size-large\"><a href=\"https:\/\/blog.birders-hf.de\/wp-content\/uploads\/2026\/03\/01_BL_DU.jpg\" target=\"_blank\" rel=\" noreferrer noopener\"><img loading=\"lazy\" decoding=\"async\" width=\"1024\" height=\"683\" src=\"https:\/\/blog.birders-hf.de\/wp-content\/uploads\/2026\/03\/01_BL_DU-1024x683.jpg\" alt=\"\" class=\"wp-image-26761\" srcset=\"https:\/\/blog.birders-hf.de\/wp-content\/uploads\/2026\/03\/01_BL_DU-1024x683.jpg 1024w, https:\/\/blog.birders-hf.de\/wp-content\/uploads\/2026\/03\/01_BL_DU-480x320.jpg 480w, https:\/\/blog.birders-hf.de\/wp-content\/uploads\/2026\/03\/01_BL_DU-768x512.jpg 768w, https:\/\/blog.birders-hf.de\/wp-content\/uploads\/2026\/03\/01_BL_DU-1536x1024.jpg 1536w, https:\/\/blog.birders-hf.de\/wp-content\/uploads\/2026\/03\/01_BL_DU-2048x1366.jpg 2048w\" sizes=\"auto, (max-width: 1024px) 100vw, 1024px\" \/><\/a><\/figure>\n\n\n\n<p><br>Im Osterfeiner Moor lief pl\u00f6tzlich, wenige Zentimeter vor dem Rad, ein <span style=\"text-decoration: underline;\">Hermelin<\/span> \u00fcber den Weg.<br><br>Dabei schimpfte es so laut, das ich vor Schreck eine Vollbremsung gemacht habe!<br><br>Es fl\u00fcchtete auf eine Wiese und hielt nach mir Ausschau, da gelang zumindest eine Belegaufnahme.<\/p>\n\n\n\n<figure class=\"wp-block-image size-large\"><a href=\"https:\/\/blog.birders-hf.de\/wp-content\/uploads\/2026\/03\/02_HL_DU.jpg\" target=\"_blank\" rel=\" noreferrer noopener\"><img loading=\"lazy\" decoding=\"async\" width=\"683\" height=\"1024\" src=\"https:\/\/blog.birders-hf.de\/wp-content\/uploads\/2026\/03\/02_HL_DU-683x1024.jpg\" alt=\"\" class=\"wp-image-26762\" srcset=\"https:\/\/blog.birders-hf.de\/wp-content\/uploads\/2026\/03\/02_HL_DU-683x1024.jpg 683w, https:\/\/blog.birders-hf.de\/wp-content\/uploads\/2026\/03\/02_HL_DU-320x480.jpg 320w, https:\/\/blog.birders-hf.de\/wp-content\/uploads\/2026\/03\/02_HL_DU-768x1152.jpg 768w, https:\/\/blog.birders-hf.de\/wp-content\/uploads\/2026\/03\/02_HL_DU-1024x1536.jpg 1024w, https:\/\/blog.birders-hf.de\/wp-content\/uploads\/2026\/03\/02_HL_DU-1366x2048.jpg 1366w, https:\/\/blog.birders-hf.de\/wp-content\/uploads\/2026\/03\/02_HL_DU.jpg 1707w\" sizes=\"auto, (max-width: 683px) 100vw, 683px\" \/><\/a><\/figure>\n\n\n\n<p><br>Eine von unz\u00e4hligen <span style=\"text-decoration: underline;\">Rohrammern<\/span> suchte im Schilf nach Nahrung.<\/p>\n\n\n\n<figure class=\"wp-block-image size-large\"><a href=\"https:\/\/blog.birders-hf.de\/wp-content\/uploads\/2026\/03\/03_RA_DU.jpg\" target=\"_blank\" rel=\" noreferrer noopener\"><img loading=\"lazy\" decoding=\"async\" width=\"1024\" height=\"683\" src=\"https:\/\/blog.birders-hf.de\/wp-content\/uploads\/2026\/03\/03_RA_DU-1024x683.jpg\" alt=\"\" class=\"wp-image-26763\" srcset=\"https:\/\/blog.birders-hf.de\/wp-content\/uploads\/2026\/03\/03_RA_DU-1024x683.jpg 1024w, https:\/\/blog.birders-hf.de\/wp-content\/uploads\/2026\/03\/03_RA_DU-480x320.jpg 480w, https:\/\/blog.birders-hf.de\/wp-content\/uploads\/2026\/03\/03_RA_DU-768x512.jpg 768w, https:\/\/blog.birders-hf.de\/wp-content\/uploads\/2026\/03\/03_RA_DU-1536x1024.jpg 1536w, https:\/\/blog.birders-hf.de\/wp-content\/uploads\/2026\/03\/03_RA_DU-2048x1366.jpg 2048w\" sizes=\"auto, (max-width: 1024px) 100vw, 1024px\" \/><\/a><\/figure>\n\n\n\n<p><br>Mehrere <span style=\"text-decoration: underline;\">Kiebitze<\/span> im Ochsenmoor waren zum Teil v\u00f6llig ohne Scheu!<\/p>\n\n\n\n<figure class=\"wp-block-image size-large\"><a href=\"https:\/\/blog.birders-hf.de\/wp-content\/uploads\/2026\/03\/04_KB_DU.jpg\" target=\"_blank\" rel=\" noreferrer noopener\"><img loading=\"lazy\" decoding=\"async\" width=\"1024\" height=\"683\" src=\"https:\/\/blog.birders-hf.de\/wp-content\/uploads\/2026\/03\/04_KB_DU-1024x683.jpg\" alt=\"\" class=\"wp-image-26764\" srcset=\"https:\/\/blog.birders-hf.de\/wp-content\/uploads\/2026\/03\/04_KB_DU-1024x683.jpg 1024w, https:\/\/blog.birders-hf.de\/wp-content\/uploads\/2026\/03\/04_KB_DU-480x320.jpg 480w, https:\/\/blog.birders-hf.de\/wp-content\/uploads\/2026\/03\/04_KB_DU-768x512.jpg 768w, https:\/\/blog.birders-hf.de\/wp-content\/uploads\/2026\/03\/04_KB_DU-1536x1024.jpg 1536w, https:\/\/blog.birders-hf.de\/wp-content\/uploads\/2026\/03\/04_KB_DU-2048x1366.jpg 2048w\" sizes=\"auto, (max-width: 1024px) 100vw, 1024px\" \/><\/a><\/figure>\n\n\n\n<figure class=\"wp-block-image size-large\"><a href=\"https:\/\/blog.birders-hf.de\/wp-content\/uploads\/2026\/03\/05_KB_DU.jpg\" target=\"_blank\" rel=\" noreferrer noopener\"><img loading=\"lazy\" decoding=\"async\" width=\"1024\" height=\"683\" src=\"https:\/\/blog.birders-hf.de\/wp-content\/uploads\/2026\/03\/05_KB_DU-1024x683.jpg\" alt=\"\" class=\"wp-image-26765\" srcset=\"https:\/\/blog.birders-hf.de\/wp-content\/uploads\/2026\/03\/05_KB_DU-1024x683.jpg 1024w, https:\/\/blog.birders-hf.de\/wp-content\/uploads\/2026\/03\/05_KB_DU-480x320.jpg 480w, https:\/\/blog.birders-hf.de\/wp-content\/uploads\/2026\/03\/05_KB_DU-768x512.jpg 768w, https:\/\/blog.birders-hf.de\/wp-content\/uploads\/2026\/03\/05_KB_DU-1536x1024.jpg 1536w, https:\/\/blog.birders-hf.de\/wp-content\/uploads\/2026\/03\/05_KB_DU-2048x1366.jpg 2048w\" sizes=\"auto, (max-width: 1024px) 100vw, 1024px\" \/><\/a><\/figure>\n\n\n\n<p><br>Sp\u00e4ter traf ich auch noch Holger (und Andreas), als er die Moorfr\u00f6sche fotografierte.<br><br>Eine <span style=\"text-decoration: underline;\">Uferschnepfe<\/span> pr\u00e4sentierte sich auf einem Weidepfahl.<\/p>\n\n\n\n<figure class=\"wp-block-image size-large\"><a href=\"https:\/\/blog.birders-hf.de\/wp-content\/uploads\/2026\/03\/06_US_DU.jpg\" target=\"_blank\" rel=\" noreferrer noopener\"><img loading=\"lazy\" decoding=\"async\" width=\"1024\" height=\"683\" src=\"https:\/\/blog.birders-hf.de\/wp-content\/uploads\/2026\/03\/06_US_DU-1024x683.jpg\" alt=\"\" class=\"wp-image-26766\" srcset=\"https:\/\/blog.birders-hf.de\/wp-content\/uploads\/2026\/03\/06_US_DU-1024x683.jpg 1024w, https:\/\/blog.birders-hf.de\/wp-content\/uploads\/2026\/03\/06_US_DU-480x320.jpg 480w, https:\/\/blog.birders-hf.de\/wp-content\/uploads\/2026\/03\/06_US_DU-768x512.jpg 768w, https:\/\/blog.birders-hf.de\/wp-content\/uploads\/2026\/03\/06_US_DU-1536x1024.jpg 1536w, https:\/\/blog.birders-hf.de\/wp-content\/uploads\/2026\/03\/06_US_DU-2048x1366.jpg 2048w\" sizes=\"auto, (max-width: 1024px) 100vw, 1024px\" \/><\/a><\/figure>\n\n\n\n<p><br>Eine erste <span style=\"text-decoration: underline;\">Schafstelze<\/span> habe ich vom Auto aus auch gesehen, aber es war leider keine Belegaufnahme m\u00f6glich. Die Meldung wird bei ornitho.de leider angezweifelt. Irgendwer sollte mal die Datenbanken an die neuen Wetter-\/Klimarealit\u00e4ten anpassen.<br><br><br>MfG L.E.<\/p>\n","protected":false},"excerpt":{"rendered":"<p>Heute Morgen das Rad ins Auto geladen und zum D\u00fcmmer gefahren. An der \u00d6kologischen Station geparkt und dann mit dem Fahrrad 1x rund um den See + einen Abstecher in &hellip; <a href=\"https:\/\/blog.birders-hf.de\/index.php\/2026\/03\/09\/radtour-am-duemmer-2\/\" class=\"more-link\"><span class=\"screen-reader-text\">Radtour am D\u00fcmmer.<\/span> weiterlesen <span class=\"meta-nav\">&rarr;<\/span><\/a><\/p>\n","protected":false},"author":11,"featured_media":0,"comment_status":"open","ping_status":"open","sticky":false,"template":"","format":"standard","meta":{"footnotes":""},"categories":[1],"tags":[],"class_list":["post-26760","post","type-post","status-publish","format-standard","hentry","category-birding"],"_links":{"self":[{"href":"https:\/\/blog.birders-hf.de\/index.php\/wp-json\/wp\/v2\/posts\/26760","targetHints":{"allow":["GET"]}}],"collection":[{"href":"https:\/\/blog.birders-hf.de\/index.php\/wp-json\/wp\/v2\/posts"}],"about":[{"href":"https:\/\/blog.birders-hf.de\/index.php\/wp-json\/wp\/v2\/types\/post"}],"author":[{"embeddable":true,"href":"https:\/\/blog.birders-hf.de\/index.php\/wp-json\/wp\/v2\/users\/11"}],"replies":[{"embeddable":true,"href":"https:\/\/blog.birders-hf.de\/index.php\/wp-json\/wp\/v2\/comments?post=26760"}],"version-history":[{"count":5,"href":"https:\/\/blog.birders-hf.de\/index.php\/wp-json\/wp\/v2\/posts\/26760\/revisions"}],"predecessor-version":[{"id":26771,"href":"https:\/\/blog.birders-hf.de\/index.php\/wp-json\/wp\/v2\/posts\/26760\/revisions\/26771"}],"wp:attachment":[{"href":"https:\/\/blog.birders-hf.de\/index.php\/wp-json\/wp\/v2\/media?parent=26760"}],"wp:term":[{"taxonomy":"category","embeddable":true,"href":"https:\/\/blog.birders-hf.de\/index.php\/wp-json\/wp\/v2\/categories?post=26760"},{"taxonomy":"post_tag","embeddable":true,"href":"https:\/\/blog.birders-hf.de\/index.php\/wp-json\/wp\/v2\/tags?post=26760"}],"curies":[{"name":"wp","href":"https:\/\/api.w.org\/{rel}","templated":true}]}}