{"id":26745,"date":"2026-03-08T18:44:59","date_gmt":"2026-03-08T17:44:59","guid":{"rendered":"https:\/\/blog.birders-hf.de\/?p=26745"},"modified":"2026-03-08T18:44:59","modified_gmt":"2026-03-08T17:44:59","slug":"sperber-im-garten-08-03-2026","status":"publish","type":"post","link":"https:\/\/blog.birders-hf.de\/index.php\/2026\/03\/08\/sperber-im-garten-08-03-2026\/","title":{"rendered":"Sperber im Garten &#8211; 08.03.2026"},"content":{"rendered":"\n<p>Moin zusammen<\/p>\n\n\n\n<p>endlich habe ich auch mal einen <strong>Sperber<\/strong> im Garten fotografieren k\u00f6nnen. Eigentlich hatte ich meine Kamera schon f\u00fcr den Japanurlaub gepackt, aber daf\u00fcr musste ich sie nat\u00fcrlich wieder auspacken. Ich glaube schneller werde ich das nie wieder auspacken. Leider war es schon ziemlich dunkel drau\u00dfen.<\/p>\n\n\n\n<figure class=\"wp-block-gallery has-nested-images columns-default is-cropped wp-block-gallery-1 is-layout-flex wp-block-gallery-is-layout-flex\">\n<figure class=\"wp-block-image size-large\"><a href=\"https:\/\/blog.birders-hf.de\/wp-content\/uploads\/2026\/03\/A1_07341-scaled.jpg\" target=\"_blank\" rel=\" noreferrer noopener\"><img loading=\"lazy\" decoding=\"async\" width=\"1024\" height=\"768\" data-id=\"26746\" src=\"https:\/\/blog.birders-hf.de\/wp-content\/uploads\/2026\/03\/A1_07341-1024x768.jpg\" alt=\"\" class=\"wp-image-26746\" srcset=\"https:\/\/blog.birders-hf.de\/wp-content\/uploads\/2026\/03\/A1_07341-1024x768.jpg 1024w, https:\/\/blog.birders-hf.de\/wp-content\/uploads\/2026\/03\/A1_07341-480x360.jpg 480w, https:\/\/blog.birders-hf.de\/wp-content\/uploads\/2026\/03\/A1_07341-768x576.jpg 768w, https:\/\/blog.birders-hf.de\/wp-content\/uploads\/2026\/03\/A1_07341-1536x1152.jpg 1536w, https:\/\/blog.birders-hf.de\/wp-content\/uploads\/2026\/03\/A1_07341-2048x1536.jpg 2048w\" sizes=\"auto, (max-width: 1024px) 100vw, 1024px\" \/><\/a><\/figure>\n<\/figure>\n\n\n\n<figure class=\"wp-block-image size-large\"><a href=\"https:\/\/blog.birders-hf.de\/wp-content\/uploads\/2026\/03\/A1_07347-scaled.jpg\" target=\"_blank\" rel=\" noreferrer noopener\"><img loading=\"lazy\" decoding=\"async\" width=\"1024\" height=\"768\" src=\"https:\/\/blog.birders-hf.de\/wp-content\/uploads\/2026\/03\/A1_07347-1024x768.jpg\" alt=\"\" class=\"wp-image-26747\" srcset=\"https:\/\/blog.birders-hf.de\/wp-content\/uploads\/2026\/03\/A1_07347-1024x768.jpg 1024w, https:\/\/blog.birders-hf.de\/wp-content\/uploads\/2026\/03\/A1_07347-480x360.jpg 480w, https:\/\/blog.birders-hf.de\/wp-content\/uploads\/2026\/03\/A1_07347-768x576.jpg 768w, https:\/\/blog.birders-hf.de\/wp-content\/uploads\/2026\/03\/A1_07347-1536x1152.jpg 1536w, https:\/\/blog.birders-hf.de\/wp-content\/uploads\/2026\/03\/A1_07347-2048x1536.jpg 2048w\" sizes=\"auto, (max-width: 1024px) 100vw, 1024px\" \/><\/a><\/figure>\n\n\n\n<p>Ich habe mich etwas ertappt gef\u00fchlt muss ich sagen.<\/p>\n\n\n\n<figure class=\"wp-block-image size-large\"><a href=\"https:\/\/blog.birders-hf.de\/wp-content\/uploads\/2026\/03\/A1_07371-scaled.jpg\" target=\"_blank\" rel=\" noreferrer noopener\"><img loading=\"lazy\" decoding=\"async\" width=\"1024\" height=\"768\" src=\"https:\/\/blog.birders-hf.de\/wp-content\/uploads\/2026\/03\/A1_07371-1024x768.jpg\" alt=\"\" class=\"wp-image-26748\" srcset=\"https:\/\/blog.birders-hf.de\/wp-content\/uploads\/2026\/03\/A1_07371-1024x768.jpg 1024w, https:\/\/blog.birders-hf.de\/wp-content\/uploads\/2026\/03\/A1_07371-480x360.jpg 480w, https:\/\/blog.birders-hf.de\/wp-content\/uploads\/2026\/03\/A1_07371-768x576.jpg 768w, https:\/\/blog.birders-hf.de\/wp-content\/uploads\/2026\/03\/A1_07371-1536x1152.jpg 1536w, https:\/\/blog.birders-hf.de\/wp-content\/uploads\/2026\/03\/A1_07371-2048x1536.jpg 2048w\" sizes=\"auto, (max-width: 1024px) 100vw, 1024px\" \/><\/a><\/figure>\n\n\n\n<p>Das sehe ich als gute Omen f\u00fcr den Urlaub. Auf so einen Moment habe ich schon lange gewartet.<\/p>\n\n\n\n<p>Ich hoffe w\u00e4hrend ich weg bin habt ihr alle sch\u00f6nes Wetter und ganz wichtig, viele wunderbare Sichtungen.<\/p>\n\n\n\n<p>MfG<\/p>\n\n\n\n<p>Marcel<\/p>\n","protected":false},"excerpt":{"rendered":"<p>Moin zusammen endlich habe ich auch mal einen Sperber im Garten fotografieren k\u00f6nnen. Eigentlich hatte ich meine Kamera schon f\u00fcr den Japanurlaub gepackt, aber daf\u00fcr musste ich sie nat\u00fcrlich wieder &hellip; <a href=\"https:\/\/blog.birders-hf.de\/index.php\/2026\/03\/08\/sperber-im-garten-08-03-2026\/\" class=\"more-link\"><span class=\"screen-reader-text\">Sperber im Garten &#8211; 08.03.2026<\/span> weiterlesen <span class=\"meta-nav\">&rarr;<\/span><\/a><\/p>\n","protected":false},"author":12,"featured_media":0,"comment_status":"open","ping_status":"open","sticky":false,"template":"","format":"standard","meta":{"footnotes":""},"categories":[1],"tags":[],"class_list":["post-26745","post","type-post","status-publish","format-standard","hentry","category-birding"],"_links":{"self":[{"href":"https:\/\/blog.birders-hf.de\/index.php\/wp-json\/wp\/v2\/posts\/26745","targetHints":{"allow":["GET"]}}],"collection":[{"href":"https:\/\/blog.birders-hf.de\/index.php\/wp-json\/wp\/v2\/posts"}],"about":[{"href":"https:\/\/blog.birders-hf.de\/index.php\/wp-json\/wp\/v2\/types\/post"}],"author":[{"embeddable":true,"href":"https:\/\/blog.birders-hf.de\/index.php\/wp-json\/wp\/v2\/users\/12"}],"replies":[{"embeddable":true,"href":"https:\/\/blog.birders-hf.de\/index.php\/wp-json\/wp\/v2\/comments?post=26745"}],"version-history":[{"count":1,"href":"https:\/\/blog.birders-hf.de\/index.php\/wp-json\/wp\/v2\/posts\/26745\/revisions"}],"predecessor-version":[{"id":26749,"href":"https:\/\/blog.birders-hf.de\/index.php\/wp-json\/wp\/v2\/posts\/26745\/revisions\/26749"}],"wp:attachment":[{"href":"https:\/\/blog.birders-hf.de\/index.php\/wp-json\/wp\/v2\/media?parent=26745"}],"wp:term":[{"taxonomy":"category","embeddable":true,"href":"https:\/\/blog.birders-hf.de\/index.php\/wp-json\/wp\/v2\/categories?post=26745"},{"taxonomy":"post_tag","embeddable":true,"href":"https:\/\/blog.birders-hf.de\/index.php\/wp-json\/wp\/v2\/tags?post=26745"}],"curies":[{"name":"wp","href":"https:\/\/api.w.org\/{rel}","templated":true}]}}