{"id":26159,"date":"2026-01-22T19:47:54","date_gmt":"2026-01-22T18:47:54","guid":{"rendered":"https:\/\/blog.birders-hf.de\/?p=26159"},"modified":"2026-01-22T19:47:54","modified_gmt":"2026-01-22T18:47:54","slug":"grosses-torfmoor-22-01-2026","status":"publish","type":"post","link":"https:\/\/blog.birders-hf.de\/index.php\/2026\/01\/22\/grosses-torfmoor-22-01-2026\/","title":{"rendered":"Gro\u00dfes Torfmoor &#8211; 22.01.2026"},"content":{"rendered":"\n<p>Hallo zusammen,<\/p>\n\n\n\n<p>heute war ich mal wieder bei der Eisesk\u00e4lte im Torfmoor unterwegs. Hat diesmal etwas gedauert bis ich warm gelaufen war. Als die Sonne kam, konnte man es einigerma\u00dfen aushalten.<\/p>\n\n\n\n<p>Viel war nicht los. Als erstes haben mich keine V\u00f6gel begr\u00fc\u00dft sondern die <strong>Feldhasen<\/strong>.<\/p>\n\n\n\n<figure class=\"wp-block-image size-large\"><a href=\"https:\/\/blog.birders-hf.de\/wp-content\/uploads\/2026\/01\/A1_00171-scaled.jpg\" target=\"_blank\" rel=\" noreferrer noopener\"><img loading=\"lazy\" decoding=\"async\" width=\"1024\" height=\"768\" src=\"https:\/\/blog.birders-hf.de\/wp-content\/uploads\/2026\/01\/A1_00171-1024x768.jpg\" alt=\"\" class=\"wp-image-26160\" srcset=\"https:\/\/blog.birders-hf.de\/wp-content\/uploads\/2026\/01\/A1_00171-1024x768.jpg 1024w, https:\/\/blog.birders-hf.de\/wp-content\/uploads\/2026\/01\/A1_00171-480x360.jpg 480w, https:\/\/blog.birders-hf.de\/wp-content\/uploads\/2026\/01\/A1_00171-768x576.jpg 768w, https:\/\/blog.birders-hf.de\/wp-content\/uploads\/2026\/01\/A1_00171-1536x1152.jpg 1536w, https:\/\/blog.birders-hf.de\/wp-content\/uploads\/2026\/01\/A1_00171-2048x1536.jpg 2048w\" sizes=\"auto, (max-width: 1024px) 100vw, 1024px\" \/><\/a><\/figure>\n\n\n\n<p>Es hat aber auch nicht lange gedauert bis sich dann die ersten V\u00f6gel gezeigt haben. Die Sonne musste es nur einmal \u00fcber den Horizont schaffen und schon wurden sie aktiv. Als erstes haben mich ein paar <strong>Rohrammern<\/strong> begr\u00fc\u00dft.<\/p>\n\n\n\n<figure class=\"wp-block-image size-large\"><a href=\"https:\/\/blog.birders-hf.de\/wp-content\/uploads\/2026\/01\/A1_00289-scaled.jpg\" target=\"_blank\" rel=\" noreferrer noopener\"><img loading=\"lazy\" decoding=\"async\" width=\"768\" height=\"1024\" src=\"https:\/\/blog.birders-hf.de\/wp-content\/uploads\/2026\/01\/A1_00289-768x1024.jpg\" alt=\"\" class=\"wp-image-26161\" srcset=\"https:\/\/blog.birders-hf.de\/wp-content\/uploads\/2026\/01\/A1_00289-768x1024.jpg 768w, https:\/\/blog.birders-hf.de\/wp-content\/uploads\/2026\/01\/A1_00289-360x480.jpg 360w, https:\/\/blog.birders-hf.de\/wp-content\/uploads\/2026\/01\/A1_00289-1152x1536.jpg 1152w, https:\/\/blog.birders-hf.de\/wp-content\/uploads\/2026\/01\/A1_00289-1536x2048.jpg 1536w, https:\/\/blog.birders-hf.de\/wp-content\/uploads\/2026\/01\/A1_00289-scaled.jpg 1920w\" sizes=\"auto, (max-width: 768px) 100vw, 768px\" \/><\/a><\/figure>\n\n\n\n<p>Die Buntspechte waren sich am Jagen und auch schon flei\u00dfig am Trommeln. Die Balz scheint bei denen schon voll im Gange zu sein. Leider habe ich heute kein sch\u00f6nes Foto von denen bekommen. Daf\u00fcr hat sich mal ein <strong>Eichelh\u00e4her<\/strong> ablichten lassen. Ich musste das Bild dennoch ordentlich zuschneiden. Aber bisher mein bestes Foto. Es ist eine ganz sch\u00f6ne Herausforderung mal ein gutes Bild zu bekommen.<\/p>\n\n\n\n<figure class=\"wp-block-image size-large\"><a href=\"https:\/\/blog.birders-hf.de\/wp-content\/uploads\/2026\/01\/A1_00986.jpg\" target=\"_blank\" rel=\" noreferrer noopener\"><img loading=\"lazy\" decoding=\"async\" width=\"1024\" height=\"768\" src=\"https:\/\/blog.birders-hf.de\/wp-content\/uploads\/2026\/01\/A1_00986-1024x768.jpg\" alt=\"\" class=\"wp-image-26163\" srcset=\"https:\/\/blog.birders-hf.de\/wp-content\/uploads\/2026\/01\/A1_00986-1024x768.jpg 1024w, https:\/\/blog.birders-hf.de\/wp-content\/uploads\/2026\/01\/A1_00986-480x360.jpg 480w, https:\/\/blog.birders-hf.de\/wp-content\/uploads\/2026\/01\/A1_00986-768x576.jpg 768w, https:\/\/blog.birders-hf.de\/wp-content\/uploads\/2026\/01\/A1_00986-1536x1152.jpg 1536w, https:\/\/blog.birders-hf.de\/wp-content\/uploads\/2026\/01\/A1_00986-2048x1536.jpg 2048w\" sizes=\"auto, (max-width: 1024px) 100vw, 1024px\" \/><\/a><\/figure>\n\n\n\n<p>Und was w\u00e4re eine Tour durch das Moor ohne <strong>Schwanzmeisen<\/strong>? Ganz genau! Langweilig!<\/p>\n\n\n\n<figure class=\"wp-block-image size-large\"><a href=\"https:\/\/blog.birders-hf.de\/wp-content\/uploads\/2026\/01\/A1_00561-scaled.jpg\" target=\"_blank\" rel=\" noreferrer noopener\"><img loading=\"lazy\" decoding=\"async\" width=\"1024\" height=\"768\" src=\"https:\/\/blog.birders-hf.de\/wp-content\/uploads\/2026\/01\/A1_00561-1024x768.jpg\" alt=\"\" class=\"wp-image-26164\" srcset=\"https:\/\/blog.birders-hf.de\/wp-content\/uploads\/2026\/01\/A1_00561-1024x768.jpg 1024w, https:\/\/blog.birders-hf.de\/wp-content\/uploads\/2026\/01\/A1_00561-480x360.jpg 480w, https:\/\/blog.birders-hf.de\/wp-content\/uploads\/2026\/01\/A1_00561-768x576.jpg 768w, https:\/\/blog.birders-hf.de\/wp-content\/uploads\/2026\/01\/A1_00561-1536x1152.jpg 1536w, https:\/\/blog.birders-hf.de\/wp-content\/uploads\/2026\/01\/A1_00561-2048x1536.jpg 2048w\" sizes=\"auto, (max-width: 1024px) 100vw, 1024px\" \/><\/a><\/figure>\n\n\n\n<figure class=\"wp-block-image size-large\"><a href=\"https:\/\/blog.birders-hf.de\/wp-content\/uploads\/2026\/01\/A1_00584-scaled.jpg\" target=\"_blank\" rel=\" noreferrer noopener\"><img loading=\"lazy\" decoding=\"async\" width=\"1024\" height=\"768\" src=\"https:\/\/blog.birders-hf.de\/wp-content\/uploads\/2026\/01\/A1_00584-1024x768.jpg\" alt=\"\" class=\"wp-image-26165\" srcset=\"https:\/\/blog.birders-hf.de\/wp-content\/uploads\/2026\/01\/A1_00584-1024x768.jpg 1024w, https:\/\/blog.birders-hf.de\/wp-content\/uploads\/2026\/01\/A1_00584-480x360.jpg 480w, https:\/\/blog.birders-hf.de\/wp-content\/uploads\/2026\/01\/A1_00584-768x576.jpg 768w, https:\/\/blog.birders-hf.de\/wp-content\/uploads\/2026\/01\/A1_00584-1536x1152.jpg 1536w, https:\/\/blog.birders-hf.de\/wp-content\/uploads\/2026\/01\/A1_00584-2048x1536.jpg 2048w\" sizes=\"auto, (max-width: 1024px) 100vw, 1024px\" \/><\/a><\/figure>\n\n\n\n<p>Am Ende der Tour hat sich dieses <strong>Rotkehlchen<\/strong> erst unter meinem Auto versteckt, als ich zur\u00fcck kam. Es hat sich aber doch noch zu einem sch\u00f6nen Foto \u00fcberreden lassen.<\/p>\n\n\n\n<figure class=\"wp-block-image size-large\"><a href=\"https:\/\/blog.birders-hf.de\/wp-content\/uploads\/2026\/01\/A1_00928-scaled.jpg\" target=\"_blank\" rel=\" noreferrer noopener\"><img loading=\"lazy\" decoding=\"async\" width=\"1024\" height=\"768\" src=\"https:\/\/blog.birders-hf.de\/wp-content\/uploads\/2026\/01\/A1_00928-1024x768.jpg\" alt=\"\" class=\"wp-image-26167\" srcset=\"https:\/\/blog.birders-hf.de\/wp-content\/uploads\/2026\/01\/A1_00928-1024x768.jpg 1024w, https:\/\/blog.birders-hf.de\/wp-content\/uploads\/2026\/01\/A1_00928-480x360.jpg 480w, https:\/\/blog.birders-hf.de\/wp-content\/uploads\/2026\/01\/A1_00928-768x576.jpg 768w, https:\/\/blog.birders-hf.de\/wp-content\/uploads\/2026\/01\/A1_00928-1536x1152.jpg 1536w, https:\/\/blog.birders-hf.de\/wp-content\/uploads\/2026\/01\/A1_00928-2048x1536.jpg 2048w\" sizes=\"auto, (max-width: 1024px) 100vw, 1024px\" \/><\/a><\/figure>\n\n\n\n<p>Ich habe auch brav gewartet bis es wieder unterm Auto hervor gekommen ist. Es war aber sehr neugierig und kam immer n\u00e4her. Leider konnte ich einige Fotos schon nicht mehr scharf stellen. Aber ich bin mehr als zufrieden mit den Fotos von heute.<\/p>\n\n\n\n<p>Meine Fotos von gestern hat Lars ja schon Pr\u00e4sentiert\ud83d\ude1c<\/p>\n\n\n\n<p>Nein, Spa\u00df bei Seite. Unsere Fotos von gestern \u00e4hneln sich einfach zu sehr. Aber vielleicht mache ich noch einen Nachtrag zusammen mit ein paar anderen Fotos, die hier zu kurz gekommen sind.<\/p>\n\n\n\n<p>Gru\u00df<\/p>\n\n\n\n<p>Marcel<\/p>\n","protected":false},"excerpt":{"rendered":"<p>Hallo zusammen, heute war ich mal wieder bei der Eisesk\u00e4lte im Torfmoor unterwegs. Hat diesmal etwas gedauert bis ich warm gelaufen war. Als die Sonne kam, konnte man es einigerma\u00dfen &hellip; <a href=\"https:\/\/blog.birders-hf.de\/index.php\/2026\/01\/22\/grosses-torfmoor-22-01-2026\/\" class=\"more-link\"><span class=\"screen-reader-text\">Gro\u00dfes Torfmoor &#8211; 22.01.2026<\/span> weiterlesen <span class=\"meta-nav\">&rarr;<\/span><\/a><\/p>\n","protected":false},"author":12,"featured_media":0,"comment_status":"open","ping_status":"open","sticky":false,"template":"","format":"standard","meta":{"footnotes":""},"categories":[1],"tags":[],"class_list":["post-26159","post","type-post","status-publish","format-standard","hentry","category-birding"],"_links":{"self":[{"href":"https:\/\/blog.birders-hf.de\/index.php\/wp-json\/wp\/v2\/posts\/26159","targetHints":{"allow":["GET"]}}],"collection":[{"href":"https:\/\/blog.birders-hf.de\/index.php\/wp-json\/wp\/v2\/posts"}],"about":[{"href":"https:\/\/blog.birders-hf.de\/index.php\/wp-json\/wp\/v2\/types\/post"}],"author":[{"embeddable":true,"href":"https:\/\/blog.birders-hf.de\/index.php\/wp-json\/wp\/v2\/users\/12"}],"replies":[{"embeddable":true,"href":"https:\/\/blog.birders-hf.de\/index.php\/wp-json\/wp\/v2\/comments?post=26159"}],"version-history":[{"count":1,"href":"https:\/\/blog.birders-hf.de\/index.php\/wp-json\/wp\/v2\/posts\/26159\/revisions"}],"predecessor-version":[{"id":26168,"href":"https:\/\/blog.birders-hf.de\/index.php\/wp-json\/wp\/v2\/posts\/26159\/revisions\/26168"}],"wp:attachment":[{"href":"https:\/\/blog.birders-hf.de\/index.php\/wp-json\/wp\/v2\/media?parent=26159"}],"wp:term":[{"taxonomy":"category","embeddable":true,"href":"https:\/\/blog.birders-hf.de\/index.php\/wp-json\/wp\/v2\/categories?post=26159"},{"taxonomy":"post_tag","embeddable":true,"href":"https:\/\/blog.birders-hf.de\/index.php\/wp-json\/wp\/v2\/tags?post=26159"}],"curies":[{"name":"wp","href":"https:\/\/api.w.org\/{rel}","templated":true}]}}