{"id":26100,"date":"2026-01-16T19:39:13","date_gmt":"2026-01-16T18:39:13","guid":{"rendered":"https:\/\/blog.birders-hf.de\/?p=26100"},"modified":"2026-01-16T19:39:13","modified_gmt":"2026-01-16T18:39:13","slug":"gartenvoegel-barduettingdorf-7","status":"publish","type":"post","link":"https:\/\/blog.birders-hf.de\/index.php\/2026\/01\/16\/gartenvoegel-barduettingdorf-7\/","title":{"rendered":"Gartenv\u00f6gel &#8211; Bard\u00fcttingdorf."},"content":{"rendered":"\n<p>Heute noch ein wenig am Fototeich &amp; direkter Umgebung gebastelt.<br><br>Sp\u00e4ter dann ein paar Fotos gemacht.<br><br>In letzter Zeit wieder \u00f6fter im Garten, der <span style=\"text-decoration: underline;\">Kernbei\u00dfer<\/span>.<\/p>\n\n\n\n<figure class=\"wp-block-image size-large\"><a href=\"https:\/\/blog.birders-hf.de\/wp-content\/uploads\/2026\/01\/01_KB_BD.jpg\" target=\"_blank\" rel=\" noreferrer noopener\"><img loading=\"lazy\" decoding=\"async\" width=\"1024\" height=\"683\" src=\"https:\/\/blog.birders-hf.de\/wp-content\/uploads\/2026\/01\/01_KB_BD-1024x683.jpg\" alt=\"\" class=\"wp-image-26101\" srcset=\"https:\/\/blog.birders-hf.de\/wp-content\/uploads\/2026\/01\/01_KB_BD-1024x683.jpg 1024w, https:\/\/blog.birders-hf.de\/wp-content\/uploads\/2026\/01\/01_KB_BD-480x320.jpg 480w, https:\/\/blog.birders-hf.de\/wp-content\/uploads\/2026\/01\/01_KB_BD-768x512.jpg 768w, https:\/\/blog.birders-hf.de\/wp-content\/uploads\/2026\/01\/01_KB_BD-1536x1024.jpg 1536w, https:\/\/blog.birders-hf.de\/wp-content\/uploads\/2026\/01\/01_KB_BD-2048x1366.jpg 2048w\" sizes=\"auto, (max-width: 1024px) 100vw, 1024px\" \/><\/a><\/figure>\n\n\n\n<p><br>Bald t\u00e4glich zu Besuch, der <span style=\"text-decoration: underline;\">Gartenbauml\u00e4ufer<\/span>.<\/p>\n\n\n\n<figure class=\"wp-block-image size-large\"><a href=\"https:\/\/blog.birders-hf.de\/wp-content\/uploads\/2026\/01\/02_GBL_BD.jpg\" target=\"_blank\" rel=\" noreferrer noopener\"><img loading=\"lazy\" decoding=\"async\" width=\"683\" height=\"1024\" src=\"https:\/\/blog.birders-hf.de\/wp-content\/uploads\/2026\/01\/02_GBL_BD-683x1024.jpg\" alt=\"\" class=\"wp-image-26102\" srcset=\"https:\/\/blog.birders-hf.de\/wp-content\/uploads\/2026\/01\/02_GBL_BD-683x1024.jpg 683w, https:\/\/blog.birders-hf.de\/wp-content\/uploads\/2026\/01\/02_GBL_BD-320x480.jpg 320w, https:\/\/blog.birders-hf.de\/wp-content\/uploads\/2026\/01\/02_GBL_BD-768x1152.jpg 768w, https:\/\/blog.birders-hf.de\/wp-content\/uploads\/2026\/01\/02_GBL_BD-1024x1536.jpg 1024w, https:\/\/blog.birders-hf.de\/wp-content\/uploads\/2026\/01\/02_GBL_BD-1366x2048.jpg 1366w, https:\/\/blog.birders-hf.de\/wp-content\/uploads\/2026\/01\/02_GBL_BD.jpg 1707w\" sizes=\"auto, (max-width: 683px) 100vw, 683px\" \/><\/a><\/figure>\n\n\n\n<p><br>Aktuell endlich wieder mehr <span style=\"text-decoration: underline;\">Amseln<\/span>, heute Morgen sogar mit Fr\u00fchlingsgesang!<\/p>\n\n\n\n<figure class=\"wp-block-image size-large\"><a href=\"https:\/\/blog.birders-hf.de\/wp-content\/uploads\/2026\/01\/03_AM_BD.jpg\" target=\"_blank\" rel=\" noreferrer noopener\"><img loading=\"lazy\" decoding=\"async\" width=\"1024\" height=\"683\" src=\"https:\/\/blog.birders-hf.de\/wp-content\/uploads\/2026\/01\/03_AM_BD-1024x683.jpg\" alt=\"\" class=\"wp-image-26103\" srcset=\"https:\/\/blog.birders-hf.de\/wp-content\/uploads\/2026\/01\/03_AM_BD-1024x683.jpg 1024w, https:\/\/blog.birders-hf.de\/wp-content\/uploads\/2026\/01\/03_AM_BD-480x320.jpg 480w, https:\/\/blog.birders-hf.de\/wp-content\/uploads\/2026\/01\/03_AM_BD-768x512.jpg 768w, https:\/\/blog.birders-hf.de\/wp-content\/uploads\/2026\/01\/03_AM_BD-1536x1024.jpg 1536w, https:\/\/blog.birders-hf.de\/wp-content\/uploads\/2026\/01\/03_AM_BD-2048x1366.jpg 2048w\" sizes=\"auto, (max-width: 1024px) 100vw, 1024px\" \/><\/a><\/figure>\n\n\n\n<p><br>Sehr dankbar bin ich auch \u00fcber diesen sch\u00f6nen Vogel, den <span style=\"text-decoration: underline;\">Fasan<\/span>. Er sammelt flei\u00dfig heruntergefallenes Futter auf.<\/p>\n\n\n\n<figure class=\"wp-block-image size-large\"><a href=\"https:\/\/blog.birders-hf.de\/wp-content\/uploads\/2026\/01\/04_FS_BD.jpg\" target=\"_blank\" rel=\" noreferrer noopener\"><img loading=\"lazy\" decoding=\"async\" width=\"1024\" height=\"683\" src=\"https:\/\/blog.birders-hf.de\/wp-content\/uploads\/2026\/01\/04_FS_BD-1024x683.jpg\" alt=\"\" class=\"wp-image-26104\" srcset=\"https:\/\/blog.birders-hf.de\/wp-content\/uploads\/2026\/01\/04_FS_BD-1024x683.jpg 1024w, https:\/\/blog.birders-hf.de\/wp-content\/uploads\/2026\/01\/04_FS_BD-480x320.jpg 480w, https:\/\/blog.birders-hf.de\/wp-content\/uploads\/2026\/01\/04_FS_BD-768x512.jpg 768w, https:\/\/blog.birders-hf.de\/wp-content\/uploads\/2026\/01\/04_FS_BD-1536x1024.jpg 1536w, https:\/\/blog.birders-hf.de\/wp-content\/uploads\/2026\/01\/04_FS_BD-2048x1366.jpg 2048w\" sizes=\"auto, (max-width: 1024px) 100vw, 1024px\" \/><\/a><\/figure>\n\n\n\n<p><br>MfG L.E.<\/p>\n","protected":false},"excerpt":{"rendered":"<p>Heute noch ein wenig am Fototeich &amp; direkter Umgebung gebastelt. Sp\u00e4ter dann ein paar Fotos gemacht. In letzter Zeit wieder \u00f6fter im Garten, der Kernbei\u00dfer. Bald t\u00e4glich zu Besuch, der &hellip; <a href=\"https:\/\/blog.birders-hf.de\/index.php\/2026\/01\/16\/gartenvoegel-barduettingdorf-7\/\" class=\"more-link\"><span class=\"screen-reader-text\">Gartenv\u00f6gel &#8211; Bard\u00fcttingdorf.<\/span> weiterlesen <span class=\"meta-nav\">&rarr;<\/span><\/a><\/p>\n","protected":false},"author":11,"featured_media":0,"comment_status":"open","ping_status":"open","sticky":false,"template":"","format":"standard","meta":{"footnotes":""},"categories":[1],"tags":[],"class_list":["post-26100","post","type-post","status-publish","format-standard","hentry","category-birding"],"_links":{"self":[{"href":"https:\/\/blog.birders-hf.de\/index.php\/wp-json\/wp\/v2\/posts\/26100","targetHints":{"allow":["GET"]}}],"collection":[{"href":"https:\/\/blog.birders-hf.de\/index.php\/wp-json\/wp\/v2\/posts"}],"about":[{"href":"https:\/\/blog.birders-hf.de\/index.php\/wp-json\/wp\/v2\/types\/post"}],"author":[{"embeddable":true,"href":"https:\/\/blog.birders-hf.de\/index.php\/wp-json\/wp\/v2\/users\/11"}],"replies":[{"embeddable":true,"href":"https:\/\/blog.birders-hf.de\/index.php\/wp-json\/wp\/v2\/comments?post=26100"}],"version-history":[{"count":1,"href":"https:\/\/blog.birders-hf.de\/index.php\/wp-json\/wp\/v2\/posts\/26100\/revisions"}],"predecessor-version":[{"id":26105,"href":"https:\/\/blog.birders-hf.de\/index.php\/wp-json\/wp\/v2\/posts\/26100\/revisions\/26105"}],"wp:attachment":[{"href":"https:\/\/blog.birders-hf.de\/index.php\/wp-json\/wp\/v2\/media?parent=26100"}],"wp:term":[{"taxonomy":"category","embeddable":true,"href":"https:\/\/blog.birders-hf.de\/index.php\/wp-json\/wp\/v2\/categories?post=26100"},{"taxonomy":"post_tag","embeddable":true,"href":"https:\/\/blog.birders-hf.de\/index.php\/wp-json\/wp\/v2\/tags?post=26100"}],"curies":[{"name":"wp","href":"https:\/\/api.w.org\/{rel}","templated":true}]}}