{"id":25842,"date":"2025-12-24T21:18:23","date_gmt":"2025-12-24T20:18:23","guid":{"rendered":"https:\/\/blog.birders-hf.de\/?p=25842"},"modified":"2025-12-24T21:19:05","modified_gmt":"2025-12-24T20:19:05","slug":"wanderfalke-zu-weihnachten","status":"publish","type":"post","link":"https:\/\/blog.birders-hf.de\/index.php\/2025\/12\/24\/wanderfalke-zu-weihnachten\/","title":{"rendered":"Wanderfalke zu Weihnachten!"},"content":{"rendered":"\n<p>Mit dem <span style=\"text-decoration: underline;\">Wanderfalken<\/span> aus der n\u00f6rdlichen D\u00fcmmer Region von heute, w\u00fcnsche ich allen Sturmm\u00f6we Lesern und den vielen Leuten die sich hier mit Beitr\u00e4gen und\/oder Kommentaren beteiligen, ein <strong><em>Frohes Weihnachtsfest!<\/em><\/strong><\/p>\n\n\n\n<figure class=\"wp-block-image size-large\"><a href=\"https:\/\/blog.birders-hf.de\/wp-content\/uploads\/2025\/12\/01_WF-FW_DU.jpg\" target=\"_blank\" rel=\" noreferrer noopener\"><img loading=\"lazy\" decoding=\"async\" width=\"1024\" height=\"683\" src=\"https:\/\/blog.birders-hf.de\/wp-content\/uploads\/2025\/12\/01_WF-FW_DU-1024x683.jpg\" alt=\"\" class=\"wp-image-25843\" srcset=\"https:\/\/blog.birders-hf.de\/wp-content\/uploads\/2025\/12\/01_WF-FW_DU-1024x683.jpg 1024w, https:\/\/blog.birders-hf.de\/wp-content\/uploads\/2025\/12\/01_WF-FW_DU-480x320.jpg 480w, https:\/\/blog.birders-hf.de\/wp-content\/uploads\/2025\/12\/01_WF-FW_DU-768x512.jpg 768w, https:\/\/blog.birders-hf.de\/wp-content\/uploads\/2025\/12\/01_WF-FW_DU-1536x1024.jpg 1536w, https:\/\/blog.birders-hf.de\/wp-content\/uploads\/2025\/12\/01_WF-FW_DU-2048x1366.jpg 2048w\" sizes=\"auto, (max-width: 1024px) 100vw, 1024px\" \/><\/a><\/figure>\n\n\n\n<p><br>MfG L.E. \ud83c\udf85<\/p>\n","protected":false},"excerpt":{"rendered":"<p>Mit dem Wanderfalken aus der n\u00f6rdlichen D\u00fcmmer Region von heute, w\u00fcnsche ich allen Sturmm\u00f6we Lesern und den vielen Leuten die sich hier mit Beitr\u00e4gen und\/oder Kommentaren beteiligen, ein Frohes Weihnachtsfest! &hellip; <a href=\"https:\/\/blog.birders-hf.de\/index.php\/2025\/12\/24\/wanderfalke-zu-weihnachten\/\" class=\"more-link\"><span class=\"screen-reader-text\">Wanderfalke zu Weihnachten!<\/span> weiterlesen <span class=\"meta-nav\">&rarr;<\/span><\/a><\/p>\n","protected":false},"author":11,"featured_media":0,"comment_status":"open","ping_status":"open","sticky":false,"template":"","format":"standard","meta":{"footnotes":""},"categories":[1],"tags":[],"class_list":["post-25842","post","type-post","status-publish","format-standard","hentry","category-birding"],"_links":{"self":[{"href":"https:\/\/blog.birders-hf.de\/index.php\/wp-json\/wp\/v2\/posts\/25842","targetHints":{"allow":["GET"]}}],"collection":[{"href":"https:\/\/blog.birders-hf.de\/index.php\/wp-json\/wp\/v2\/posts"}],"about":[{"href":"https:\/\/blog.birders-hf.de\/index.php\/wp-json\/wp\/v2\/types\/post"}],"author":[{"embeddable":true,"href":"https:\/\/blog.birders-hf.de\/index.php\/wp-json\/wp\/v2\/users\/11"}],"replies":[{"embeddable":true,"href":"https:\/\/blog.birders-hf.de\/index.php\/wp-json\/wp\/v2\/comments?post=25842"}],"version-history":[{"count":2,"href":"https:\/\/blog.birders-hf.de\/index.php\/wp-json\/wp\/v2\/posts\/25842\/revisions"}],"predecessor-version":[{"id":25845,"href":"https:\/\/blog.birders-hf.de\/index.php\/wp-json\/wp\/v2\/posts\/25842\/revisions\/25845"}],"wp:attachment":[{"href":"https:\/\/blog.birders-hf.de\/index.php\/wp-json\/wp\/v2\/media?parent=25842"}],"wp:term":[{"taxonomy":"category","embeddable":true,"href":"https:\/\/blog.birders-hf.de\/index.php\/wp-json\/wp\/v2\/categories?post=25842"},{"taxonomy":"post_tag","embeddable":true,"href":"https:\/\/blog.birders-hf.de\/index.php\/wp-json\/wp\/v2\/tags?post=25842"}],"curies":[{"name":"wp","href":"https:\/\/api.w.org\/{rel}","templated":true}]}}