{"id":25801,"date":"2025-12-18T21:19:33","date_gmt":"2025-12-18T20:19:33","guid":{"rendered":"https:\/\/blog.birders-hf.de\/?p=25801"},"modified":"2025-12-18T21:22:12","modified_gmt":"2025-12-18T20:22:12","slug":"greifvoegel-duemmer","status":"publish","type":"post","link":"https:\/\/blog.birders-hf.de\/index.php\/2025\/12\/18\/greifvoegel-duemmer\/","title":{"rendered":"Greifv\u00f6gel &#8211; D\u00fcmmer."},"content":{"rendered":"\n<p>Heute Fr\u00fch bin ich zum D\u00fcmmer gefahren. Die Merlin Sichtung hat mich motiviert, heute in der n\u00f6rdlichen D\u00fcmmer Region nach Greifv\u00f6geln ausschau zu halten.<br><br>Angefangen habe ich kurz vor Sonnenaufgang in den Teichwiesen und konnte den Raubw\u00fcrger fotografieren, leider nicht im besten Licht.<\/p>\n\n\n\n<figure class=\"wp-block-image size-large\"><a href=\"https:\/\/blog.birders-hf.de\/wp-content\/uploads\/2025\/12\/01_RW_DU.jpg\" target=\"_blank\" rel=\" noreferrer noopener\"><img loading=\"lazy\" decoding=\"async\" width=\"1024\" height=\"683\" src=\"https:\/\/blog.birders-hf.de\/wp-content\/uploads\/2025\/12\/01_RW_DU-1024x683.jpg\" alt=\"\" class=\"wp-image-25802\" srcset=\"https:\/\/blog.birders-hf.de\/wp-content\/uploads\/2025\/12\/01_RW_DU-1024x683.jpg 1024w, https:\/\/blog.birders-hf.de\/wp-content\/uploads\/2025\/12\/01_RW_DU-480x320.jpg 480w, https:\/\/blog.birders-hf.de\/wp-content\/uploads\/2025\/12\/01_RW_DU-768x512.jpg 768w, https:\/\/blog.birders-hf.de\/wp-content\/uploads\/2025\/12\/01_RW_DU-1536x1024.jpg 1536w, https:\/\/blog.birders-hf.de\/wp-content\/uploads\/2025\/12\/01_RW_DU-2048x1366.jpg 2048w\" sizes=\"auto, (max-width: 1024px) 100vw, 1024px\" \/><\/a><\/figure>\n\n\n\n<p><br>Danach ging es Richtung Osterfeiner Moor \/ Heemke \/ Langenteilen.<br><br>Den Merlin konnte ich leider nicht entdecken, den Grund k\u00f6nnt ihr in folgender Collage oben links sehen. <\/p>\n\n\n\n<figure class=\"wp-block-image size-large\"><a href=\"https:\/\/blog.birders-hf.de\/wp-content\/uploads\/2025\/12\/02_GV_DU.jpg\" target=\"_blank\" rel=\" noreferrer noopener\"><img loading=\"lazy\" decoding=\"async\" width=\"1024\" height=\"683\" src=\"https:\/\/blog.birders-hf.de\/wp-content\/uploads\/2025\/12\/02_GV_DU-1024x683.jpg\" alt=\"\" class=\"wp-image-25803\" srcset=\"https:\/\/blog.birders-hf.de\/wp-content\/uploads\/2025\/12\/02_GV_DU-1024x683.jpg 1024w, https:\/\/blog.birders-hf.de\/wp-content\/uploads\/2025\/12\/02_GV_DU-480x320.jpg 480w, https:\/\/blog.birders-hf.de\/wp-content\/uploads\/2025\/12\/02_GV_DU-768x512.jpg 768w, https:\/\/blog.birders-hf.de\/wp-content\/uploads\/2025\/12\/02_GV_DU-1536x1024.jpg 1536w, https:\/\/blog.birders-hf.de\/wp-content\/uploads\/2025\/12\/02_GV_DU.jpg 1920w\" sizes=\"auto, (max-width: 1024px) 100vw, 1024px\" \/><\/a><\/figure>\n\n\n\n<p><br>Ein Sikorsky CH-53GA (84+70), zuf\u00e4llig eine Maschine mit Sonderlackierung  &#8222;53 Jahre CH.53&#8220; flog im Tiefflug rund um den Fliegerhorst Diepholz seine Kreise und sorgte f\u00fcr viel Unruhe in der Vogelwelt.<br><br>Trotzdem konnte ich einige Greifvogelarten entdecken, darunter <span style=\"text-decoration: underline;\">Sperber<\/span>, <span style=\"text-decoration: underline;\">Kornweihe<\/span>, <span style=\"text-decoration: underline;\">Wanderfalke<\/span>, <span style=\"text-decoration: underline;\">Turmfalke<\/span>, <span style=\"text-decoration: underline;\">Seeadler<\/span> und <span style=\"text-decoration: underline;\">M\u00e4usebussard<\/span>.<br><br>Die Federn scheinen von einer <span style=\"text-decoration: underline;\">Sumpfohreule<\/span> zu stammen, die sich (wie wohl h\u00e4ufig passiert) im Stacheldraht verfangen hat. Offensichtlich konnte sich das Tier aber befreien.<br><br>Besonders habe ich mich \u00fcber die <span style=\"text-decoration: underline;\">Wanderfalken<\/span> Sichtung gefreut. Das Tier war zwar nie nah genug, aber f\u00fcr eine kleine Collage hat es gereicht.<\/p>\n\n\n\n<figure class=\"wp-block-image size-large\"><a href=\"https:\/\/blog.birders-hf.de\/wp-content\/uploads\/2025\/12\/03_WF_DU.jpg\" target=\"_blank\" rel=\" noreferrer noopener\"><img loading=\"lazy\" decoding=\"async\" width=\"1024\" height=\"683\" src=\"https:\/\/blog.birders-hf.de\/wp-content\/uploads\/2025\/12\/03_WF_DU-1024x683.jpg\" alt=\"\" class=\"wp-image-25804\" srcset=\"https:\/\/blog.birders-hf.de\/wp-content\/uploads\/2025\/12\/03_WF_DU-1024x683.jpg 1024w, https:\/\/blog.birders-hf.de\/wp-content\/uploads\/2025\/12\/03_WF_DU-480x320.jpg 480w, https:\/\/blog.birders-hf.de\/wp-content\/uploads\/2025\/12\/03_WF_DU-768x512.jpg 768w, https:\/\/blog.birders-hf.de\/wp-content\/uploads\/2025\/12\/03_WF_DU-1536x1024.jpg 1536w, https:\/\/blog.birders-hf.de\/wp-content\/uploads\/2025\/12\/03_WF_DU.jpg 1920w\" sizes=\"auto, (max-width: 1024px) 100vw, 1024px\" \/><\/a><\/figure>\n\n\n\n<p><br>Allgemein kann man sagen, das die Greifv\u00f6gel heute eine sehr hohe Fluchtdistanz hatten. Unz\u00e4hlige behutsame Ann\u00e4herungen mit dem PKW endeten mit Auffliegen schon bei sehr gro\u00dfem Abstand, das kenne ich so extrem eigentlich nicht.<br><br>Etwas n\u00e4her liess mich ein <span style=\"text-decoration: underline;\">M\u00e4usebussard<\/span> kommen. Er blieb eine Weile auf dem Weidepfahl sitzen und gab mir Gelegenheit, ihn beim abfliegen zu erwischen.<\/p>\n\n\n\n<figure class=\"wp-block-image size-large\"><a href=\"https:\/\/blog.birders-hf.de\/wp-content\/uploads\/2025\/12\/04_MB_DU.jpg\" target=\"_blank\" rel=\" noreferrer noopener\"><img loading=\"lazy\" decoding=\"async\" width=\"1024\" height=\"683\" src=\"https:\/\/blog.birders-hf.de\/wp-content\/uploads\/2025\/12\/04_MB_DU-1024x683.jpg\" alt=\"\" class=\"wp-image-25805\" srcset=\"https:\/\/blog.birders-hf.de\/wp-content\/uploads\/2025\/12\/04_MB_DU-1024x683.jpg 1024w, https:\/\/blog.birders-hf.de\/wp-content\/uploads\/2025\/12\/04_MB_DU-480x320.jpg 480w, https:\/\/blog.birders-hf.de\/wp-content\/uploads\/2025\/12\/04_MB_DU-768x512.jpg 768w, https:\/\/blog.birders-hf.de\/wp-content\/uploads\/2025\/12\/04_MB_DU-1536x1024.jpg 1536w, https:\/\/blog.birders-hf.de\/wp-content\/uploads\/2025\/12\/04_MB_DU-2048x1366.jpg 2048w\" sizes=\"auto, (max-width: 1024px) 100vw, 1024px\" \/><\/a><\/figure>\n\n\n\n<p><br>Deutlich entspannter waren kurz vor der Heimfahrt dann ein weibliches und m\u00e4nnliches <span style=\"text-decoration: underline;\">Schwarzkehlchen<\/span>.<\/p>\n\n\n\n<figure class=\"wp-block-image size-large\"><a href=\"https:\/\/blog.birders-hf.de\/wp-content\/uploads\/2025\/12\/05_SK_DU.jpg\" target=\"_blank\" rel=\" noreferrer noopener\"><img loading=\"lazy\" decoding=\"async\" width=\"1024\" height=\"683\" src=\"https:\/\/blog.birders-hf.de\/wp-content\/uploads\/2025\/12\/05_SK_DU-1024x683.jpg\" alt=\"\" class=\"wp-image-25806\" srcset=\"https:\/\/blog.birders-hf.de\/wp-content\/uploads\/2025\/12\/05_SK_DU-1024x683.jpg 1024w, https:\/\/blog.birders-hf.de\/wp-content\/uploads\/2025\/12\/05_SK_DU-480x320.jpg 480w, https:\/\/blog.birders-hf.de\/wp-content\/uploads\/2025\/12\/05_SK_DU-768x512.jpg 768w, https:\/\/blog.birders-hf.de\/wp-content\/uploads\/2025\/12\/05_SK_DU-1536x1024.jpg 1536w, https:\/\/blog.birders-hf.de\/wp-content\/uploads\/2025\/12\/05_SK_DU-2048x1366.jpg 2048w\" sizes=\"auto, (max-width: 1024px) 100vw, 1024px\" \/><\/a><\/figure>\n\n\n\n<figure class=\"wp-block-image size-large\"><a href=\"https:\/\/blog.birders-hf.de\/wp-content\/uploads\/2025\/12\/06_SK_DU.jpg\" target=\"_blank\" rel=\" noreferrer noopener\"><img loading=\"lazy\" decoding=\"async\" width=\"1024\" height=\"683\" src=\"https:\/\/blog.birders-hf.de\/wp-content\/uploads\/2025\/12\/06_SK_DU-1024x683.jpg\" alt=\"\" class=\"wp-image-25807\" srcset=\"https:\/\/blog.birders-hf.de\/wp-content\/uploads\/2025\/12\/06_SK_DU-1024x683.jpg 1024w, https:\/\/blog.birders-hf.de\/wp-content\/uploads\/2025\/12\/06_SK_DU-480x320.jpg 480w, https:\/\/blog.birders-hf.de\/wp-content\/uploads\/2025\/12\/06_SK_DU-768x512.jpg 768w, https:\/\/blog.birders-hf.de\/wp-content\/uploads\/2025\/12\/06_SK_DU-1536x1024.jpg 1536w, https:\/\/blog.birders-hf.de\/wp-content\/uploads\/2025\/12\/06_SK_DU-2048x1366.jpg 2048w\" sizes=\"auto, (max-width: 1024px) 100vw, 1024px\" \/><\/a><\/figure>\n\n\n\n<p><br><br>MfG L.E.<\/p>\n","protected":false},"excerpt":{"rendered":"<p>Heute Fr\u00fch bin ich zum D\u00fcmmer gefahren. Die Merlin Sichtung hat mich motiviert, heute in der n\u00f6rdlichen D\u00fcmmer Region nach Greifv\u00f6geln ausschau zu halten. Angefangen habe ich kurz vor Sonnenaufgang &hellip; <a href=\"https:\/\/blog.birders-hf.de\/index.php\/2025\/12\/18\/greifvoegel-duemmer\/\" class=\"more-link\"><span class=\"screen-reader-text\">Greifv\u00f6gel &#8211; D\u00fcmmer.<\/span> weiterlesen <span class=\"meta-nav\">&rarr;<\/span><\/a><\/p>\n","protected":false},"author":11,"featured_media":0,"comment_status":"open","ping_status":"open","sticky":false,"template":"","format":"standard","meta":{"footnotes":""},"categories":[1],"tags":[],"class_list":["post-25801","post","type-post","status-publish","format-standard","hentry","category-birding"],"_links":{"self":[{"href":"https:\/\/blog.birders-hf.de\/index.php\/wp-json\/wp\/v2\/posts\/25801","targetHints":{"allow":["GET"]}}],"collection":[{"href":"https:\/\/blog.birders-hf.de\/index.php\/wp-json\/wp\/v2\/posts"}],"about":[{"href":"https:\/\/blog.birders-hf.de\/index.php\/wp-json\/wp\/v2\/types\/post"}],"author":[{"embeddable":true,"href":"https:\/\/blog.birders-hf.de\/index.php\/wp-json\/wp\/v2\/users\/11"}],"replies":[{"embeddable":true,"href":"https:\/\/blog.birders-hf.de\/index.php\/wp-json\/wp\/v2\/comments?post=25801"}],"version-history":[{"count":2,"href":"https:\/\/blog.birders-hf.de\/index.php\/wp-json\/wp\/v2\/posts\/25801\/revisions"}],"predecessor-version":[{"id":25809,"href":"https:\/\/blog.birders-hf.de\/index.php\/wp-json\/wp\/v2\/posts\/25801\/revisions\/25809"}],"wp:attachment":[{"href":"https:\/\/blog.birders-hf.de\/index.php\/wp-json\/wp\/v2\/media?parent=25801"}],"wp:term":[{"taxonomy":"category","embeddable":true,"href":"https:\/\/blog.birders-hf.de\/index.php\/wp-json\/wp\/v2\/categories?post=25801"},{"taxonomy":"post_tag","embeddable":true,"href":"https:\/\/blog.birders-hf.de\/index.php\/wp-json\/wp\/v2\/tags?post=25801"}],"curies":[{"name":"wp","href":"https:\/\/api.w.org\/{rel}","templated":true}]}}