{"id":25789,"date":"2025-12-16T23:15:25","date_gmt":"2025-12-16T22:15:25","guid":{"rendered":"https:\/\/blog.birders-hf.de\/?p=25789"},"modified":"2025-12-16T23:21:27","modified_gmt":"2025-12-16T22:21:27","slug":"maeusebussard-duemmer-mit-lars","status":"publish","type":"post","link":"https:\/\/blog.birders-hf.de\/index.php\/2025\/12\/16\/maeusebussard-duemmer-mit-lars\/","title":{"rendered":"M\u00e4usebussard (D\u00fcmmer) mit Lars!"},"content":{"rendered":"\n<p>Moin zusammen,<\/p>\n\n\n\n<p>Lars hat ja schon das meiste erw\u00e4hnt. Da brauche ich ja nicht mehr so viel schreiben und kann meine Bilder f\u00fcr sich sprechen lassen\ud83d\ude1c<\/p>\n\n\n\n<p>Ein Foto mit der niedrig stehenden Sonne in den Teichwiesen konnte ich mir aber auch nicht verkneifen. Das sah einfach viel zu sch\u00f6n aus mit dem Bodennebel.<\/p>\n\n\n\n<figure class=\"wp-block-image size-large\"><a href=\"https:\/\/blog.birders-hf.de\/wp-content\/uploads\/2025\/12\/A1_02073.jpg\" target=\"_blank\" rel=\" noreferrer noopener\"><img loading=\"lazy\" decoding=\"async\" width=\"1024\" height=\"683\" src=\"https:\/\/blog.birders-hf.de\/wp-content\/uploads\/2025\/12\/A1_02073-1024x683.jpg\" alt=\"\" class=\"wp-image-25790\" srcset=\"https:\/\/blog.birders-hf.de\/wp-content\/uploads\/2025\/12\/A1_02073-1024x683.jpg 1024w, https:\/\/blog.birders-hf.de\/wp-content\/uploads\/2025\/12\/A1_02073-480x320.jpg 480w, https:\/\/blog.birders-hf.de\/wp-content\/uploads\/2025\/12\/A1_02073-768x512.jpg 768w\" sizes=\"auto, (max-width: 1024px) 100vw, 1024px\" \/><\/a><\/figure>\n\n\n\n<p>Den Rest meiner Bilder wird es jetzt auch nur noch um besagten M\u00e4usebussard gehen. Das kriegt man nicht alle Tage auf den Sensor. Ich bin echt dankbar, dass wir kurz mit dem Fotografen aus der Osterfeiner H\u00fctte gesprochen haben und daher wieder kehrt gemacht haben.<\/p>\n\n\n\n<p>Aber nun zu den Fotos vom <strong>M\u00e4usebussard<\/strong>!<\/p>\n\n\n\n<figure class=\"wp-block-image size-large\"><a href=\"https:\/\/blog.birders-hf.de\/wp-content\/uploads\/2025\/12\/A1_03822.jpg\" target=\"_blank\" rel=\" noreferrer noopener\"><img loading=\"lazy\" decoding=\"async\" width=\"1024\" height=\"768\" src=\"https:\/\/blog.birders-hf.de\/wp-content\/uploads\/2025\/12\/A1_03822-1024x768.jpg\" alt=\"\" class=\"wp-image-25791\" srcset=\"https:\/\/blog.birders-hf.de\/wp-content\/uploads\/2025\/12\/A1_03822-1024x768.jpg 1024w, https:\/\/blog.birders-hf.de\/wp-content\/uploads\/2025\/12\/A1_03822-480x360.jpg 480w, https:\/\/blog.birders-hf.de\/wp-content\/uploads\/2025\/12\/A1_03822-768x576.jpg 768w, https:\/\/blog.birders-hf.de\/wp-content\/uploads\/2025\/12\/A1_03822-1536x1152.jpg 1536w, https:\/\/blog.birders-hf.de\/wp-content\/uploads\/2025\/12\/A1_03822-2048x1536.jpg 2048w\" sizes=\"auto, (max-width: 1024px) 100vw, 1024px\" \/><\/a><\/figure>\n\n\n\n<figure class=\"wp-block-image size-large\"><a href=\"https:\/\/blog.birders-hf.de\/wp-content\/uploads\/2025\/12\/A1_03842-scaled.jpg\" target=\"_blank\" rel=\" noreferrer noopener\"><img loading=\"lazy\" decoding=\"async\" width=\"1024\" height=\"768\" src=\"https:\/\/blog.birders-hf.de\/wp-content\/uploads\/2025\/12\/A1_03842-1024x768.jpg\" alt=\"\" class=\"wp-image-25792\" srcset=\"https:\/\/blog.birders-hf.de\/wp-content\/uploads\/2025\/12\/A1_03842-1024x768.jpg 1024w, https:\/\/blog.birders-hf.de\/wp-content\/uploads\/2025\/12\/A1_03842-480x360.jpg 480w, https:\/\/blog.birders-hf.de\/wp-content\/uploads\/2025\/12\/A1_03842-768x576.jpg 768w, https:\/\/blog.birders-hf.de\/wp-content\/uploads\/2025\/12\/A1_03842-1536x1152.jpg 1536w, https:\/\/blog.birders-hf.de\/wp-content\/uploads\/2025\/12\/A1_03842-2048x1536.jpg 2048w\" sizes=\"auto, (max-width: 1024px) 100vw, 1024px\" \/><\/a><\/figure>\n\n\n\n<p>Als er schon so nach unten geguckt hat, zusammen mit der Tatsache, dass er nicht sofort aufgeflogen ist, ahnten wir schon, dass er da was hatte. Und unsere Vermutung sollte sich best\u00e4tigen! Eine Ratte hatte er sich geschnappt!<\/p>\n\n\n\n<p>Als Lars dann aus dem Auto ausgestiegen ist um auch zu versuchen ihn besser zu erwischen, ist er dann aufgeflogen. Das war meine Chance ihn beim Abflug zu erwischen. Ich bin dankbar, dass der Fokus der Kamera mich nicht im Stich gelassen hat.<\/p>\n\n\n\n<figure class=\"wp-block-image size-large\"><a href=\"https:\/\/blog.birders-hf.de\/wp-content\/uploads\/2025\/12\/A1_03887-scaled.jpg\" target=\"_blank\" rel=\" noreferrer noopener\"><img loading=\"lazy\" decoding=\"async\" width=\"1024\" height=\"768\" src=\"https:\/\/blog.birders-hf.de\/wp-content\/uploads\/2025\/12\/A1_03887-1024x768.jpg\" alt=\"\" class=\"wp-image-25793\" srcset=\"https:\/\/blog.birders-hf.de\/wp-content\/uploads\/2025\/12\/A1_03887-1024x768.jpg 1024w, https:\/\/blog.birders-hf.de\/wp-content\/uploads\/2025\/12\/A1_03887-480x360.jpg 480w, https:\/\/blog.birders-hf.de\/wp-content\/uploads\/2025\/12\/A1_03887-768x576.jpg 768w, https:\/\/blog.birders-hf.de\/wp-content\/uploads\/2025\/12\/A1_03887-1536x1152.jpg 1536w, https:\/\/blog.birders-hf.de\/wp-content\/uploads\/2025\/12\/A1_03887-2048x1536.jpg 2048w\" sizes=\"auto, (max-width: 1024px) 100vw, 1024px\" \/><\/a><\/figure>\n\n\n\n<figure class=\"wp-block-image size-large\"><a href=\"https:\/\/blog.birders-hf.de\/wp-content\/uploads\/2025\/12\/A1_03890-scaled.jpg\" target=\"_blank\" rel=\" noreferrer noopener\"><img loading=\"lazy\" decoding=\"async\" width=\"1024\" height=\"768\" src=\"https:\/\/blog.birders-hf.de\/wp-content\/uploads\/2025\/12\/A1_03890-1024x768.jpg\" alt=\"\" class=\"wp-image-25794\" srcset=\"https:\/\/blog.birders-hf.de\/wp-content\/uploads\/2025\/12\/A1_03890-1024x768.jpg 1024w, https:\/\/blog.birders-hf.de\/wp-content\/uploads\/2025\/12\/A1_03890-480x360.jpg 480w, https:\/\/blog.birders-hf.de\/wp-content\/uploads\/2025\/12\/A1_03890-768x576.jpg 768w, https:\/\/blog.birders-hf.de\/wp-content\/uploads\/2025\/12\/A1_03890-1536x1152.jpg 1536w, https:\/\/blog.birders-hf.de\/wp-content\/uploads\/2025\/12\/A1_03890-2048x1536.jpg 2048w\" sizes=\"auto, (max-width: 1024px) 100vw, 1024px\" \/><\/a><\/figure>\n\n\n\n<p>Mein liebste Aufnahme ist mit Abstand die n\u00e4chste. Mit dem Dreck und Wasser, was bei dem Abflug aufgewirbelt wurde.<\/p>\n\n\n\n<figure class=\"wp-block-image size-large\"><a href=\"https:\/\/blog.birders-hf.de\/wp-content\/uploads\/2025\/12\/A1_03899-scaled.jpg\" target=\"_blank\" rel=\" noreferrer noopener\"><img loading=\"lazy\" decoding=\"async\" width=\"1024\" height=\"768\" src=\"https:\/\/blog.birders-hf.de\/wp-content\/uploads\/2025\/12\/A1_03899-1024x768.jpg\" alt=\"\" class=\"wp-image-25795\" srcset=\"https:\/\/blog.birders-hf.de\/wp-content\/uploads\/2025\/12\/A1_03899-1024x768.jpg 1024w, https:\/\/blog.birders-hf.de\/wp-content\/uploads\/2025\/12\/A1_03899-480x360.jpg 480w, https:\/\/blog.birders-hf.de\/wp-content\/uploads\/2025\/12\/A1_03899-768x576.jpg 768w, https:\/\/blog.birders-hf.de\/wp-content\/uploads\/2025\/12\/A1_03899-1536x1152.jpg 1536w, https:\/\/blog.birders-hf.de\/wp-content\/uploads\/2025\/12\/A1_03899-2048x1536.jpg 2048w\" sizes=\"auto, (max-width: 1024px) 100vw, 1024px\" \/><\/a><\/figure>\n\n\n\n<p>Ich bin so unfassbar gl\u00fccklich mit diesen Fotos. Und dann noch vom sch\u00f6nsten Bussard um den D\u00fcmmer herum. Wer wei\u00df, wann ich das n\u00e4chste mal dieses Gl\u00fcck haben werde.<\/p>\n\n\n\n<p>Die Fotos kamen ein bi\u00dfchen versp\u00e4tet. Leider ist mein Urlaub schon wieder um. Aber ich habe alles so schnell ich konnte bearbeitet.<\/p>\n\n\n\n<p>Gru\u00df<\/p>\n\n\n\n<p>Marcel<\/p>\n\n\n\n<p><\/p>\n","protected":false},"excerpt":{"rendered":"<p>Moin zusammen, Lars hat ja schon das meiste erw\u00e4hnt. Da brauche ich ja nicht mehr so viel schreiben und kann meine Bilder f\u00fcr sich sprechen lassen\ud83d\ude1c Ein Foto mit der &hellip; <a href=\"https:\/\/blog.birders-hf.de\/index.php\/2025\/12\/16\/maeusebussard-duemmer-mit-lars\/\" class=\"more-link\"><span class=\"screen-reader-text\">M\u00e4usebussard (D\u00fcmmer) mit Lars!<\/span> weiterlesen <span class=\"meta-nav\">&rarr;<\/span><\/a><\/p>\n","protected":false},"author":12,"featured_media":0,"comment_status":"open","ping_status":"open","sticky":false,"template":"","format":"standard","meta":{"footnotes":""},"categories":[1],"tags":[],"class_list":["post-25789","post","type-post","status-publish","format-standard","hentry","category-birding"],"_links":{"self":[{"href":"https:\/\/blog.birders-hf.de\/index.php\/wp-json\/wp\/v2\/posts\/25789","targetHints":{"allow":["GET"]}}],"collection":[{"href":"https:\/\/blog.birders-hf.de\/index.php\/wp-json\/wp\/v2\/posts"}],"about":[{"href":"https:\/\/blog.birders-hf.de\/index.php\/wp-json\/wp\/v2\/types\/post"}],"author":[{"embeddable":true,"href":"https:\/\/blog.birders-hf.de\/index.php\/wp-json\/wp\/v2\/users\/12"}],"replies":[{"embeddable":true,"href":"https:\/\/blog.birders-hf.de\/index.php\/wp-json\/wp\/v2\/comments?post=25789"}],"version-history":[{"count":2,"href":"https:\/\/blog.birders-hf.de\/index.php\/wp-json\/wp\/v2\/posts\/25789\/revisions"}],"predecessor-version":[{"id":25797,"href":"https:\/\/blog.birders-hf.de\/index.php\/wp-json\/wp\/v2\/posts\/25789\/revisions\/25797"}],"wp:attachment":[{"href":"https:\/\/blog.birders-hf.de\/index.php\/wp-json\/wp\/v2\/media?parent=25789"}],"wp:term":[{"taxonomy":"category","embeddable":true,"href":"https:\/\/blog.birders-hf.de\/index.php\/wp-json\/wp\/v2\/categories?post=25789"},{"taxonomy":"post_tag","embeddable":true,"href":"https:\/\/blog.birders-hf.de\/index.php\/wp-json\/wp\/v2\/tags?post=25789"}],"curies":[{"name":"wp","href":"https:\/\/api.w.org\/{rel}","templated":true}]}}