{"id":25773,"date":"2025-12-15T19:37:15","date_gmt":"2025-12-15T18:37:15","guid":{"rendered":"https:\/\/blog.birders-hf.de\/?p=25773"},"modified":"2025-12-16T21:28:03","modified_gmt":"2025-12-16T20:28:03","slug":"duemmer-mit-marcel","status":"publish","type":"post","link":"https:\/\/blog.birders-hf.de\/index.php\/2025\/12\/15\/duemmer-mit-marcel\/","title":{"rendered":"D\u00fcmmer mit Marcel!"},"content":{"rendered":"\n<p>Also der See, nicht der Verstand! \ud83d\ude1c<\/p>\n\n\n\n<p>Marcel und meine Wenigkeit sind heute passend zum Sonnenaufgang zum D\u00fcmmer See gefahren.<br><br>Erster Halt in den <span style=\"text-decoration: underline;\">Teichwiesen<\/span>.<\/p>\n\n\n\n<figure class=\"wp-block-image size-large\"><a href=\"https:\/\/blog.birders-hf.de\/wp-content\/uploads\/2025\/12\/01_SO_DU.jpg\" target=\"_blank\" rel=\" noreferrer noopener\"><img loading=\"lazy\" decoding=\"async\" width=\"1024\" height=\"683\" src=\"https:\/\/blog.birders-hf.de\/wp-content\/uploads\/2025\/12\/01_SO_DU-1024x683.jpg\" alt=\"\" class=\"wp-image-25774\" srcset=\"https:\/\/blog.birders-hf.de\/wp-content\/uploads\/2025\/12\/01_SO_DU-1024x683.jpg 1024w, https:\/\/blog.birders-hf.de\/wp-content\/uploads\/2025\/12\/01_SO_DU-480x320.jpg 480w, https:\/\/blog.birders-hf.de\/wp-content\/uploads\/2025\/12\/01_SO_DU-768x512.jpg 768w, https:\/\/blog.birders-hf.de\/wp-content\/uploads\/2025\/12\/01_SO_DU-1536x1024.jpg 1536w, https:\/\/blog.birders-hf.de\/wp-content\/uploads\/2025\/12\/01_SO_DU-2048x1366.jpg 2048w\" sizes=\"auto, (max-width: 1024px) 100vw, 1024px\" \/><\/a><\/figure>\n\n\n\n<p><br>Weiter dann zur Huntem\u00fcndung, dort gab es unter anderem Wasserralle, Eisvogel, Schwanzmeisen, Wintergoldh\u00e4hnchen, Kolkrabe und mehr.<br><br>Weiter durch die Teichwiesen, durch H\u00fcde in Richtung &#8222;Hohe Sieben&#8220;.<br><br>Kaum das Auto geparkt fliegt neben einigen M\u00e4usebussarden auch ein Seeadler \u00fcber.<br><br>Also schnellen Schrittes in Richtung Ostturm und tats\u00e4chlich, das bekannte Seeadlerpaar (Das Weibchen beringt und mit Sender) flogen auf den See hinaus und das Weibchen erbeutete einen Fisch. Leider etwas zu weit weg, daher nur Beleg. Auch die Zwergschw\u00e4ne wollten nicht n\u00e4her kommen.<br><br>Daf\u00fcr flog eine <span style=\"text-decoration: underline;\">Silberm\u00f6we<\/span> (m\u00f6glicherweise handelt es sich um eine Steppenm\u00f6we, danke an H.B.K.!) extrem nah am Turm vorbei und konnte Formatf\u00fcllend aufgenommen werden.<\/p>\n\n\n\n<figure class=\"wp-block-image size-large\"><a href=\"https:\/\/blog.birders-hf.de\/wp-content\/uploads\/2025\/12\/02_SM_DU.jpg\" target=\"_blank\" rel=\" noreferrer noopener\"><img loading=\"lazy\" decoding=\"async\" width=\"1024\" height=\"683\" src=\"https:\/\/blog.birders-hf.de\/wp-content\/uploads\/2025\/12\/02_SM_DU-1024x683.jpg\" alt=\"\" class=\"wp-image-25775\" srcset=\"https:\/\/blog.birders-hf.de\/wp-content\/uploads\/2025\/12\/02_SM_DU-1024x683.jpg 1024w, https:\/\/blog.birders-hf.de\/wp-content\/uploads\/2025\/12\/02_SM_DU-480x320.jpg 480w, https:\/\/blog.birders-hf.de\/wp-content\/uploads\/2025\/12\/02_SM_DU-768x512.jpg 768w, https:\/\/blog.birders-hf.de\/wp-content\/uploads\/2025\/12\/02_SM_DU-1536x1024.jpg 1536w, https:\/\/blog.birders-hf.de\/wp-content\/uploads\/2025\/12\/02_SM_DU-2048x1366.jpg 2048w\" sizes=\"auto, (max-width: 1024px) 100vw, 1024px\" \/><\/a><\/figure>\n\n\n\n<p><br>N\u00e4chster Halt: Osterfeiner H\u00fctte. Zum Gl\u00fcck kam uns fr\u00fch ein netter Fotografenkollege aus B\u00fcnde entgegen und teilte uns mit, das an der H\u00fctte nicht ein einziger Vogel zu sehen war!<br><br>Also wieder ins Auto und weiter Richtung Heemke und Langenteilen.<br><br>In diesem Fall war es absolutes Gl\u00fcck, das wir fr\u00fcher hier waren, denn wir entdeckten den ebenfalls bekannten sehr hellen <span style=\"text-decoration: underline;\">M\u00e4usebussard<\/span> auf einem Feld.<br><br>Auch etwas weiter weg, aber er flog seltsamerweise nicht ab. Auch nachdem er sich in die Wiese &#8222;erleichtert&#8220; hatte (ein Todsicheres Zeichen f\u00fcr einen baldigen Abflug), blieb er sitzen.<br><br>An Marcel vorbei, konnte ich durch die ge\u00f6ffnete Scheibe der Beifahrert\u00fcr den Moment aufnehmen.<\/p>\n\n\n\n<figure class=\"wp-block-image size-large\"><a href=\"https:\/\/blog.birders-hf.de\/wp-content\/uploads\/2025\/12\/03_SM_DU.jpg\" target=\"_blank\" rel=\" noreferrer noopener\"><img loading=\"lazy\" decoding=\"async\" width=\"1024\" height=\"683\" src=\"https:\/\/blog.birders-hf.de\/wp-content\/uploads\/2025\/12\/03_SM_DU-1024x683.jpg\" alt=\"\" class=\"wp-image-25776\" srcset=\"https:\/\/blog.birders-hf.de\/wp-content\/uploads\/2025\/12\/03_SM_DU-1024x683.jpg 1024w, https:\/\/blog.birders-hf.de\/wp-content\/uploads\/2025\/12\/03_SM_DU-480x320.jpg 480w, https:\/\/blog.birders-hf.de\/wp-content\/uploads\/2025\/12\/03_SM_DU-768x512.jpg 768w, https:\/\/blog.birders-hf.de\/wp-content\/uploads\/2025\/12\/03_SM_DU-1536x1024.jpg 1536w, https:\/\/blog.birders-hf.de\/wp-content\/uploads\/2025\/12\/03_SM_DU-2048x1366.jpg 2048w\" sizes=\"auto, (max-width: 1024px) 100vw, 1024px\" \/><\/a><\/figure>\n\n\n\n<p>Uns war ziemlich schnell klar, der muss Beute haben und haut gleich ab!<br><br>Marcel machte sich mit den passenden Einstellungen an der Kamera schussbereit und ich schlich mich aus der Fahrert\u00fcr raus und langsam um das Auto rum. Leider zu sp\u00e4t, er war schon abgeflogen!<br><br>Aber Marcel hat ihn MEGA erwischt, freut Euch jetzt schonmal auf seine Bilder!!!<br><br><br>Etwas sp\u00e4ter konnten wir noch einige <span style=\"text-decoration: underline;\">Stare<\/span> in der Wiese beobachten.<\/p>\n\n\n\n<figure class=\"wp-block-image size-large\"><a href=\"https:\/\/blog.birders-hf.de\/wp-content\/uploads\/2025\/12\/04_ST_DU.jpg\" target=\"_blank\" rel=\" noreferrer noopener\"><img loading=\"lazy\" decoding=\"async\" width=\"1024\" height=\"683\" src=\"https:\/\/blog.birders-hf.de\/wp-content\/uploads\/2025\/12\/04_ST_DU-1024x683.jpg\" alt=\"\" class=\"wp-image-25777\" srcset=\"https:\/\/blog.birders-hf.de\/wp-content\/uploads\/2025\/12\/04_ST_DU-1024x683.jpg 1024w, https:\/\/blog.birders-hf.de\/wp-content\/uploads\/2025\/12\/04_ST_DU-480x320.jpg 480w, https:\/\/blog.birders-hf.de\/wp-content\/uploads\/2025\/12\/04_ST_DU-768x512.jpg 768w, https:\/\/blog.birders-hf.de\/wp-content\/uploads\/2025\/12\/04_ST_DU-1536x1024.jpg 1536w, https:\/\/blog.birders-hf.de\/wp-content\/uploads\/2025\/12\/04_ST_DU-2048x1366.jpg 2048w\" sizes=\"auto, (max-width: 1024px) 100vw, 1024px\" \/><\/a><\/figure>\n\n\n\n<p><br>Es waren heute auch mehr Turmfalken im Gebiet, leider bleiben die Kollegen nie in brauchbarer Entfernung sitzen. Trotzdem mal einen aus weiter Entfernung abgelichtet.<br><br>Was wir zu dem Zeitpunkt noch nicht bemerkt hatten, es handelte sich bei dem einen Vogel um einen weiblichen <span style=\"text-decoration: underline;\">Merlin<\/span>! &lt;&lt;&lt;&#8212; <span style=\"text-decoration: underline;\">Neue Info<\/span>: Es handelt sich um einen <strong>Jungvogel<\/strong> aus diesem Jahr, Geschlecht unbekannt.<\/p>\n\n\n\n<figure class=\"wp-block-image size-large\"><a href=\"https:\/\/blog.birders-hf.de\/wp-content\/uploads\/2025\/12\/05_ML_DU.jpg\" target=\"_blank\" rel=\" noreferrer noopener\"><img loading=\"lazy\" decoding=\"async\" width=\"1024\" height=\"683\" src=\"https:\/\/blog.birders-hf.de\/wp-content\/uploads\/2025\/12\/05_ML_DU-1024x683.jpg\" alt=\"\" class=\"wp-image-25778\" srcset=\"https:\/\/blog.birders-hf.de\/wp-content\/uploads\/2025\/12\/05_ML_DU-1024x683.jpg 1024w, https:\/\/blog.birders-hf.de\/wp-content\/uploads\/2025\/12\/05_ML_DU-480x320.jpg 480w, https:\/\/blog.birders-hf.de\/wp-content\/uploads\/2025\/12\/05_ML_DU-768x512.jpg 768w, https:\/\/blog.birders-hf.de\/wp-content\/uploads\/2025\/12\/05_ML_DU-1536x1024.jpg 1536w, https:\/\/blog.birders-hf.de\/wp-content\/uploads\/2025\/12\/05_ML_DU.jpg 1920w\" sizes=\"auto, (max-width: 1024px) 100vw, 1024px\" \/><\/a><\/figure>\n\n\n\n<p>Sp\u00e4ter hatten wir noch ein Erlebnis, wo ein vermeintlicher Turmfalke eine Pfahlreihe entlangflog und w\u00e4hrenddessen ein wirklich blitzschnelles Ausweichman\u00f6ver um einen der Pf\u00e4hle machte. Da war schon klar, das es was anderes gewesen sein musste.<br><br>Auf dem R\u00fcckweg hatten wir noch eine Begegnung mit einem <span style=\"text-decoration: underline;\">M\u00e4usebussard<\/span>, welcher eine Maus erbeutet hatte, den habe ich wenigstens halbwegs brauchbar im Flug erwischt.<\/p>\n\n\n\n<figure class=\"wp-block-image size-large\"><a href=\"https:\/\/blog.birders-hf.de\/wp-content\/uploads\/2025\/12\/06_MB_DU.jpg\" target=\"_blank\" rel=\" noreferrer noopener\"><img loading=\"lazy\" decoding=\"async\" width=\"1024\" height=\"683\" src=\"https:\/\/blog.birders-hf.de\/wp-content\/uploads\/2025\/12\/06_MB_DU-1024x683.jpg\" alt=\"\" class=\"wp-image-25779\" srcset=\"https:\/\/blog.birders-hf.de\/wp-content\/uploads\/2025\/12\/06_MB_DU-1024x683.jpg 1024w, https:\/\/blog.birders-hf.de\/wp-content\/uploads\/2025\/12\/06_MB_DU-480x320.jpg 480w, https:\/\/blog.birders-hf.de\/wp-content\/uploads\/2025\/12\/06_MB_DU-768x512.jpg 768w, https:\/\/blog.birders-hf.de\/wp-content\/uploads\/2025\/12\/06_MB_DU-1536x1024.jpg 1536w, https:\/\/blog.birders-hf.de\/wp-content\/uploads\/2025\/12\/06_MB_DU.jpg 1920w\" sizes=\"auto, (max-width: 1024px) 100vw, 1024px\" \/><\/a><\/figure>\n\n\n\n<p><br>Alles in allem ein toller Tag mit vielen sch\u00f6nen Beobachtungen und einigen brauchbaren Fotos.<br><br>Aber ich w\u00fcrde L\u00fcgen, wenn ich sagen w\u00fcrde, das ich nicht neidisch auf Marcel&#8217;s Gl\u00fcck mit dem hellen Bussard w\u00e4re!<br><br><br>MfG L.E. \ud83d\ude09<\/p>\n\n\n\n<p><\/p>\n","protected":false},"excerpt":{"rendered":"<p>Also der See, nicht der Verstand! \ud83d\ude1c Marcel und meine Wenigkeit sind heute passend zum Sonnenaufgang zum D\u00fcmmer See gefahren. Erster Halt in den Teichwiesen. Weiter dann zur Huntem\u00fcndung, dort &hellip; <a href=\"https:\/\/blog.birders-hf.de\/index.php\/2025\/12\/15\/duemmer-mit-marcel\/\" class=\"more-link\"><span class=\"screen-reader-text\">D\u00fcmmer mit Marcel!<\/span> weiterlesen <span class=\"meta-nav\">&rarr;<\/span><\/a><\/p>\n","protected":false},"author":11,"featured_media":0,"comment_status":"open","ping_status":"open","sticky":false,"template":"","format":"standard","meta":{"footnotes":""},"categories":[1],"tags":[],"class_list":["post-25773","post","type-post","status-publish","format-standard","hentry","category-birding"],"_links":{"self":[{"href":"https:\/\/blog.birders-hf.de\/index.php\/wp-json\/wp\/v2\/posts\/25773","targetHints":{"allow":["GET"]}}],"collection":[{"href":"https:\/\/blog.birders-hf.de\/index.php\/wp-json\/wp\/v2\/posts"}],"about":[{"href":"https:\/\/blog.birders-hf.de\/index.php\/wp-json\/wp\/v2\/types\/post"}],"author":[{"embeddable":true,"href":"https:\/\/blog.birders-hf.de\/index.php\/wp-json\/wp\/v2\/users\/11"}],"replies":[{"embeddable":true,"href":"https:\/\/blog.birders-hf.de\/index.php\/wp-json\/wp\/v2\/comments?post=25773"}],"version-history":[{"count":8,"href":"https:\/\/blog.birders-hf.de\/index.php\/wp-json\/wp\/v2\/posts\/25773\/revisions"}],"predecessor-version":[{"id":25788,"href":"https:\/\/blog.birders-hf.de\/index.php\/wp-json\/wp\/v2\/posts\/25773\/revisions\/25788"}],"wp:attachment":[{"href":"https:\/\/blog.birders-hf.de\/index.php\/wp-json\/wp\/v2\/media?parent=25773"}],"wp:term":[{"taxonomy":"category","embeddable":true,"href":"https:\/\/blog.birders-hf.de\/index.php\/wp-json\/wp\/v2\/categories?post=25773"},{"taxonomy":"post_tag","embeddable":true,"href":"https:\/\/blog.birders-hf.de\/index.php\/wp-json\/wp\/v2\/tags?post=25773"}],"curies":[{"name":"wp","href":"https:\/\/api.w.org\/{rel}","templated":true}]}}