{"id":25763,"date":"2025-12-14T19:15:41","date_gmt":"2025-12-14T18:15:41","guid":{"rendered":"https:\/\/blog.birders-hf.de\/?p=25763"},"modified":"2025-12-14T20:58:48","modified_gmt":"2025-12-14T19:58:48","slug":"wasseramsel-eisvogel-paderquellen","status":"publish","type":"post","link":"https:\/\/blog.birders-hf.de\/index.php\/2025\/12\/14\/wasseramsel-eisvogel-paderquellen\/","title":{"rendered":"Wasseramsel &amp; Eisvogel &#8211; Paderquellen."},"content":{"rendered":"\n<p>Da der Wetterbericht f\u00fcr Paderborn gr\u00f6\u00dfere Chancen auf Sonne versprach, ging es heute ins Paderquellgebiet. Zielarten dort nat\u00fcrlich Gebirgsstelze, Wasseramsel und Eisvogel.<br><br>Die <span style=\"text-decoration: underline;\">Wasseramsel<\/span> pr\u00e4sentierte sich heute wieder besonders gut und f\u00fchrte ihre Tauchg\u00e4nge vor.<\/p>\n\n\n\n<figure class=\"wp-block-image size-large\"><a href=\"https:\/\/blog.birders-hf.de\/wp-content\/uploads\/2025\/12\/01_WA_PB.jpg\" target=\"_blank\" rel=\" noreferrer noopener\"><img loading=\"lazy\" decoding=\"async\" width=\"1024\" height=\"683\" src=\"https:\/\/blog.birders-hf.de\/wp-content\/uploads\/2025\/12\/01_WA_PB-1024x683.jpg\" alt=\"\" class=\"wp-image-25764\" srcset=\"https:\/\/blog.birders-hf.de\/wp-content\/uploads\/2025\/12\/01_WA_PB-1024x683.jpg 1024w, https:\/\/blog.birders-hf.de\/wp-content\/uploads\/2025\/12\/01_WA_PB-480x320.jpg 480w, https:\/\/blog.birders-hf.de\/wp-content\/uploads\/2025\/12\/01_WA_PB-768x512.jpg 768w, https:\/\/blog.birders-hf.de\/wp-content\/uploads\/2025\/12\/01_WA_PB-1536x1024.jpg 1536w, https:\/\/blog.birders-hf.de\/wp-content\/uploads\/2025\/12\/01_WA_PB-2048x1366.jpg 2048w\" sizes=\"auto, (max-width: 1024px) 100vw, 1024px\" \/><\/a><\/figure>\n\n\n\n<figure class=\"wp-block-image size-large\"><a href=\"https:\/\/blog.birders-hf.de\/wp-content\/uploads\/2025\/12\/02_WA_PB.jpg\" target=\"_blank\" rel=\" noreferrer noopener\"><img loading=\"lazy\" decoding=\"async\" width=\"1024\" height=\"683\" src=\"https:\/\/blog.birders-hf.de\/wp-content\/uploads\/2025\/12\/02_WA_PB-1024x683.jpg\" alt=\"\" class=\"wp-image-25765\" srcset=\"https:\/\/blog.birders-hf.de\/wp-content\/uploads\/2025\/12\/02_WA_PB-1024x683.jpg 1024w, https:\/\/blog.birders-hf.de\/wp-content\/uploads\/2025\/12\/02_WA_PB-480x320.jpg 480w, https:\/\/blog.birders-hf.de\/wp-content\/uploads\/2025\/12\/02_WA_PB-768x512.jpg 768w, https:\/\/blog.birders-hf.de\/wp-content\/uploads\/2025\/12\/02_WA_PB-1536x1024.jpg 1536w, https:\/\/blog.birders-hf.de\/wp-content\/uploads\/2025\/12\/02_WA_PB-2048x1366.jpg 2048w\" sizes=\"auto, (max-width: 1024px) 100vw, 1024px\" \/><\/a><\/figure>\n\n\n\n<figure class=\"wp-block-image size-large\"><a href=\"https:\/\/blog.birders-hf.de\/wp-content\/uploads\/2025\/12\/03_WA_PB.jpg\" target=\"_blank\" rel=\" noreferrer noopener\"><img loading=\"lazy\" decoding=\"async\" width=\"1024\" height=\"683\" src=\"https:\/\/blog.birders-hf.de\/wp-content\/uploads\/2025\/12\/03_WA_PB-1024x683.jpg\" alt=\"\" class=\"wp-image-25766\" srcset=\"https:\/\/blog.birders-hf.de\/wp-content\/uploads\/2025\/12\/03_WA_PB-1024x683.jpg 1024w, https:\/\/blog.birders-hf.de\/wp-content\/uploads\/2025\/12\/03_WA_PB-480x320.jpg 480w, https:\/\/blog.birders-hf.de\/wp-content\/uploads\/2025\/12\/03_WA_PB-768x512.jpg 768w, https:\/\/blog.birders-hf.de\/wp-content\/uploads\/2025\/12\/03_WA_PB-1536x1024.jpg 1536w, https:\/\/blog.birders-hf.de\/wp-content\/uploads\/2025\/12\/03_WA_PB-2048x1366.jpg 2048w\" sizes=\"auto, (max-width: 1024px) 100vw, 1024px\" \/><\/a><\/figure>\n\n\n\n<p>Zwischendurch sang die Wasseramsel ihre wundersch\u00f6ne Melodie. F\u00fchlte sich fast wie Fr\u00fchling an!<br><br>Der <span style=\"text-decoration: underline;\">Eisvogel<\/span> war heute ebenfalls sehr aktiv, setzte sich aber oft in die Zweige und man musste g\u00fcnstig stehen, damit er keinen Ast vorm Kopf hatte.<\/p>\n\n\n\n<figure class=\"wp-block-image size-large\"><a href=\"https:\/\/blog.birders-hf.de\/wp-content\/uploads\/2025\/12\/04_EV_PB.jpg\" target=\"_blank\" rel=\" noreferrer noopener\"><img loading=\"lazy\" decoding=\"async\" width=\"1024\" height=\"683\" src=\"https:\/\/blog.birders-hf.de\/wp-content\/uploads\/2025\/12\/04_EV_PB-1024x683.jpg\" alt=\"\" class=\"wp-image-25767\" srcset=\"https:\/\/blog.birders-hf.de\/wp-content\/uploads\/2025\/12\/04_EV_PB-1024x683.jpg 1024w, https:\/\/blog.birders-hf.de\/wp-content\/uploads\/2025\/12\/04_EV_PB-480x320.jpg 480w, https:\/\/blog.birders-hf.de\/wp-content\/uploads\/2025\/12\/04_EV_PB-768x512.jpg 768w, https:\/\/blog.birders-hf.de\/wp-content\/uploads\/2025\/12\/04_EV_PB-1536x1024.jpg 1536w, https:\/\/blog.birders-hf.de\/wp-content\/uploads\/2025\/12\/04_EV_PB-2048x1366.jpg 2048w\" sizes=\"auto, (max-width: 1024px) 100vw, 1024px\" \/><\/a><\/figure>\n\n\n\n<p><br>Einmal sass er dann aber ziemlich perfekt, was die zahlreichen Fotografen erfreute.<\/p>\n\n\n\n<figure class=\"wp-block-image size-large\"><a href=\"https:\/\/blog.birders-hf.de\/wp-content\/uploads\/2025\/12\/05_EV_PB.jpg\" target=\"_blank\" rel=\" noreferrer noopener\"><img loading=\"lazy\" decoding=\"async\" width=\"1024\" height=\"683\" src=\"https:\/\/blog.birders-hf.de\/wp-content\/uploads\/2025\/12\/05_EV_PB-1024x683.jpg\" alt=\"\" class=\"wp-image-25768\" srcset=\"https:\/\/blog.birders-hf.de\/wp-content\/uploads\/2025\/12\/05_EV_PB-1024x683.jpg 1024w, https:\/\/blog.birders-hf.de\/wp-content\/uploads\/2025\/12\/05_EV_PB-480x320.jpg 480w, https:\/\/blog.birders-hf.de\/wp-content\/uploads\/2025\/12\/05_EV_PB-768x512.jpg 768w, https:\/\/blog.birders-hf.de\/wp-content\/uploads\/2025\/12\/05_EV_PB-1536x1024.jpg 1536w, https:\/\/blog.birders-hf.de\/wp-content\/uploads\/2025\/12\/05_EV_PB-2048x1366.jpg 2048w\" sizes=\"auto, (max-width: 1024px) 100vw, 1024px\" \/><\/a><\/figure>\n\n\n\n<p><br>An dieser Stelle m\u00f6chte ich mal die Stadt Paderborn f\u00fcr Ihren Weihnachtsmarkt loben!<br><br>Wirklich toll gemacht und eine super Atmosph\u00e4re!<br><br>Wer vor Ort ist, sollte dem Markt einen Besuch abstatten.<\/p>\n\n\n\n<figure class=\"wp-block-image size-large\"><a href=\"https:\/\/blog.birders-hf.de\/wp-content\/uploads\/2025\/12\/06_WM_PB.jpg\" target=\"_blank\" rel=\" noreferrer noopener\"><img loading=\"lazy\" decoding=\"async\" width=\"683\" height=\"1024\" src=\"https:\/\/blog.birders-hf.de\/wp-content\/uploads\/2025\/12\/06_WM_PB-683x1024.jpg\" alt=\"\" class=\"wp-image-25769\" srcset=\"https:\/\/blog.birders-hf.de\/wp-content\/uploads\/2025\/12\/06_WM_PB-683x1024.jpg 683w, https:\/\/blog.birders-hf.de\/wp-content\/uploads\/2025\/12\/06_WM_PB-320x480.jpg 320w, https:\/\/blog.birders-hf.de\/wp-content\/uploads\/2025\/12\/06_WM_PB-768x1152.jpg 768w, https:\/\/blog.birders-hf.de\/wp-content\/uploads\/2025\/12\/06_WM_PB-1024x1536.jpg 1024w, https:\/\/blog.birders-hf.de\/wp-content\/uploads\/2025\/12\/06_WM_PB-1366x2048.jpg 1366w, https:\/\/blog.birders-hf.de\/wp-content\/uploads\/2025\/12\/06_WM_PB.jpg 1707w\" sizes=\"auto, (max-width: 683px) 100vw, 683px\" \/><\/a><\/figure>\n\n\n\n<p><br>Weiter rauszoomen ging leider nicht, bei 200mm war Schluss! \ud83d\ude09<br><br><br>MfG L.E.<\/p>\n","protected":false},"excerpt":{"rendered":"<p>Da der Wetterbericht f\u00fcr Paderborn gr\u00f6\u00dfere Chancen auf Sonne versprach, ging es heute ins Paderquellgebiet. Zielarten dort nat\u00fcrlich Gebirgsstelze, Wasseramsel und Eisvogel. Die Wasseramsel pr\u00e4sentierte sich heute wieder besonders gut &hellip; <a href=\"https:\/\/blog.birders-hf.de\/index.php\/2025\/12\/14\/wasseramsel-eisvogel-paderquellen\/\" class=\"more-link\"><span class=\"screen-reader-text\">Wasseramsel &amp; Eisvogel &#8211; Paderquellen.<\/span> weiterlesen <span class=\"meta-nav\">&rarr;<\/span><\/a><\/p>\n","protected":false},"author":11,"featured_media":0,"comment_status":"open","ping_status":"open","sticky":false,"template":"","format":"standard","meta":{"footnotes":""},"categories":[1],"tags":[],"class_list":["post-25763","post","type-post","status-publish","format-standard","hentry","category-birding"],"_links":{"self":[{"href":"https:\/\/blog.birders-hf.de\/index.php\/wp-json\/wp\/v2\/posts\/25763","targetHints":{"allow":["GET"]}}],"collection":[{"href":"https:\/\/blog.birders-hf.de\/index.php\/wp-json\/wp\/v2\/posts"}],"about":[{"href":"https:\/\/blog.birders-hf.de\/index.php\/wp-json\/wp\/v2\/types\/post"}],"author":[{"embeddable":true,"href":"https:\/\/blog.birders-hf.de\/index.php\/wp-json\/wp\/v2\/users\/11"}],"replies":[{"embeddable":true,"href":"https:\/\/blog.birders-hf.de\/index.php\/wp-json\/wp\/v2\/comments?post=25763"}],"version-history":[{"count":3,"href":"https:\/\/blog.birders-hf.de\/index.php\/wp-json\/wp\/v2\/posts\/25763\/revisions"}],"predecessor-version":[{"id":25772,"href":"https:\/\/blog.birders-hf.de\/index.php\/wp-json\/wp\/v2\/posts\/25763\/revisions\/25772"}],"wp:attachment":[{"href":"https:\/\/blog.birders-hf.de\/index.php\/wp-json\/wp\/v2\/media?parent=25763"}],"wp:term":[{"taxonomy":"category","embeddable":true,"href":"https:\/\/blog.birders-hf.de\/index.php\/wp-json\/wp\/v2\/categories?post=25763"},{"taxonomy":"post_tag","embeddable":true,"href":"https:\/\/blog.birders-hf.de\/index.php\/wp-json\/wp\/v2\/tags?post=25763"}],"curies":[{"name":"wp","href":"https:\/\/api.w.org\/{rel}","templated":true}]}}