{"id":25696,"date":"2025-12-11T19:38:02","date_gmt":"2025-12-11T18:38:02","guid":{"rendered":"https:\/\/blog.birders-hf.de\/?p=25696"},"modified":"2025-12-11T19:38:02","modified_gmt":"2025-12-11T18:38:02","slug":"besuch-aus-dem-norden-im-grossen-torfmoor","status":"publish","type":"post","link":"https:\/\/blog.birders-hf.de\/index.php\/2025\/12\/11\/besuch-aus-dem-norden-im-grossen-torfmoor\/","title":{"rendered":"Besuch aus dem Norden im Gro\u00dfen Torfmoor"},"content":{"rendered":"\n<p>Moin zusammen,<\/p>\n\n\n\n<p>lange ist es her, dass ich das letzte mal im Torfmoor unterwegs war. War ein richtig sch\u00f6ner Tag heute. Auch wenn es anfangs kaum etwas zu sichten gab. Aber ich liebe einfach diese Stimmung im Moor.<\/p>\n\n\n\n<p>Nach ungef\u00e4hr einer Stunde wurden die Motive zahlreicher. Den Anfang hat der <strong>Eichelh\u00e4her<\/strong> gemacht. Die waren heute sehr flei\u00dfig. Und trotzdem ist es nicht leicht sch\u00f6ne Fotos von ihnen zu bekommen.<\/p>\n\n\n\n<figure class=\"wp-block-image size-large\"><a href=\"https:\/\/blog.birders-hf.de\/wp-content\/uploads\/2025\/12\/A1_08396-scaled.jpg\" target=\"_blank\" rel=\" noreferrer noopener\"><img loading=\"lazy\" decoding=\"async\" width=\"1024\" height=\"768\" src=\"https:\/\/blog.birders-hf.de\/wp-content\/uploads\/2025\/12\/A1_08396-1024x768.jpg\" alt=\"\" class=\"wp-image-25697\" srcset=\"https:\/\/blog.birders-hf.de\/wp-content\/uploads\/2025\/12\/A1_08396-1024x768.jpg 1024w, https:\/\/blog.birders-hf.de\/wp-content\/uploads\/2025\/12\/A1_08396-480x360.jpg 480w, https:\/\/blog.birders-hf.de\/wp-content\/uploads\/2025\/12\/A1_08396-768x576.jpg 768w, https:\/\/blog.birders-hf.de\/wp-content\/uploads\/2025\/12\/A1_08396-1536x1152.jpg 1536w, https:\/\/blog.birders-hf.de\/wp-content\/uploads\/2025\/12\/A1_08396-2048x1536.jpg 2048w\" sizes=\"auto, (max-width: 1024px) 100vw, 1024px\" \/><\/a><\/figure>\n\n\n\n<p>Kurze Zeit wurden die Eichelh\u00e4her extrem nerv\u00f6s und haben viel Alarm gemacht. Ein Greifer flog durch den Wald, doch ich konnte zuerst nicht erkennen um wen es sich handelt. Ich hatte erst an einen Habicht gedacht, da er f\u00fcr einen Sperber zu gro\u00df war. Ich konnte ihm aber gut folgen, da er sich immer in der N\u00e4he des Weges aufgehalten hat. Am Ende hat sich dann herausgestellt, dass es dieser sch\u00f6ne dunkle <strong>M\u00e4usebussard<\/strong> war.<\/p>\n\n\n\n<figure class=\"wp-block-image size-large\"><a href=\"https:\/\/blog.birders-hf.de\/wp-content\/uploads\/2025\/12\/A1_08498.jpg\" target=\"_blank\" rel=\" noreferrer noopener\"><img loading=\"lazy\" decoding=\"async\" width=\"1024\" height=\"768\" src=\"https:\/\/blog.birders-hf.de\/wp-content\/uploads\/2025\/12\/A1_08498-1024x768.jpg\" alt=\"\" class=\"wp-image-25698\" srcset=\"https:\/\/blog.birders-hf.de\/wp-content\/uploads\/2025\/12\/A1_08498-1024x768.jpg 1024w, https:\/\/blog.birders-hf.de\/wp-content\/uploads\/2025\/12\/A1_08498-480x360.jpg 480w, https:\/\/blog.birders-hf.de\/wp-content\/uploads\/2025\/12\/A1_08498-768x576.jpg 768w, https:\/\/blog.birders-hf.de\/wp-content\/uploads\/2025\/12\/A1_08498-1536x1152.jpg 1536w, https:\/\/blog.birders-hf.de\/wp-content\/uploads\/2025\/12\/A1_08498-2048x1536.jpg 2048w\" sizes=\"auto, (max-width: 1024px) 100vw, 1024px\" \/><\/a><\/figure>\n\n\n\n<p>Immer wieder ein sch\u00f6ner Anblick. Er blieb noch eine Weile dort sitzen w\u00e4hrend ich das n\u00e4chste Highlight vor die Linse bekommen habe. Und zwar diese sch\u00f6ne nordeurop\u00e4ische Unterart der <strong>Schwanzmeise (Aegithalos caudatus caudatus)<\/strong><\/p>\n\n\n\n<figure class=\"wp-block-image size-large\"><a href=\"https:\/\/blog.birders-hf.de\/wp-content\/uploads\/2025\/12\/A1_08878-scaled.jpg\" target=\"_blank\" rel=\" noreferrer noopener\"><img loading=\"lazy\" decoding=\"async\" width=\"1024\" height=\"768\" src=\"https:\/\/blog.birders-hf.de\/wp-content\/uploads\/2025\/12\/A1_08878-1024x768.jpg\" alt=\"\" class=\"wp-image-25699\" srcset=\"https:\/\/blog.birders-hf.de\/wp-content\/uploads\/2025\/12\/A1_08878-1024x768.jpg 1024w, https:\/\/blog.birders-hf.de\/wp-content\/uploads\/2025\/12\/A1_08878-480x360.jpg 480w, https:\/\/blog.birders-hf.de\/wp-content\/uploads\/2025\/12\/A1_08878-768x576.jpg 768w, https:\/\/blog.birders-hf.de\/wp-content\/uploads\/2025\/12\/A1_08878-1536x1152.jpg 1536w, https:\/\/blog.birders-hf.de\/wp-content\/uploads\/2025\/12\/A1_08878-2048x1536.jpg 2048w\" sizes=\"auto, (max-width: 1024px) 100vw, 1024px\" \/><\/a><\/figure>\n\n\n\n<figure class=\"wp-block-image size-large\"><a href=\"https:\/\/blog.birders-hf.de\/wp-content\/uploads\/2025\/12\/A1_08995-scaled.jpg\" target=\"_blank\" rel=\" noreferrer noopener\"><img loading=\"lazy\" decoding=\"async\" width=\"1024\" height=\"768\" src=\"https:\/\/blog.birders-hf.de\/wp-content\/uploads\/2025\/12\/A1_08995-1024x768.jpg\" alt=\"\" class=\"wp-image-25700\" srcset=\"https:\/\/blog.birders-hf.de\/wp-content\/uploads\/2025\/12\/A1_08995-1024x768.jpg 1024w, https:\/\/blog.birders-hf.de\/wp-content\/uploads\/2025\/12\/A1_08995-480x360.jpg 480w, https:\/\/blog.birders-hf.de\/wp-content\/uploads\/2025\/12\/A1_08995-768x576.jpg 768w, https:\/\/blog.birders-hf.de\/wp-content\/uploads\/2025\/12\/A1_08995-1536x1152.jpg 1536w, https:\/\/blog.birders-hf.de\/wp-content\/uploads\/2025\/12\/A1_08995-2048x1536.jpg 2048w\" sizes=\"auto, (max-width: 1024px) 100vw, 1024px\" \/><\/a><\/figure>\n\n\n\n<p>Die sind so unheimlich niedlich. Schade, dass man die hier nur im Winter beobachten kann.<\/p>\n\n\n\n<p>Der Bussard hatte dann auch genug und ist abgeflogen. Das Spektakel mit den Schwanzmeisen war auch sehr schnell wieder vorbei, deshalb ging es auch bei mir weiter.<\/p>\n\n\n\n<p>Von den beiden n\u00e4chsten habe ich leider nicht so sch\u00f6ne Fotos. Die sa\u00dfen leider ziemlich ung\u00fcnstig im Gegenlicht. Aber als Belegaufnahmen sind die noch mehr als gut zu gebrauchen. Einmal der <strong>Birkenzeisig<\/strong><\/p>\n\n\n\n<figure class=\"wp-block-image size-large\"><a href=\"https:\/\/blog.birders-hf.de\/wp-content\/uploads\/2025\/12\/A1_09159.jpg\" target=\"_blank\" rel=\" noreferrer noopener\"><img loading=\"lazy\" decoding=\"async\" width=\"1024\" height=\"768\" src=\"https:\/\/blog.birders-hf.de\/wp-content\/uploads\/2025\/12\/A1_09159-1024x768.jpg\" alt=\"\" class=\"wp-image-25701\" srcset=\"https:\/\/blog.birders-hf.de\/wp-content\/uploads\/2025\/12\/A1_09159-1024x768.jpg 1024w, https:\/\/blog.birders-hf.de\/wp-content\/uploads\/2025\/12\/A1_09159-480x360.jpg 480w, https:\/\/blog.birders-hf.de\/wp-content\/uploads\/2025\/12\/A1_09159-768x576.jpg 768w, https:\/\/blog.birders-hf.de\/wp-content\/uploads\/2025\/12\/A1_09159-1536x1152.jpg 1536w, https:\/\/blog.birders-hf.de\/wp-content\/uploads\/2025\/12\/A1_09159.jpg 1962w\" sizes=\"auto, (max-width: 1024px) 100vw, 1024px\" \/><\/a><\/figure>\n\n\n\n<p>und der <strong>Erlenzeisig<\/strong>.<\/p>\n\n\n\n<figure class=\"wp-block-image size-large\"><a href=\"https:\/\/blog.birders-hf.de\/wp-content\/uploads\/2025\/12\/A1_09230.jpg\" target=\"_blank\" rel=\" noreferrer noopener\"><img loading=\"lazy\" decoding=\"async\" width=\"1024\" height=\"768\" src=\"https:\/\/blog.birders-hf.de\/wp-content\/uploads\/2025\/12\/A1_09230-1024x768.jpg\" alt=\"\" class=\"wp-image-25702\" srcset=\"https:\/\/blog.birders-hf.de\/wp-content\/uploads\/2025\/12\/A1_09230-1024x768.jpg 1024w, https:\/\/blog.birders-hf.de\/wp-content\/uploads\/2025\/12\/A1_09230-480x360.jpg 480w, https:\/\/blog.birders-hf.de\/wp-content\/uploads\/2025\/12\/A1_09230-768x576.jpg 768w, https:\/\/blog.birders-hf.de\/wp-content\/uploads\/2025\/12\/A1_09230-1536x1152.jpg 1536w, https:\/\/blog.birders-hf.de\/wp-content\/uploads\/2025\/12\/A1_09230-2048x1536.jpg 2048w\" sizes=\"auto, (max-width: 1024px) 100vw, 1024px\" \/><\/a><\/figure>\n\n\n\n<p>Die beiden habe ich heute das erste mal vor die Linse bekommen. Das n\u00e4chste mal hoffe ich, dass ich die etwas besser erwische. Gl\u00fccklich bin ich aber trotzdem.<\/p>\n\n\n\n<p>Und dann war es auch schon langsam wieder Zeit nach Hause zu fahren. Endlich war das Wetter mal wieder so sch\u00f6n, dass man l\u00e4nger drau\u00dfen bleiben konnte. Morgen gehts dann zum D\u00fcmmer. Mal schauen ob das Wetter wieder auf meiner Seite sein wird und was es an Sichtungen geben wird.<\/p>\n\n\n\n<p>Gru\u00df<\/p>\n\n\n\n<p>Marcel<\/p>\n","protected":false},"excerpt":{"rendered":"<p>Moin zusammen, lange ist es her, dass ich das letzte mal im Torfmoor unterwegs war. War ein richtig sch\u00f6ner Tag heute. Auch wenn es anfangs kaum etwas zu sichten gab. &hellip; <a href=\"https:\/\/blog.birders-hf.de\/index.php\/2025\/12\/11\/besuch-aus-dem-norden-im-grossen-torfmoor\/\" class=\"more-link\"><span class=\"screen-reader-text\">Besuch aus dem Norden im Gro\u00dfen Torfmoor<\/span> weiterlesen <span class=\"meta-nav\">&rarr;<\/span><\/a><\/p>\n","protected":false},"author":12,"featured_media":0,"comment_status":"open","ping_status":"open","sticky":false,"template":"","format":"standard","meta":{"footnotes":""},"categories":[1],"tags":[],"class_list":["post-25696","post","type-post","status-publish","format-standard","hentry","category-birding"],"_links":{"self":[{"href":"https:\/\/blog.birders-hf.de\/index.php\/wp-json\/wp\/v2\/posts\/25696","targetHints":{"allow":["GET"]}}],"collection":[{"href":"https:\/\/blog.birders-hf.de\/index.php\/wp-json\/wp\/v2\/posts"}],"about":[{"href":"https:\/\/blog.birders-hf.de\/index.php\/wp-json\/wp\/v2\/types\/post"}],"author":[{"embeddable":true,"href":"https:\/\/blog.birders-hf.de\/index.php\/wp-json\/wp\/v2\/users\/12"}],"replies":[{"embeddable":true,"href":"https:\/\/blog.birders-hf.de\/index.php\/wp-json\/wp\/v2\/comments?post=25696"}],"version-history":[{"count":1,"href":"https:\/\/blog.birders-hf.de\/index.php\/wp-json\/wp\/v2\/posts\/25696\/revisions"}],"predecessor-version":[{"id":25703,"href":"https:\/\/blog.birders-hf.de\/index.php\/wp-json\/wp\/v2\/posts\/25696\/revisions\/25703"}],"wp:attachment":[{"href":"https:\/\/blog.birders-hf.de\/index.php\/wp-json\/wp\/v2\/media?parent=25696"}],"wp:term":[{"taxonomy":"category","embeddable":true,"href":"https:\/\/blog.birders-hf.de\/index.php\/wp-json\/wp\/v2\/categories?post=25696"},{"taxonomy":"post_tag","embeddable":true,"href":"https:\/\/blog.birders-hf.de\/index.php\/wp-json\/wp\/v2\/tags?post=25696"}],"curies":[{"name":"wp","href":"https:\/\/api.w.org\/{rel}","templated":true}]}}