{"id":25581,"date":"2025-11-26T20:34:18","date_gmt":"2025-11-26T19:34:18","guid":{"rendered":"https:\/\/blog.birders-hf.de\/?p=25581"},"modified":"2025-11-26T20:34:18","modified_gmt":"2025-11-26T19:34:18","slug":"ochsenmoor-im-garten","status":"publish","type":"post","link":"https:\/\/blog.birders-hf.de\/index.php\/2025\/11\/26\/ochsenmoor-im-garten\/","title":{"rendered":"Ochsenmoor im Garten!"},"content":{"rendered":"\n<p>Beim freischneiden eines Schuppens entdeckte ich die Tage hinter diesem, ein St\u00fcck Stacheldraht auf dem Zaun zum Nachbarn. Sofort dachte ich an die vielen Weidepf\u00e4hle mit dem Stacheldraht im Ochsenmoor am D\u00fcmmer.<br><br>Das l\u00e4sst sich doch in Miniaturformat nachbauen! Also den Draht entfernt und in 2 gleich lange St\u00fccke geteilt. Dann in 2 Ebenen zwischen 2 Pf\u00e4hle angebracht. Das Ganze nah am Futterbaum.<br><br>Es dauerte nicht lang und der erste &#8222;Kandidat&#8220;, eine Sumpfmeise, nutze die neue Anflugm\u00f6glichkeit. Nat\u00fcrlich auch angelockt von etwas Meisenkn\u00f6del, versteckt am linken Pfahl.<\/p>\n\n\n\n<figure class=\"wp-block-image size-large\"><a href=\"https:\/\/blog.birders-hf.de\/wp-content\/uploads\/2025\/11\/01_SM_BD-1.jpg\" target=\"_blank\" rel=\" noreferrer noopener\"><img loading=\"lazy\" decoding=\"async\" width=\"1024\" height=\"683\" src=\"https:\/\/blog.birders-hf.de\/wp-content\/uploads\/2025\/11\/01_SM_BD-1-1024x683.jpg\" alt=\"\" class=\"wp-image-25582\" srcset=\"https:\/\/blog.birders-hf.de\/wp-content\/uploads\/2025\/11\/01_SM_BD-1-1024x683.jpg 1024w, https:\/\/blog.birders-hf.de\/wp-content\/uploads\/2025\/11\/01_SM_BD-1-480x320.jpg 480w, https:\/\/blog.birders-hf.de\/wp-content\/uploads\/2025\/11\/01_SM_BD-1-768x512.jpg 768w, https:\/\/blog.birders-hf.de\/wp-content\/uploads\/2025\/11\/01_SM_BD-1-1536x1024.jpg 1536w, https:\/\/blog.birders-hf.de\/wp-content\/uploads\/2025\/11\/01_SM_BD-1-2048x1366.jpg 2048w\" sizes=\"auto, (max-width: 1024px) 100vw, 1024px\" \/><\/a><\/figure>\n\n\n\n<p><br>Ich konnte noch weitere V\u00f6gel auf dem Stacheldraht ablichten, aber entweder passte das Fotolicht nicht oder die V\u00f6gel schauten in die falsche Richtung. Mal schauen, wer sich da die Tage noch so alles nieder l\u00e4sst.<br><br>Eine <span style=\"text-decoration: underline;\">Sumpfmeise<\/span> konnte ich dann auch noch etwas besser auf dem Futterast ablichten.<\/p>\n\n\n\n<figure class=\"wp-block-image size-large\"><a href=\"https:\/\/blog.birders-hf.de\/wp-content\/uploads\/2025\/11\/02_SM_BD.jpg\" target=\"_blank\" rel=\" noreferrer noopener\"><img loading=\"lazy\" decoding=\"async\" width=\"1024\" height=\"683\" src=\"https:\/\/blog.birders-hf.de\/wp-content\/uploads\/2025\/11\/02_SM_BD-1024x683.jpg\" alt=\"\" class=\"wp-image-25583\" srcset=\"https:\/\/blog.birders-hf.de\/wp-content\/uploads\/2025\/11\/02_SM_BD-1024x683.jpg 1024w, https:\/\/blog.birders-hf.de\/wp-content\/uploads\/2025\/11\/02_SM_BD-480x320.jpg 480w, https:\/\/blog.birders-hf.de\/wp-content\/uploads\/2025\/11\/02_SM_BD-768x512.jpg 768w, https:\/\/blog.birders-hf.de\/wp-content\/uploads\/2025\/11\/02_SM_BD-1536x1024.jpg 1536w, https:\/\/blog.birders-hf.de\/wp-content\/uploads\/2025\/11\/02_SM_BD-2048x1366.jpg 2048w\" sizes=\"auto, (max-width: 1024px) 100vw, 1024px\" \/><\/a><\/figure>\n\n\n\n<p>Es sind immer zwei Sumpfmeisen vor Ort, ob dies nun die vom Draht oder eine andere war, kann ich nicht mit Gewissheit sagen.<br><br>Gerne landen die V\u00f6gel auch auf dem Dach eines ehemaligen &#8222;H\u00fchnerhauses&#8220;, welches neben dem Futterbaum steht. In diesem Fall ein m\u00e4nnlicher <span style=\"text-decoration: underline;\">Buchfink<\/span>.<\/p>\n\n\n\n<figure class=\"wp-block-image size-large\"><a href=\"https:\/\/blog.birders-hf.de\/wp-content\/uploads\/2025\/11\/03_BF_BD.jpg\" target=\"_blank\" rel=\" noreferrer noopener\"><img loading=\"lazy\" decoding=\"async\" width=\"1024\" height=\"683\" src=\"https:\/\/blog.birders-hf.de\/wp-content\/uploads\/2025\/11\/03_BF_BD-1024x683.jpg\" alt=\"\" class=\"wp-image-25584\" srcset=\"https:\/\/blog.birders-hf.de\/wp-content\/uploads\/2025\/11\/03_BF_BD-1024x683.jpg 1024w, https:\/\/blog.birders-hf.de\/wp-content\/uploads\/2025\/11\/03_BF_BD-480x320.jpg 480w, https:\/\/blog.birders-hf.de\/wp-content\/uploads\/2025\/11\/03_BF_BD-768x512.jpg 768w, https:\/\/blog.birders-hf.de\/wp-content\/uploads\/2025\/11\/03_BF_BD-1536x1024.jpg 1536w, https:\/\/blog.birders-hf.de\/wp-content\/uploads\/2025\/11\/03_BF_BD-2048x1366.jpg 2048w\" sizes=\"auto, (max-width: 1024px) 100vw, 1024px\" \/><\/a><\/figure>\n\n\n\n<p><br>Ebenfalls nutzt auch die <span style=\"text-decoration: underline;\">Heckenbraunelle<\/span> dieses Dach, da immer mal wieder Futter auf die moosbewachsenen Dachpfannen f\u00e4llt.<\/p>\n\n\n\n<figure class=\"wp-block-image size-large\"><a href=\"https:\/\/blog.birders-hf.de\/wp-content\/uploads\/2025\/11\/04_HB_BD.jpg\" target=\"_blank\" rel=\" noreferrer noopener\"><img loading=\"lazy\" decoding=\"async\" width=\"1024\" height=\"683\" src=\"https:\/\/blog.birders-hf.de\/wp-content\/uploads\/2025\/11\/04_HB_BD-1024x683.jpg\" alt=\"\" class=\"wp-image-25585\" srcset=\"https:\/\/blog.birders-hf.de\/wp-content\/uploads\/2025\/11\/04_HB_BD-1024x683.jpg 1024w, https:\/\/blog.birders-hf.de\/wp-content\/uploads\/2025\/11\/04_HB_BD-480x320.jpg 480w, https:\/\/blog.birders-hf.de\/wp-content\/uploads\/2025\/11\/04_HB_BD-768x512.jpg 768w, https:\/\/blog.birders-hf.de\/wp-content\/uploads\/2025\/11\/04_HB_BD-1536x1024.jpg 1536w, https:\/\/blog.birders-hf.de\/wp-content\/uploads\/2025\/11\/04_HB_BD-2048x1366.jpg 2048w\" sizes=\"auto, (max-width: 1024px) 100vw, 1024px\" \/><\/a><\/figure>\n\n\n\n<p><br>Eigentlich nehmen die Heckenbraunellen das Futter lieber am Boden auf, aber mein spezielles Exemplar geht sogar bis ganz nach oben in den Futterbaum.<br><br><br>MfG L.E.<\/p>\n","protected":false},"excerpt":{"rendered":"<p>Beim freischneiden eines Schuppens entdeckte ich die Tage hinter diesem, ein St\u00fcck Stacheldraht auf dem Zaun zum Nachbarn. Sofort dachte ich an die vielen Weidepf\u00e4hle mit dem Stacheldraht im Ochsenmoor &hellip; <a href=\"https:\/\/blog.birders-hf.de\/index.php\/2025\/11\/26\/ochsenmoor-im-garten\/\" class=\"more-link\"><span class=\"screen-reader-text\">Ochsenmoor im Garten!<\/span> weiterlesen <span class=\"meta-nav\">&rarr;<\/span><\/a><\/p>\n","protected":false},"author":11,"featured_media":0,"comment_status":"open","ping_status":"open","sticky":false,"template":"","format":"standard","meta":{"footnotes":""},"categories":[1],"tags":[],"class_list":["post-25581","post","type-post","status-publish","format-standard","hentry","category-birding"],"_links":{"self":[{"href":"https:\/\/blog.birders-hf.de\/index.php\/wp-json\/wp\/v2\/posts\/25581","targetHints":{"allow":["GET"]}}],"collection":[{"href":"https:\/\/blog.birders-hf.de\/index.php\/wp-json\/wp\/v2\/posts"}],"about":[{"href":"https:\/\/blog.birders-hf.de\/index.php\/wp-json\/wp\/v2\/types\/post"}],"author":[{"embeddable":true,"href":"https:\/\/blog.birders-hf.de\/index.php\/wp-json\/wp\/v2\/users\/11"}],"replies":[{"embeddable":true,"href":"https:\/\/blog.birders-hf.de\/index.php\/wp-json\/wp\/v2\/comments?post=25581"}],"version-history":[{"count":1,"href":"https:\/\/blog.birders-hf.de\/index.php\/wp-json\/wp\/v2\/posts\/25581\/revisions"}],"predecessor-version":[{"id":25586,"href":"https:\/\/blog.birders-hf.de\/index.php\/wp-json\/wp\/v2\/posts\/25581\/revisions\/25586"}],"wp:attachment":[{"href":"https:\/\/blog.birders-hf.de\/index.php\/wp-json\/wp\/v2\/media?parent=25581"}],"wp:term":[{"taxonomy":"category","embeddable":true,"href":"https:\/\/blog.birders-hf.de\/index.php\/wp-json\/wp\/v2\/categories?post=25581"},{"taxonomy":"post_tag","embeddable":true,"href":"https:\/\/blog.birders-hf.de\/index.php\/wp-json\/wp\/v2\/tags?post=25581"}],"curies":[{"name":"wp","href":"https:\/\/api.w.org\/{rel}","templated":true}]}}