{"id":25578,"date":"2025-11-26T14:47:34","date_gmt":"2025-11-26T13:47:34","guid":{"rendered":"https:\/\/blog.birders-hf.de\/?p=25578"},"modified":"2025-11-26T14:49:08","modified_gmt":"2025-11-26T13:49:08","slug":"foto-und-optikmesse-in-bielefeld","status":"publish","type":"post","link":"https:\/\/blog.birders-hf.de\/index.php\/2025\/11\/26\/foto-und-optikmesse-in-bielefeld\/","title":{"rendered":"Foto- und Optikmesse in Bielefeld"},"content":{"rendered":"<div class=\"postie-post\">\n<div dir=\"ltr\">\n<div dir=\"auto\"><img decoding=\"async\" src=\"https:\/\/blog.birders-hf.de\/wp-content\/uploads\/2025\/11\/20251126_101926-scaled.jpg\" style=\"max-width:100%;height:auto\"><\/p>\n<\/div>\n<div dir=\"auto\">Am kommenden Freitag und Samstag gibt es beim ,,Foto-Treffpunkt&#8220; alles was Fotografen gl\u00fccklich macht, aber auch Ferngl\u00e4ser, Spektive, Stative und Zubeh\u00f6r zum g\u00fcnstigen Messepreis. Im Rahmenprogramm werde ich am Freitag (15:30 Uhr) und am Samstag (11:30 Uhr) einen Vortrag halten:<\/div>\n<div dir=\"auto\">\n<div>,,<b><i>V\u00f6gel beobachten und fotografieren im S\u00fcden von Katalonien!&#8220;<\/i><\/b><\/div>\n<div><b><i><br \/><\/i><\/b><\/div>\n<div>Wir sehen uns,<\/div>\n<div>Dirk Wegener<\/div>\n<\/div><\/div>\n<\/div>\n","protected":false},"excerpt":{"rendered":"<p>Am kommenden Freitag und Samstag gibt es beim ,,Foto-Treffpunkt&#8220; alles was Fotografen gl\u00fccklich macht, aber auch Ferngl\u00e4ser, Spektive, Stative und Zubeh\u00f6r zum g\u00fcnstigen Messepreis. Im Rahmenprogramm werde ich am Freitag &hellip; <a href=\"https:\/\/blog.birders-hf.de\/index.php\/2025\/11\/26\/foto-und-optikmesse-in-bielefeld\/\" class=\"more-link\"><span class=\"screen-reader-text\">Foto- und Optikmesse in Bielefeld<\/span> weiterlesen <span class=\"meta-nav\">&rarr;<\/span><\/a><\/p>\n","protected":false},"author":1,"featured_media":0,"comment_status":"open","ping_status":"open","sticky":false,"template":"","format":"standard","meta":{"footnotes":""},"categories":[1],"tags":[],"class_list":["post-25578","post","type-post","status-publish","format-standard","hentry","category-birding"],"_links":{"self":[{"href":"https:\/\/blog.birders-hf.de\/index.php\/wp-json\/wp\/v2\/posts\/25578","targetHints":{"allow":["GET"]}}],"collection":[{"href":"https:\/\/blog.birders-hf.de\/index.php\/wp-json\/wp\/v2\/posts"}],"about":[{"href":"https:\/\/blog.birders-hf.de\/index.php\/wp-json\/wp\/v2\/types\/post"}],"author":[{"embeddable":true,"href":"https:\/\/blog.birders-hf.de\/index.php\/wp-json\/wp\/v2\/users\/1"}],"replies":[{"embeddable":true,"href":"https:\/\/blog.birders-hf.de\/index.php\/wp-json\/wp\/v2\/comments?post=25578"}],"version-history":[{"count":0,"href":"https:\/\/blog.birders-hf.de\/index.php\/wp-json\/wp\/v2\/posts\/25578\/revisions"}],"wp:attachment":[{"href":"https:\/\/blog.birders-hf.de\/index.php\/wp-json\/wp\/v2\/media?parent=25578"}],"wp:term":[{"taxonomy":"category","embeddable":true,"href":"https:\/\/blog.birders-hf.de\/index.php\/wp-json\/wp\/v2\/categories?post=25578"},{"taxonomy":"post_tag","embeddable":true,"href":"https:\/\/blog.birders-hf.de\/index.php\/wp-json\/wp\/v2\/tags?post=25578"}],"curies":[{"name":"wp","href":"https:\/\/api.w.org\/{rel}","templated":true}]}}