{"id":25552,"date":"2025-11-23T21:08:38","date_gmt":"2025-11-23T20:08:38","guid":{"rendered":"https:\/\/blog.birders-hf.de\/?p=25552"},"modified":"2025-11-23T21:11:49","modified_gmt":"2025-11-23T20:11:49","slug":"gartenvoegel-barduettingdorf-5","status":"publish","type":"post","link":"https:\/\/blog.birders-hf.de\/index.php\/2025\/11\/23\/gartenvoegel-barduettingdorf-5\/","title":{"rendered":"Gartenv\u00f6gel &#8211; Bard\u00fcttingdorf."},"content":{"rendered":"\n<p>1 Stunde Sonne war angek\u00fcndigt, also ausnutzen und die Gartenv\u00f6gel vor dem Wohnzimmerfenster fotografieren. Tats\u00e4chlich war aber quasi den ganzen Tag gutes Fotolicht.<br><br>Hatte den neuen Ansitzast gestern noch deutlich h\u00f6her angebracht, damit der ca. 333m entfernte Wald den Hintergrund stellt. Also sehr weich im Foto ist und nicht vom Hauptmotiv ablenkt.<br><br>Apropos Hauptmotiv! Nat\u00fcrlich die V\u00f6gel! Als erstes mal meine beiden <span style=\"text-decoration: underline;\">Mittelspechte<\/span> im direkten Vergleich.<\/p>\n\n\n\n<figure class=\"wp-block-image size-large\"><a href=\"https:\/\/blog.birders-hf.de\/wp-content\/uploads\/2025\/11\/01_MS_BD-1.jpg\" target=\"_blank\" rel=\" noreferrer noopener\"><img loading=\"lazy\" decoding=\"async\" width=\"1024\" height=\"683\" src=\"https:\/\/blog.birders-hf.de\/wp-content\/uploads\/2025\/11\/01_MS_BD-1-1024x683.jpg\" alt=\"\" class=\"wp-image-25553\" srcset=\"https:\/\/blog.birders-hf.de\/wp-content\/uploads\/2025\/11\/01_MS_BD-1-1024x683.jpg 1024w, https:\/\/blog.birders-hf.de\/wp-content\/uploads\/2025\/11\/01_MS_BD-1-480x320.jpg 480w, https:\/\/blog.birders-hf.de\/wp-content\/uploads\/2025\/11\/01_MS_BD-1-768x512.jpg 768w, https:\/\/blog.birders-hf.de\/wp-content\/uploads\/2025\/11\/01_MS_BD-1-1536x1024.jpg 1536w, https:\/\/blog.birders-hf.de\/wp-content\/uploads\/2025\/11\/01_MS_BD-1-2048x1366.jpg 2048w\" sizes=\"auto, (max-width: 1024px) 100vw, 1024px\" \/><\/a><\/figure>\n\n\n\n<p><br>Ich hatte mich am Fenster so positioniert, das ich am Anflugast einen noch Laub tragenden Baum am Waldrand im Hintergrund habe. Es dauerte eine kleine Ewigkeit, bis sich dann mal ein Vogel passend pr\u00e4sentierte. Das <span style=\"text-decoration: underline;\">Rotkehlchen<\/span> landete zwar nicht perfekt, aber das lasse ich gelten.<\/p>\n\n\n\n<figure class=\"wp-block-image size-large\"><a href=\"https:\/\/blog.birders-hf.de\/wp-content\/uploads\/2025\/11\/02_RK_BD.jpg\" target=\"_blank\" rel=\" noreferrer noopener\"><img loading=\"lazy\" decoding=\"async\" width=\"1024\" height=\"683\" src=\"https:\/\/blog.birders-hf.de\/wp-content\/uploads\/2025\/11\/02_RK_BD-1024x683.jpg\" alt=\"\" class=\"wp-image-25554\" srcset=\"https:\/\/blog.birders-hf.de\/wp-content\/uploads\/2025\/11\/02_RK_BD-1024x683.jpg 1024w, https:\/\/blog.birders-hf.de\/wp-content\/uploads\/2025\/11\/02_RK_BD-480x320.jpg 480w, https:\/\/blog.birders-hf.de\/wp-content\/uploads\/2025\/11\/02_RK_BD-768x512.jpg 768w, https:\/\/blog.birders-hf.de\/wp-content\/uploads\/2025\/11\/02_RK_BD-1536x1024.jpg 1536w, https:\/\/blog.birders-hf.de\/wp-content\/uploads\/2025\/11\/02_RK_BD-2048x1366.jpg 2048w\" sizes=\"auto, (max-width: 1024px) 100vw, 1024px\" \/><\/a><\/figure>\n\n\n\n<p><br>An einer anderen Stelle konnte ich einen <span style=\"text-decoration: underline;\">Gr\u00fcnfink<\/span> erwischen.<\/p>\n\n\n\n<figure class=\"wp-block-image size-large\"><a href=\"https:\/\/blog.birders-hf.de\/wp-content\/uploads\/2025\/11\/03_GF_BD.jpg\" target=\"_blank\" rel=\" noreferrer noopener\"><img loading=\"lazy\" decoding=\"async\" width=\"1024\" height=\"683\" src=\"https:\/\/blog.birders-hf.de\/wp-content\/uploads\/2025\/11\/03_GF_BD-1024x683.jpg\" alt=\"\" class=\"wp-image-25555\" srcset=\"https:\/\/blog.birders-hf.de\/wp-content\/uploads\/2025\/11\/03_GF_BD-1024x683.jpg 1024w, https:\/\/blog.birders-hf.de\/wp-content\/uploads\/2025\/11\/03_GF_BD-480x320.jpg 480w, https:\/\/blog.birders-hf.de\/wp-content\/uploads\/2025\/11\/03_GF_BD-768x512.jpg 768w, https:\/\/blog.birders-hf.de\/wp-content\/uploads\/2025\/11\/03_GF_BD-1536x1024.jpg 1536w, https:\/\/blog.birders-hf.de\/wp-content\/uploads\/2025\/11\/03_GF_BD-2048x1366.jpg 2048w\" sizes=\"auto, (max-width: 1024px) 100vw, 1024px\" \/><\/a><\/figure>\n\n\n\n<p><br>Die <span style=\"text-decoration: underline;\">Blaumeise<\/span> suchte sich einen besonderen Platz f\u00fcr ihr Artenportrait.<\/p>\n\n\n\n<figure class=\"wp-block-image size-large\"><a href=\"https:\/\/blog.birders-hf.de\/wp-content\/uploads\/2025\/11\/04_BM_BD.jpg\" target=\"_blank\" rel=\" noreferrer noopener\"><img loading=\"lazy\" decoding=\"async\" width=\"1024\" height=\"683\" src=\"https:\/\/blog.birders-hf.de\/wp-content\/uploads\/2025\/11\/04_BM_BD-1024x683.jpg\" alt=\"\" class=\"wp-image-25556\" srcset=\"https:\/\/blog.birders-hf.de\/wp-content\/uploads\/2025\/11\/04_BM_BD-1024x683.jpg 1024w, https:\/\/blog.birders-hf.de\/wp-content\/uploads\/2025\/11\/04_BM_BD-480x320.jpg 480w, https:\/\/blog.birders-hf.de\/wp-content\/uploads\/2025\/11\/04_BM_BD-768x512.jpg 768w, https:\/\/blog.birders-hf.de\/wp-content\/uploads\/2025\/11\/04_BM_BD-1536x1024.jpg 1536w, https:\/\/blog.birders-hf.de\/wp-content\/uploads\/2025\/11\/04_BM_BD-2048x1366.jpg 2048w\" sizes=\"auto, (max-width: 1024px) 100vw, 1024px\" \/><\/a><\/figure>\n\n\n\n<p><br>Den <span style=\"text-decoration: underline;\">Kleiber<\/span> zu erwischen war nochmal eine extra Herausforderung, der Kollege ist ziemlich hektisch unterwegs.<\/p>\n\n\n\n<figure class=\"wp-block-image size-large\"><a href=\"https:\/\/blog.birders-hf.de\/wp-content\/uploads\/2025\/11\/05_KL_BD.jpg\" target=\"_blank\" rel=\" noreferrer noopener\"><img loading=\"lazy\" decoding=\"async\" width=\"1024\" height=\"683\" src=\"https:\/\/blog.birders-hf.de\/wp-content\/uploads\/2025\/11\/05_KL_BD-1024x683.jpg\" alt=\"\" class=\"wp-image-25557\" srcset=\"https:\/\/blog.birders-hf.de\/wp-content\/uploads\/2025\/11\/05_KL_BD-1024x683.jpg 1024w, https:\/\/blog.birders-hf.de\/wp-content\/uploads\/2025\/11\/05_KL_BD-480x320.jpg 480w, https:\/\/blog.birders-hf.de\/wp-content\/uploads\/2025\/11\/05_KL_BD-768x512.jpg 768w, https:\/\/blog.birders-hf.de\/wp-content\/uploads\/2025\/11\/05_KL_BD-1536x1024.jpg 1536w, https:\/\/blog.birders-hf.de\/wp-content\/uploads\/2025\/11\/05_KL_BD-2048x1366.jpg 2048w\" sizes=\"auto, (max-width: 1024px) 100vw, 1024px\" \/><\/a><\/figure>\n\n\n\n<p><br>Mein Hauptziel, die <span style=\"text-decoration: underline;\">Haubenmeise<\/span> war immer noch extrem zur\u00fcckhaltend. Ich konnte sie leider nur 1x an der Futters\u00e4ule erwischen. Auf Grund des &#8222;Jubel &amp; Trubel&#8220; an den Futters\u00e4ulen, teilweise 20-30 V\u00f6gel gleichzeitig (!), entschied sie sich sp\u00e4ter das Futter nur noch am Boden (im Schatten) zu suchen. F\u00e4llt ja genug runter durch den regen &#8222;Besucherverkehr&#8220;.<\/p>\n\n\n\n<figure class=\"wp-block-image size-large\"><a href=\"https:\/\/blog.birders-hf.de\/wp-content\/uploads\/2025\/11\/06_HM_BD.jpg\" target=\"_blank\" rel=\" noreferrer noopener\"><img loading=\"lazy\" decoding=\"async\" width=\"1024\" height=\"683\" src=\"https:\/\/blog.birders-hf.de\/wp-content\/uploads\/2025\/11\/06_HM_BD-1024x683.jpg\" alt=\"\" class=\"wp-image-25558\" srcset=\"https:\/\/blog.birders-hf.de\/wp-content\/uploads\/2025\/11\/06_HM_BD-1024x683.jpg 1024w, https:\/\/blog.birders-hf.de\/wp-content\/uploads\/2025\/11\/06_HM_BD-480x320.jpg 480w, https:\/\/blog.birders-hf.de\/wp-content\/uploads\/2025\/11\/06_HM_BD-768x512.jpg 768w, https:\/\/blog.birders-hf.de\/wp-content\/uploads\/2025\/11\/06_HM_BD-1536x1024.jpg 1536w, https:\/\/blog.birders-hf.de\/wp-content\/uploads\/2025\/11\/06_HM_BD-2048x1366.jpg 2048w\" sizes=\"auto, (max-width: 1024px) 100vw, 1024px\" \/><\/a><\/figure>\n\n\n\n<p><br>Jetzt hoffe ich nur, das morgen Fr\u00fch noch etwas Schnee liegt! Da kann man dann auch noch das ein oder andere sch\u00f6ne Vogelfoto machen.<br><br><br>MfG L.E.<\/p>\n","protected":false},"excerpt":{"rendered":"<p>1 Stunde Sonne war angek\u00fcndigt, also ausnutzen und die Gartenv\u00f6gel vor dem Wohnzimmerfenster fotografieren. Tats\u00e4chlich war aber quasi den ganzen Tag gutes Fotolicht. Hatte den neuen Ansitzast gestern noch deutlich &hellip; <a href=\"https:\/\/blog.birders-hf.de\/index.php\/2025\/11\/23\/gartenvoegel-barduettingdorf-5\/\" class=\"more-link\"><span class=\"screen-reader-text\">Gartenv\u00f6gel &#8211; Bard\u00fcttingdorf.<\/span> weiterlesen <span class=\"meta-nav\">&rarr;<\/span><\/a><\/p>\n","protected":false},"author":11,"featured_media":0,"comment_status":"open","ping_status":"open","sticky":false,"template":"","format":"standard","meta":{"footnotes":""},"categories":[1],"tags":[],"class_list":["post-25552","post","type-post","status-publish","format-standard","hentry","category-birding"],"_links":{"self":[{"href":"https:\/\/blog.birders-hf.de\/index.php\/wp-json\/wp\/v2\/posts\/25552","targetHints":{"allow":["GET"]}}],"collection":[{"href":"https:\/\/blog.birders-hf.de\/index.php\/wp-json\/wp\/v2\/posts"}],"about":[{"href":"https:\/\/blog.birders-hf.de\/index.php\/wp-json\/wp\/v2\/types\/post"}],"author":[{"embeddable":true,"href":"https:\/\/blog.birders-hf.de\/index.php\/wp-json\/wp\/v2\/users\/11"}],"replies":[{"embeddable":true,"href":"https:\/\/blog.birders-hf.de\/index.php\/wp-json\/wp\/v2\/comments?post=25552"}],"version-history":[{"count":4,"href":"https:\/\/blog.birders-hf.de\/index.php\/wp-json\/wp\/v2\/posts\/25552\/revisions"}],"predecessor-version":[{"id":25562,"href":"https:\/\/blog.birders-hf.de\/index.php\/wp-json\/wp\/v2\/posts\/25552\/revisions\/25562"}],"wp:attachment":[{"href":"https:\/\/blog.birders-hf.de\/index.php\/wp-json\/wp\/v2\/media?parent=25552"}],"wp:term":[{"taxonomy":"category","embeddable":true,"href":"https:\/\/blog.birders-hf.de\/index.php\/wp-json\/wp\/v2\/categories?post=25552"},{"taxonomy":"post_tag","embeddable":true,"href":"https:\/\/blog.birders-hf.de\/index.php\/wp-json\/wp\/v2\/tags?post=25552"}],"curies":[{"name":"wp","href":"https:\/\/api.w.org\/{rel}","templated":true}]}}