{"id":25536,"date":"2025-11-21T21:33:21","date_gmt":"2025-11-21T20:33:21","guid":{"rendered":"https:\/\/blog.birders-hf.de\/?p=25536"},"modified":"2025-11-21T21:33:21","modified_gmt":"2025-11-21T20:33:21","slug":"duemmer-umgebung-21-11-2025","status":"publish","type":"post","link":"https:\/\/blog.birders-hf.de\/index.php\/2025\/11\/21\/duemmer-umgebung-21-11-2025\/","title":{"rendered":"D\u00fcmmer &amp; Umgebung &#8211; 21.11.2025"},"content":{"rendered":"\n<p>Bei dem genialen Wetter ging es heute zum D\u00fcmmer. Kein besonderer Plan, keine besonderen W\u00fcnsche, einfach den Tag und die herrliche Sonne geniessen.<br><br>Die Lichtstimmung war genial, es herrschte Anfangs noch Inversionswetterlage. Das zeigte sich auf der Hinfahrt noch an zahlreichen Rauchwolken aus Schornsteinen, die einfach nicht weit aufsteigen und ab einer bestimmten H\u00f6he nur noch abdriften konnten.<br><br>\u00c4hnlich war es mit einer Nebelschicht im <span style=\"text-decoration: underline;\">Ochsenmoor<\/span>.<\/p>\n\n\n\n<figure class=\"wp-block-image size-large\"><a href=\"https:\/\/blog.birders-hf.de\/wp-content\/uploads\/2025\/11\/01_OM_DU.jpg\" target=\"_blank\" rel=\" noreferrer noopener\"><img loading=\"lazy\" decoding=\"async\" width=\"1024\" height=\"683\" src=\"https:\/\/blog.birders-hf.de\/wp-content\/uploads\/2025\/11\/01_OM_DU-1024x683.jpg\" alt=\"\" class=\"wp-image-25537\" srcset=\"https:\/\/blog.birders-hf.de\/wp-content\/uploads\/2025\/11\/01_OM_DU-1024x683.jpg 1024w, https:\/\/blog.birders-hf.de\/wp-content\/uploads\/2025\/11\/01_OM_DU-480x320.jpg 480w, https:\/\/blog.birders-hf.de\/wp-content\/uploads\/2025\/11\/01_OM_DU-768x512.jpg 768w, https:\/\/blog.birders-hf.de\/wp-content\/uploads\/2025\/11\/01_OM_DU-1536x1024.jpg 1536w, https:\/\/blog.birders-hf.de\/wp-content\/uploads\/2025\/11\/01_OM_DU-2048x1366.jpg 2048w\" sizes=\"auto, (max-width: 1024px) 100vw, 1024px\" \/><\/a><\/figure>\n\n\n\n<p><br>Ziemlich schnell konnte sich aber die Sonne durchsetzen und die Temperaturen stiegen von -6\u00b0 auf &#8222;angenehme&#8220; 0\u00b0. Da wurden auch die unz\u00e4hlbaren Fasane aktiv, die rund um den D\u00fcmmer beobachtet werden konnten, hier kurz vorm S\u00fcdturm.<\/p>\n\n\n\n<figure class=\"wp-block-image size-large\"><a href=\"https:\/\/blog.birders-hf.de\/wp-content\/uploads\/2025\/11\/02_JF_DU.jpg\" target=\"_blank\" rel=\" noreferrer noopener\"><img loading=\"lazy\" decoding=\"async\" width=\"1024\" height=\"683\" src=\"https:\/\/blog.birders-hf.de\/wp-content\/uploads\/2025\/11\/02_JF_DU-1024x683.jpg\" alt=\"\" class=\"wp-image-25538\" srcset=\"https:\/\/blog.birders-hf.de\/wp-content\/uploads\/2025\/11\/02_JF_DU-1024x683.jpg 1024w, https:\/\/blog.birders-hf.de\/wp-content\/uploads\/2025\/11\/02_JF_DU-480x320.jpg 480w, https:\/\/blog.birders-hf.de\/wp-content\/uploads\/2025\/11\/02_JF_DU-768x512.jpg 768w, https:\/\/blog.birders-hf.de\/wp-content\/uploads\/2025\/11\/02_JF_DU-1536x1024.jpg 1536w, https:\/\/blog.birders-hf.de\/wp-content\/uploads\/2025\/11\/02_JF_DU-2048x1366.jpg 2048w\" sizes=\"auto, (max-width: 1024px) 100vw, 1024px\" \/><\/a><\/figure>\n\n\n\n<p><br>Die Waldohreulen in H\u00fcde haben sich wohl einen neuen Schlafplatz gesucht, die B\u00e4ume in denen sie zu letzt geschlafen haben, tragen nicht ein einziges Blatt mehr und bieten keinerlei Schutz mehr vor den eisigen Temperaturen.<br><br>Am anliegenden Fischerhafen nutzten <span style=\"text-decoration: underline;\">Stockenten<\/span> einen kleinen Teich, welcher zum Teil Eisfrei war, f\u00fcr ein ausgiebiges Bad.<\/p>\n\n\n\n<figure class=\"wp-block-image size-large\"><a href=\"https:\/\/blog.birders-hf.de\/wp-content\/uploads\/2025\/11\/03_SE_DU.jpg\" target=\"_blank\" rel=\" noreferrer noopener\"><img loading=\"lazy\" decoding=\"async\" width=\"1024\" height=\"683\" src=\"https:\/\/blog.birders-hf.de\/wp-content\/uploads\/2025\/11\/03_SE_DU-1024x683.jpg\" alt=\"\" class=\"wp-image-25539\" srcset=\"https:\/\/blog.birders-hf.de\/wp-content\/uploads\/2025\/11\/03_SE_DU-1024x683.jpg 1024w, https:\/\/blog.birders-hf.de\/wp-content\/uploads\/2025\/11\/03_SE_DU-480x320.jpg 480w, https:\/\/blog.birders-hf.de\/wp-content\/uploads\/2025\/11\/03_SE_DU-768x512.jpg 768w, https:\/\/blog.birders-hf.de\/wp-content\/uploads\/2025\/11\/03_SE_DU-1536x1024.jpg 1536w, https:\/\/blog.birders-hf.de\/wp-content\/uploads\/2025\/11\/03_SE_DU-2048x1366.jpg 2048w\" sizes=\"auto, (max-width: 1024px) 100vw, 1024px\" \/><\/a><\/figure>\n\n\n\n<p><br>Zwischen &#8222;Heemke&#8220; und &#8222;Langenteilen&#8220; waren viele <span style=\"text-decoration: underline;\">Saatkr\u00e4hen<\/span> unterwegs. An einer Stelle hockten sie gerne im Baum, genossen die Sonne und fra\u00dfen, was sie so auf den Feldern &#8222;erbeuten&#8220; konnten.<\/p>\n\n\n\n<figure class=\"wp-block-image size-large\"><a href=\"https:\/\/blog.birders-hf.de\/wp-content\/uploads\/2025\/11\/04_SK_DU.jpg\" target=\"_blank\" rel=\" noreferrer noopener\"><img loading=\"lazy\" decoding=\"async\" width=\"1024\" height=\"683\" src=\"https:\/\/blog.birders-hf.de\/wp-content\/uploads\/2025\/11\/04_SK_DU-1024x683.jpg\" alt=\"\" class=\"wp-image-25540\" srcset=\"https:\/\/blog.birders-hf.de\/wp-content\/uploads\/2025\/11\/04_SK_DU-1024x683.jpg 1024w, https:\/\/blog.birders-hf.de\/wp-content\/uploads\/2025\/11\/04_SK_DU-480x320.jpg 480w, https:\/\/blog.birders-hf.de\/wp-content\/uploads\/2025\/11\/04_SK_DU-768x512.jpg 768w, https:\/\/blog.birders-hf.de\/wp-content\/uploads\/2025\/11\/04_SK_DU-1536x1024.jpg 1536w, https:\/\/blog.birders-hf.de\/wp-content\/uploads\/2025\/11\/04_SK_DU-2048x1366.jpg 2048w\" sizes=\"auto, (max-width: 1024px) 100vw, 1024px\" \/><\/a><\/figure>\n\n\n\n<p>Von Mutter Natur nicht mit endloser Sch\u00f6nheit beschenkt, sind Saatkr\u00e4hen doch hochinteressante V\u00f6gel, die sich in Ihrem Verhalten von den Rabenkr\u00e4hen merklich unterscheiden. Wobei die Rabenkr\u00e4he ihren schlechten Ruf auch nicht verdient hat.<br><br>Nach einem leckeren Essen im Olgahafen, ging es in Richtung &#8222;Hohe Sieben&#8220;. Dort aber nicht auf den Steg, sondern ~600m weiter auf den Ostturm. Mit dem Fahrrad schon x-mal dran vorbeigefahren war ich heute das erste Mal mit der Kamera auf dem Turm.<br><br>Sofort pr\u00e4sentierte sich ein &#8222;Highlight&#8220;, ein <span style=\"text-decoration: underline;\">Seeadler<\/span> mit Beute!<\/p>\n\n\n\n<figure class=\"wp-block-image size-large\"><a href=\"https:\/\/blog.birders-hf.de\/wp-content\/uploads\/2025\/11\/05_SA_DU.jpg\" target=\"_blank\" rel=\" noreferrer noopener\"><img loading=\"lazy\" decoding=\"async\" width=\"1024\" height=\"683\" src=\"https:\/\/blog.birders-hf.de\/wp-content\/uploads\/2025\/11\/05_SA_DU-1024x683.jpg\" alt=\"\" class=\"wp-image-25541\" srcset=\"https:\/\/blog.birders-hf.de\/wp-content\/uploads\/2025\/11\/05_SA_DU-1024x683.jpg 1024w, https:\/\/blog.birders-hf.de\/wp-content\/uploads\/2025\/11\/05_SA_DU-480x320.jpg 480w, https:\/\/blog.birders-hf.de\/wp-content\/uploads\/2025\/11\/05_SA_DU-768x512.jpg 768w, https:\/\/blog.birders-hf.de\/wp-content\/uploads\/2025\/11\/05_SA_DU-1536x1024.jpg 1536w, https:\/\/blog.birders-hf.de\/wp-content\/uploads\/2025\/11\/05_SA_DU-2048x1366.jpg 2048w\" sizes=\"auto, (max-width: 1024px) 100vw, 1024px\" \/><\/a><\/figure>\n\n\n\n<p>Er landete hinter einem Schilfg\u00fcrtel und verspeiste den erbeuteten Fisch, als wir schnell einen zweiten Seeadler an gleicher Stelle entdeckten.<br><br>Fortan gingen beide stets zusammen auf Beuteflug und kehrten in den Bereich &#8222;Hohe Sieben&#8220; zur\u00fcck.<br><br>Entfernung leider recht hoch, aber dennoch eine tolle Beobachtung!<\/p>\n\n\n\n<figure class=\"wp-block-image size-large\"><a href=\"https:\/\/blog.birders-hf.de\/wp-content\/uploads\/2025\/11\/06_SA_DU.jpg\" target=\"_blank\" rel=\" noreferrer noopener\"><img loading=\"lazy\" decoding=\"async\" width=\"1024\" height=\"683\" src=\"https:\/\/blog.birders-hf.de\/wp-content\/uploads\/2025\/11\/06_SA_DU-1024x683.jpg\" alt=\"\" class=\"wp-image-25542\" srcset=\"https:\/\/blog.birders-hf.de\/wp-content\/uploads\/2025\/11\/06_SA_DU-1024x683.jpg 1024w, https:\/\/blog.birders-hf.de\/wp-content\/uploads\/2025\/11\/06_SA_DU-480x320.jpg 480w, https:\/\/blog.birders-hf.de\/wp-content\/uploads\/2025\/11\/06_SA_DU-768x512.jpg 768w, https:\/\/blog.birders-hf.de\/wp-content\/uploads\/2025\/11\/06_SA_DU-1536x1024.jpg 1536w, https:\/\/blog.birders-hf.de\/wp-content\/uploads\/2025\/11\/06_SA_DU-2048x1366.jpg 2048w\" sizes=\"auto, (max-width: 1024px) 100vw, 1024px\" \/><\/a><\/figure>\n\n\n\n<p>Vor Ort konnte ich schon erkennen, das ein Vogel auf jeden Fall beringt war. Metallring am rechten Fu\u00df und ein roter Kunststoffring am anderen.<br><br>Bei der Bildbearbeitung fiel mir dann aber ein roter &#8222;Kasten&#8220; auf dem R\u00fccken des einen Seeadlers auf. M\u00f6glicherweise ein Sender? Hat da jemand weitere Infos zu?<br><br><br>Gr\u00fc\u00dfe noch an Andreas Bader, der uns morgens im Ochsenmoor im Auto entgegen kam, aber wohl nicht erkannt hatte. \ud83d\ude09<br><br><br>MfG L.E.<\/p>\n","protected":false},"excerpt":{"rendered":"<p>Bei dem genialen Wetter ging es heute zum D\u00fcmmer. Kein besonderer Plan, keine besonderen W\u00fcnsche, einfach den Tag und die herrliche Sonne geniessen. Die Lichtstimmung war genial, es herrschte Anfangs &hellip; <a href=\"https:\/\/blog.birders-hf.de\/index.php\/2025\/11\/21\/duemmer-umgebung-21-11-2025\/\" class=\"more-link\"><span class=\"screen-reader-text\">D\u00fcmmer &amp; Umgebung &#8211; 21.11.2025<\/span> weiterlesen <span class=\"meta-nav\">&rarr;<\/span><\/a><\/p>\n","protected":false},"author":11,"featured_media":0,"comment_status":"open","ping_status":"open","sticky":false,"template":"","format":"standard","meta":{"footnotes":""},"categories":[1],"tags":[],"class_list":["post-25536","post","type-post","status-publish","format-standard","hentry","category-birding"],"_links":{"self":[{"href":"https:\/\/blog.birders-hf.de\/index.php\/wp-json\/wp\/v2\/posts\/25536","targetHints":{"allow":["GET"]}}],"collection":[{"href":"https:\/\/blog.birders-hf.de\/index.php\/wp-json\/wp\/v2\/posts"}],"about":[{"href":"https:\/\/blog.birders-hf.de\/index.php\/wp-json\/wp\/v2\/types\/post"}],"author":[{"embeddable":true,"href":"https:\/\/blog.birders-hf.de\/index.php\/wp-json\/wp\/v2\/users\/11"}],"replies":[{"embeddable":true,"href":"https:\/\/blog.birders-hf.de\/index.php\/wp-json\/wp\/v2\/comments?post=25536"}],"version-history":[{"count":1,"href":"https:\/\/blog.birders-hf.de\/index.php\/wp-json\/wp\/v2\/posts\/25536\/revisions"}],"predecessor-version":[{"id":25543,"href":"https:\/\/blog.birders-hf.de\/index.php\/wp-json\/wp\/v2\/posts\/25536\/revisions\/25543"}],"wp:attachment":[{"href":"https:\/\/blog.birders-hf.de\/index.php\/wp-json\/wp\/v2\/media?parent=25536"}],"wp:term":[{"taxonomy":"category","embeddable":true,"href":"https:\/\/blog.birders-hf.de\/index.php\/wp-json\/wp\/v2\/categories?post=25536"},{"taxonomy":"post_tag","embeddable":true,"href":"https:\/\/blog.birders-hf.de\/index.php\/wp-json\/wp\/v2\/tags?post=25536"}],"curies":[{"name":"wp","href":"https:\/\/api.w.org\/{rel}","templated":true}]}}