{"id":25527,"date":"2025-11-21T19:27:33","date_gmt":"2025-11-21T18:27:33","guid":{"rendered":"https:\/\/blog.birders-hf.de\/?p=25527"},"modified":"2025-11-21T19:34:21","modified_gmt":"2025-11-21T18:34:21","slug":"enger-bruch-21-11-2025","status":"publish","type":"post","link":"https:\/\/blog.birders-hf.de\/index.php\/2025\/11\/21\/enger-bruch-21-11-2025\/","title":{"rendered":"Enger Bruch &#8211; 21.11.2025"},"content":{"rendered":"\n<p>Moin zusammen,<\/p>\n\n\n\n<p>nach l\u00e4ngerer Zeit war ich mal wieder im Enger Bruch. Es war richtig sch\u00f6n aber auch sehr kalt am Nachmittag. Bis auf ein paar l\u00fccken war auch fast alles zugefroren. Leider waren die Enten und Co. dadurch sehr weit weg.<\/p>\n\n\n\n<p>Mein Ziel waren heute eigentlich ein paar Pfeifenten und die Bergpieper die dort die letzten Tage gemeldet wurden. Pfeifenten konnte ich meiner Fotosammlung heute leider noch nicht hinzuf\u00fcgen. Daf\u00fcr habe ich die <strong>Bergpieper<\/strong> auf der Kranichwiese gesehen. Leider auch weit weg. F\u00fcr eine Belegaufnahme hat es aber wenigstens gereicht.<\/p>\n\n\n\n<figure class=\"wp-block-image size-large\"><a href=\"https:\/\/blog.birders-hf.de\/wp-content\/uploads\/2025\/11\/A1_05475-1024x768.jpg\" target=\"_blank\" rel=\" noreferrer noopener\"><img loading=\"lazy\" decoding=\"async\" width=\"1024\" height=\"768\" src=\"https:\/\/blog.birders-hf.de\/wp-content\/uploads\/2025\/11\/A1_05475-1024x768.jpg\" alt=\"\" class=\"wp-image-25528\" srcset=\"https:\/\/blog.birders-hf.de\/wp-content\/uploads\/2025\/11\/A1_05475-1024x768.jpg 1024w, https:\/\/blog.birders-hf.de\/wp-content\/uploads\/2025\/11\/A1_05475-480x360.jpg 480w, https:\/\/blog.birders-hf.de\/wp-content\/uploads\/2025\/11\/A1_05475-768x576.jpg 768w, https:\/\/blog.birders-hf.de\/wp-content\/uploads\/2025\/11\/A1_05475-1536x1152.jpg 1536w, https:\/\/blog.birders-hf.de\/wp-content\/uploads\/2025\/11\/A1_05475-2048x1536.jpg 2048w\" sizes=\"auto, (max-width: 1024px) 100vw, 1024px\" \/><\/a><\/figure>\n\n\n\n<p>Die h\u00e4tte ich gerne ein bi\u00dfchen n\u00e4her erwischt. Genauso wie den einsamen <strong>Waldwasserl\u00e4ufer<\/strong>. Der war leider auch so weit weg.<\/p>\n\n\n\n<figure class=\"wp-block-image size-large\"><a href=\"https:\/\/blog.birders-hf.de\/wp-content\/uploads\/2025\/11\/A1_06014.jpg\" target=\"_blank\" rel=\" noreferrer noopener\"><img loading=\"lazy\" decoding=\"async\" width=\"1024\" height=\"768\" src=\"https:\/\/blog.birders-hf.de\/wp-content\/uploads\/2025\/11\/A1_06014-1024x768.jpg\" alt=\"\" class=\"wp-image-25529\" srcset=\"https:\/\/blog.birders-hf.de\/wp-content\/uploads\/2025\/11\/A1_06014-1024x768.jpg 1024w, https:\/\/blog.birders-hf.de\/wp-content\/uploads\/2025\/11\/A1_06014-480x360.jpg 480w, https:\/\/blog.birders-hf.de\/wp-content\/uploads\/2025\/11\/A1_06014-768x576.jpg 768w, https:\/\/blog.birders-hf.de\/wp-content\/uploads\/2025\/11\/A1_06014-1536x1152.jpg 1536w, https:\/\/blog.birders-hf.de\/wp-content\/uploads\/2025\/11\/A1_06014-2048x1536.jpg 2048w\" sizes=\"auto, (max-width: 1024px) 100vw, 1024px\" \/><\/a><\/figure>\n\n\n\n<p>Es war definitiv mehr los als bei meinem letzten Besuch. Ich hoffe, dass ich noch das Gl\u00fcck habe die Pfeifenten zu erwischen.<\/p>\n\n\n\n<p>Ich bin dann auch noch weiter Richtung Schafswiese gegangen. Da konnte ich dann auch noch ein paar sch\u00f6ne Fotos machen. Zuerst hat sich die kleine <strong>Blaumeise<\/strong> gezeigt.<\/p>\n\n\n\n<figure class=\"wp-block-image size-large\"><a href=\"https:\/\/blog.birders-hf.de\/wp-content\/uploads\/2025\/11\/A1_05614-scaled.jpg\" target=\"_blank\" rel=\" noreferrer noopener\"><img loading=\"lazy\" decoding=\"async\" width=\"1024\" height=\"768\" src=\"https:\/\/blog.birders-hf.de\/wp-content\/uploads\/2025\/11\/A1_05614-1024x768.jpg\" alt=\"\" class=\"wp-image-25530\" srcset=\"https:\/\/blog.birders-hf.de\/wp-content\/uploads\/2025\/11\/A1_05614-1024x768.jpg 1024w, https:\/\/blog.birders-hf.de\/wp-content\/uploads\/2025\/11\/A1_05614-480x360.jpg 480w, https:\/\/blog.birders-hf.de\/wp-content\/uploads\/2025\/11\/A1_05614-768x576.jpg 768w, https:\/\/blog.birders-hf.de\/wp-content\/uploads\/2025\/11\/A1_05614-1536x1152.jpg 1536w, https:\/\/blog.birders-hf.de\/wp-content\/uploads\/2025\/11\/A1_05614-2048x1536.jpg 2048w\" sizes=\"auto, (max-width: 1024px) 100vw, 1024px\" \/><\/a><\/figure>\n\n\n\n<p>Das heutige Highlight war aber ein <strong>Rotkehlchen<\/strong>. Ich bin immer wieder erstaunt wie mutig die werden wenn es Richtung Winter geht.<\/p>\n\n\n\n<figure class=\"wp-block-image size-large\"><a href=\"https:\/\/blog.birders-hf.de\/wp-content\/uploads\/2025\/11\/A1_05747-scaled.jpg\" target=\"_blank\" rel=\" noreferrer noopener\"><img loading=\"lazy\" decoding=\"async\" width=\"1024\" height=\"768\" src=\"https:\/\/blog.birders-hf.de\/wp-content\/uploads\/2025\/11\/A1_05747-1024x768.jpg\" alt=\"\" class=\"wp-image-25531\" srcset=\"https:\/\/blog.birders-hf.de\/wp-content\/uploads\/2025\/11\/A1_05747-1024x768.jpg 1024w, https:\/\/blog.birders-hf.de\/wp-content\/uploads\/2025\/11\/A1_05747-480x360.jpg 480w, https:\/\/blog.birders-hf.de\/wp-content\/uploads\/2025\/11\/A1_05747-768x576.jpg 768w, https:\/\/blog.birders-hf.de\/wp-content\/uploads\/2025\/11\/A1_05747-1536x1152.jpg 1536w, https:\/\/blog.birders-hf.de\/wp-content\/uploads\/2025\/11\/A1_05747-2048x1536.jpg 2048w\" sizes=\"auto, (max-width: 1024px) 100vw, 1024px\" \/><\/a><\/figure>\n\n\n\n<p>Das Licht war wundersch\u00f6n in dem Moment. So hat man es doch gerne. Leider ist sie dann an einen kleinen Zweig geflogen. Der war leider nicht mehr so sch\u00f6n im Licht. Daf\u00fcr war der\/die kleine h\u00fcbsche noch etwas n\u00e4her.<\/p>\n\n\n\n<figure class=\"wp-block-image size-large\"><a href=\"https:\/\/blog.birders-hf.de\/wp-content\/uploads\/2025\/11\/A1_05846-scaled.jpg\" target=\"_blank\" rel=\" noreferrer noopener\"><img loading=\"lazy\" decoding=\"async\" width=\"1024\" height=\"768\" src=\"https:\/\/blog.birders-hf.de\/wp-content\/uploads\/2025\/11\/A1_05846-1024x768.jpg\" alt=\"\" class=\"wp-image-25532\" srcset=\"https:\/\/blog.birders-hf.de\/wp-content\/uploads\/2025\/11\/A1_05846-1024x768.jpg 1024w, https:\/\/blog.birders-hf.de\/wp-content\/uploads\/2025\/11\/A1_05846-480x360.jpg 480w, https:\/\/blog.birders-hf.de\/wp-content\/uploads\/2025\/11\/A1_05846-768x576.jpg 768w, https:\/\/blog.birders-hf.de\/wp-content\/uploads\/2025\/11\/A1_05846-1536x1152.jpg 1536w, https:\/\/blog.birders-hf.de\/wp-content\/uploads\/2025\/11\/A1_05846-2048x1536.jpg 2048w\" sizes=\"auto, (max-width: 1024px) 100vw, 1024px\" \/><\/a><\/figure>\n\n\n\n<figure class=\"wp-block-image size-large\"><a href=\"https:\/\/blog.birders-hf.de\/wp-content\/uploads\/2025\/11\/A1_05912-scaled.jpg\" target=\"_blank\" rel=\" noreferrer noopener\"><img loading=\"lazy\" decoding=\"async\" width=\"1024\" height=\"768\" src=\"https:\/\/blog.birders-hf.de\/wp-content\/uploads\/2025\/11\/A1_05912-1024x768.jpg\" alt=\"\" class=\"wp-image-25533\" srcset=\"https:\/\/blog.birders-hf.de\/wp-content\/uploads\/2025\/11\/A1_05912-1024x768.jpg 1024w, https:\/\/blog.birders-hf.de\/wp-content\/uploads\/2025\/11\/A1_05912-480x360.jpg 480w, https:\/\/blog.birders-hf.de\/wp-content\/uploads\/2025\/11\/A1_05912-768x576.jpg 768w, https:\/\/blog.birders-hf.de\/wp-content\/uploads\/2025\/11\/A1_05912-1536x1152.jpg 1536w, https:\/\/blog.birders-hf.de\/wp-content\/uploads\/2025\/11\/A1_05912-2048x1536.jpg 2048w\" sizes=\"auto, (max-width: 1024px) 100vw, 1024px\" \/><\/a><\/figure>\n\n\n\n<p><\/p>\n\n\n\n<p>Am Turm war noch ein <strong>Hausrotschwanz<\/strong> unterwegs, der immer wieder auf der zugefrorenen Kranichwiese gelandet ist. Eine <strong>Bachstelze<\/strong> rutschte dort auch auf dem Eis herum. Leider habe ich von den beiden keine sch\u00f6nen Fotos hinbekommen.<\/p>\n\n\n\n<p>F\u00fcr eine knappe Stunde war das aber ganz sch\u00f6n da. Mir wurde dann aber auch recht schnell kalt. Ich hoffe, dass durch das kalte Wetter jetzt noch ein paar durchz\u00fcgler eintreffen. Im Sommer war es im Bruch leider ziemlich trostlos. Zum Gl\u00fcck ist es jetzt wieder richtig sch\u00f6n dort. Ich freue mich jetzt schon auf den Fr\u00fchling.<\/p>\n\n\n\n<p>Gru\u00df<\/p>\n\n\n\n<p>Marcel<\/p>\n\n\n\n<p><\/p>\n","protected":false},"excerpt":{"rendered":"<p>Moin zusammen, nach l\u00e4ngerer Zeit war ich mal wieder im Enger Bruch. Es war richtig sch\u00f6n aber auch sehr kalt am Nachmittag. Bis auf ein paar l\u00fccken war auch fast &hellip; <a href=\"https:\/\/blog.birders-hf.de\/index.php\/2025\/11\/21\/enger-bruch-21-11-2025\/\" class=\"more-link\"><span class=\"screen-reader-text\">Enger Bruch &#8211; 21.11.2025<\/span> weiterlesen <span class=\"meta-nav\">&rarr;<\/span><\/a><\/p>\n","protected":false},"author":12,"featured_media":0,"comment_status":"open","ping_status":"open","sticky":false,"template":"","format":"standard","meta":{"footnotes":""},"categories":[1],"tags":[],"class_list":["post-25527","post","type-post","status-publish","format-standard","hentry","category-birding"],"_links":{"self":[{"href":"https:\/\/blog.birders-hf.de\/index.php\/wp-json\/wp\/v2\/posts\/25527","targetHints":{"allow":["GET"]}}],"collection":[{"href":"https:\/\/blog.birders-hf.de\/index.php\/wp-json\/wp\/v2\/posts"}],"about":[{"href":"https:\/\/blog.birders-hf.de\/index.php\/wp-json\/wp\/v2\/types\/post"}],"author":[{"embeddable":true,"href":"https:\/\/blog.birders-hf.de\/index.php\/wp-json\/wp\/v2\/users\/12"}],"replies":[{"embeddable":true,"href":"https:\/\/blog.birders-hf.de\/index.php\/wp-json\/wp\/v2\/comments?post=25527"}],"version-history":[{"count":2,"href":"https:\/\/blog.birders-hf.de\/index.php\/wp-json\/wp\/v2\/posts\/25527\/revisions"}],"predecessor-version":[{"id":25535,"href":"https:\/\/blog.birders-hf.de\/index.php\/wp-json\/wp\/v2\/posts\/25527\/revisions\/25535"}],"wp:attachment":[{"href":"https:\/\/blog.birders-hf.de\/index.php\/wp-json\/wp\/v2\/media?parent=25527"}],"wp:term":[{"taxonomy":"category","embeddable":true,"href":"https:\/\/blog.birders-hf.de\/index.php\/wp-json\/wp\/v2\/categories?post=25527"},{"taxonomy":"post_tag","embeddable":true,"href":"https:\/\/blog.birders-hf.de\/index.php\/wp-json\/wp\/v2\/tags?post=25527"}],"curies":[{"name":"wp","href":"https:\/\/api.w.org\/{rel}","templated":true}]}}