{"id":25516,"date":"2025-11-20T17:20:22","date_gmt":"2025-11-20T16:20:22","guid":{"rendered":"https:\/\/blog.birders-hf.de\/?p=25516"},"modified":"2025-11-20T17:20:22","modified_gmt":"2025-11-20T16:20:22","slug":"kernbeisser-sumpfmeise","status":"publish","type":"post","link":"https:\/\/blog.birders-hf.de\/index.php\/2025\/11\/20\/kernbeisser-sumpfmeise\/","title":{"rendered":"Kernbei\u00dfer &amp; Sumpfmeise."},"content":{"rendered":"\n<p>Die Tage schon gesagt, mit dem kalten Wetter kommen bestimmt auch bald die <span style=\"text-decoration: underline;\">Kernbei\u00dfer<\/span> wieder in den Garten.<br><br>Nur ein Schnappschuss hinter Ge\u00e4st, der Vogel war noch etwas misstrauisch bez\u00fcglich der Futterspender. Mal schauen ob er morgen noch da ist und die eben frisch eingetroffenen Erdnuss-Splits entdeckt!<\/p>\n\n\n\n<figure class=\"wp-block-image size-large\"><a href=\"https:\/\/blog.birders-hf.de\/wp-content\/uploads\/2025\/11\/01_KB_BD.jpg\" target=\"_blank\" rel=\" noreferrer noopener\"><img loading=\"lazy\" decoding=\"async\" width=\"1024\" height=\"683\" src=\"https:\/\/blog.birders-hf.de\/wp-content\/uploads\/2025\/11\/01_KB_BD-1024x683.jpg\" alt=\"\" class=\"wp-image-25517\" srcset=\"https:\/\/blog.birders-hf.de\/wp-content\/uploads\/2025\/11\/01_KB_BD-1024x683.jpg 1024w, https:\/\/blog.birders-hf.de\/wp-content\/uploads\/2025\/11\/01_KB_BD-480x320.jpg 480w, https:\/\/blog.birders-hf.de\/wp-content\/uploads\/2025\/11\/01_KB_BD-768x512.jpg 768w, https:\/\/blog.birders-hf.de\/wp-content\/uploads\/2025\/11\/01_KB_BD-1536x1024.jpg 1536w, https:\/\/blog.birders-hf.de\/wp-content\/uploads\/2025\/11\/01_KB_BD-2048x1366.jpg 2048w\" sizes=\"auto, (max-width: 1024px) 100vw, 1024px\" \/><\/a><\/figure>\n\n\n\n<p><br>In sch\u00f6ner, hier noch eine <span style=\"text-decoration: underline;\">Sumpfmeise<\/span> von heute Morgen.<\/p>\n\n\n\n<figure class=\"wp-block-image size-large\"><a href=\"https:\/\/blog.birders-hf.de\/wp-content\/uploads\/2025\/11\/01_SM_BD.jpg\" target=\"_blank\" rel=\" noreferrer noopener\"><img loading=\"lazy\" decoding=\"async\" width=\"1024\" height=\"683\" src=\"https:\/\/blog.birders-hf.de\/wp-content\/uploads\/2025\/11\/01_SM_BD-1024x683.jpg\" alt=\"\" class=\"wp-image-25518\" srcset=\"https:\/\/blog.birders-hf.de\/wp-content\/uploads\/2025\/11\/01_SM_BD-1024x683.jpg 1024w, https:\/\/blog.birders-hf.de\/wp-content\/uploads\/2025\/11\/01_SM_BD-480x320.jpg 480w, https:\/\/blog.birders-hf.de\/wp-content\/uploads\/2025\/11\/01_SM_BD-768x512.jpg 768w, https:\/\/blog.birders-hf.de\/wp-content\/uploads\/2025\/11\/01_SM_BD-1536x1024.jpg 1536w, https:\/\/blog.birders-hf.de\/wp-content\/uploads\/2025\/11\/01_SM_BD-2048x1366.jpg 2048w\" sizes=\"auto, (max-width: 1024px) 100vw, 1024px\" \/><\/a><\/figure>\n\n\n\n<p><br>Die Tage wird noch eine Bodenfutterstation gebaut, dazu habe ich vorhin ein Vogelhaus zum umbauen \u00fcber Kleinanzeigen gekauft. Liebe Gr\u00fc\u00dfe an die Verk\u00e4uferin Regina! \ud83d\ude09\ud83d\udc4d<br><br><br>MfG L.E.<\/p>\n","protected":false},"excerpt":{"rendered":"<p>Die Tage schon gesagt, mit dem kalten Wetter kommen bestimmt auch bald die Kernbei\u00dfer wieder in den Garten. Nur ein Schnappschuss hinter Ge\u00e4st, der Vogel war noch etwas misstrauisch bez\u00fcglich &hellip; <a href=\"https:\/\/blog.birders-hf.de\/index.php\/2025\/11\/20\/kernbeisser-sumpfmeise\/\" class=\"more-link\"><span class=\"screen-reader-text\">Kernbei\u00dfer &amp; Sumpfmeise.<\/span> weiterlesen <span class=\"meta-nav\">&rarr;<\/span><\/a><\/p>\n","protected":false},"author":11,"featured_media":0,"comment_status":"open","ping_status":"open","sticky":false,"template":"","format":"standard","meta":{"footnotes":""},"categories":[1],"tags":[],"class_list":["post-25516","post","type-post","status-publish","format-standard","hentry","category-birding"],"_links":{"self":[{"href":"https:\/\/blog.birders-hf.de\/index.php\/wp-json\/wp\/v2\/posts\/25516","targetHints":{"allow":["GET"]}}],"collection":[{"href":"https:\/\/blog.birders-hf.de\/index.php\/wp-json\/wp\/v2\/posts"}],"about":[{"href":"https:\/\/blog.birders-hf.de\/index.php\/wp-json\/wp\/v2\/types\/post"}],"author":[{"embeddable":true,"href":"https:\/\/blog.birders-hf.de\/index.php\/wp-json\/wp\/v2\/users\/11"}],"replies":[{"embeddable":true,"href":"https:\/\/blog.birders-hf.de\/index.php\/wp-json\/wp\/v2\/comments?post=25516"}],"version-history":[{"count":1,"href":"https:\/\/blog.birders-hf.de\/index.php\/wp-json\/wp\/v2\/posts\/25516\/revisions"}],"predecessor-version":[{"id":25519,"href":"https:\/\/blog.birders-hf.de\/index.php\/wp-json\/wp\/v2\/posts\/25516\/revisions\/25519"}],"wp:attachment":[{"href":"https:\/\/blog.birders-hf.de\/index.php\/wp-json\/wp\/v2\/media?parent=25516"}],"wp:term":[{"taxonomy":"category","embeddable":true,"href":"https:\/\/blog.birders-hf.de\/index.php\/wp-json\/wp\/v2\/categories?post=25516"},{"taxonomy":"post_tag","embeddable":true,"href":"https:\/\/blog.birders-hf.de\/index.php\/wp-json\/wp\/v2\/tags?post=25516"}],"curies":[{"name":"wp","href":"https:\/\/api.w.org\/{rel}","templated":true}]}}