{"id":25448,"date":"2025-11-10T21:21:43","date_gmt":"2025-11-10T20:21:43","guid":{"rendered":"https:\/\/blog.birders-hf.de\/?p=25448"},"modified":"2025-11-10T21:23:14","modified_gmt":"2025-11-10T20:23:14","slug":"nachlese-68-jahrestagung-der-ostwestfaelisch-lippischen-ornithologen","status":"publish","type":"post","link":"https:\/\/blog.birders-hf.de\/index.php\/2025\/11\/10\/nachlese-68-jahrestagung-der-ostwestfaelisch-lippischen-ornithologen\/","title":{"rendered":"Nachlese 68. Jahrestagung der Ostwestf\u00e4lisch-Lippischen Ornithologen"},"content":{"rendered":"<div class=\"postie-post\">\n<div class=\"postie-attachments\"><a href=\"https:\/\/blog.birders-hf.de\/?attachment_id=25449\"><img decoding=\"async\" src=\"https:\/\/blog.birders-hf.de\/wp-content\/uploads\/2025\/11\/WhatsApp-Bild-2025-11-08-um-20.54.59_8824b50e-480x360.jpg\" alt=\"\" width=\"480px\" height=\"360px\" class=\"alignnone size-medium wp-image-25449\" srcset=\"https:\/\/blog.birders-hf.de\/wp-content\/uploads\/2025\/11\/WhatsApp-Bild-2025-11-08-um-20.54.59_8824b50e-480x360.jpg 480w, https:\/\/blog.birders-hf.de\/wp-content\/uploads\/2025\/11\/WhatsApp-Bild-2025-11-08-um-20.54.59_8824b50e-1024x768.jpg 1024w, https:\/\/blog.birders-hf.de\/wp-content\/uploads\/2025\/11\/WhatsApp-Bild-2025-11-08-um-20.54.59_8824b50e-768x576.jpg 768w, https:\/\/blog.birders-hf.de\/wp-content\/uploads\/2025\/11\/WhatsApp-Bild-2025-11-08-um-20.54.59_8824b50e-1536x1152.jpg 1536w, https:\/\/blog.birders-hf.de\/wp-content\/uploads\/2025\/11\/WhatsApp-Bild-2025-11-08-um-20.54.59_8824b50e.jpg 2048w\" sizes=\"(max-width: 480px) 100vw, 480px\" \/><\/a><br \/>\n<a href=\"https:\/\/blog.birders-hf.de\/?attachment_id=25450\"><img decoding=\"async\" src=\"https:\/\/blog.birders-hf.de\/wp-content\/uploads\/2025\/11\/WhatsApp-Bild-2025-11-09-um-20.19.12_0c88dd59-480x359.jpg\" alt=\"\" width=\"480px\" height=\"359px\" class=\"alignnone size-medium wp-image-25450\" srcset=\"https:\/\/blog.birders-hf.de\/wp-content\/uploads\/2025\/11\/WhatsApp-Bild-2025-11-09-um-20.19.12_0c88dd59-480x359.jpg 480w, https:\/\/blog.birders-hf.de\/wp-content\/uploads\/2025\/11\/WhatsApp-Bild-2025-11-09-um-20.19.12_0c88dd59-1024x766.jpg 1024w, https:\/\/blog.birders-hf.de\/wp-content\/uploads\/2025\/11\/WhatsApp-Bild-2025-11-09-um-20.19.12_0c88dd59-768x574.jpg 768w, https:\/\/blog.birders-hf.de\/wp-content\/uploads\/2025\/11\/WhatsApp-Bild-2025-11-09-um-20.19.12_0c88dd59-1536x1149.jpg 1536w, https:\/\/blog.birders-hf.de\/wp-content\/uploads\/2025\/11\/WhatsApp-Bild-2025-11-09-um-20.19.12_0c88dd59.jpg 2000w\" sizes=\"(max-width: 480px) 100vw, 480px\" \/><\/a><br \/>\n<a href=\"https:\/\/blog.birders-hf.de\/?attachment_id=25451\"><img decoding=\"async\" src=\"https:\/\/blog.birders-hf.de\/wp-content\/uploads\/2025\/11\/WhatsApp-Bild-2025-11-09-um-20.19.12_7f4cb022-480x359.jpg\" alt=\"\" width=\"480px\" height=\"359px\" class=\"alignnone size-medium wp-image-25451\" srcset=\"https:\/\/blog.birders-hf.de\/wp-content\/uploads\/2025\/11\/WhatsApp-Bild-2025-11-09-um-20.19.12_7f4cb022-480x359.jpg 480w, https:\/\/blog.birders-hf.de\/wp-content\/uploads\/2025\/11\/WhatsApp-Bild-2025-11-09-um-20.19.12_7f4cb022-1024x766.jpg 1024w, https:\/\/blog.birders-hf.de\/wp-content\/uploads\/2025\/11\/WhatsApp-Bild-2025-11-09-um-20.19.12_7f4cb022-768x574.jpg 768w, https:\/\/blog.birders-hf.de\/wp-content\/uploads\/2025\/11\/WhatsApp-Bild-2025-11-09-um-20.19.12_7f4cb022-1536x1149.jpg 1536w, https:\/\/blog.birders-hf.de\/wp-content\/uploads\/2025\/11\/WhatsApp-Bild-2025-11-09-um-20.19.12_7f4cb022.jpg 2000w\" sizes=\"(max-width: 480px) 100vw, 480px\" \/><\/a><\/div>\n<div>\n<p style=\"margin: 0px;\">Am letzten Samstag (8.11.25) fand die <span style=\"font-size: 14pt\"><strong>68. Jahrestagung<\/strong><\/span><\/p>\n<p style=\"margin: 0px;\"><span style=\"font-size: 14pt\"><strong>der Ostwestf\u00e4lisch-Lippischen Ornithologen<\/strong><\/span><\/p>\n<p style=\"margin: 0px;\">in der Uni Bielefeld mit rund 60 Teilnehmern statt.<\/p>\n<p style=\"margin: 0px;\">Um kurz nach 10 er\u00f6ffneten <strong>Heiner H\u00e4rtel und ich<\/strong> die Tagung und berichteten anschlie\u00dfend \u00fcber die Erstellung der <strong>72. Ausgabe des Ornithologischen Mitteilungsblattes.<\/strong> Das Heft ist mit 166 Seiten das bisher umfangst\u00e4rkste, unter anderem haben wir daf\u00fcr \u00fcber 126.000 Ornithodaten gesichtet und sind dabei an unsere Grenzen gesto\u00dfen. In Zukunft w\u00e4re es sehr w\u00fcnschenswert, wenn die Ornithodaten von den Beobachterinnen\/Beobachter selbst zusammengefasst und als Exeldatei an die Redaktion \u00fcbermittelt w\u00fcrden.<\/p>\n<p style=\"margin: 0px;\">Anschlie\u00dfend berichtete <strong>Michael Schulte<\/strong> \u00fcber die <strong>\u201eVogelwelt der Oerlinghauser &amp; Wistinghauser Senne\u201c<\/strong>. Der zu Beginn des Projektes von Nadelforst dominierte Bereich hat sich unter anderem durch den Einsatz von Rindern, Pferden und Ziegen in eine \u00fcberwiegend parkartige Landschaft verwandelt, so dass neben den Waldarten jetzt auch viele seltene Arten wie z.B. Wendehals und Ziegenmelker br\u00fcten.<\/p>\n<p style=\"margin: 0px;\"><strong>Karten Otte und ich <\/strong>stellten danach die <strong>Geschichte des Wanderfalken- und Uhuschutzes seit den 70iger Jahren in Westdeutschland mit Fakten und Anekdoten<\/strong> beispielhaft vor. Nach Jagd- und Giftverbot (z.B. DDT), bzw. Auswilderungsma\u00dfnahmen sind beide Arten heute nahezu fl\u00e4chendeckend in Westfalen verbreitet und dabei sicherlich so h\u00e4ufig wie nie zuvor.<\/p>\n<p style=\"margin: 0px;\">Vor der Mittagpause gaben <strong>Carmen R\u00f6hr<\/strong> und <strong>Meinolf Ottensman<\/strong>n eine Einf\u00fchrung in den <strong>derzeitigen Stand von Adebar 2<\/strong>. Mitarbeiter sind immer willkommen.<\/p>\n<p style=\"margin: 0px;\">Die<strong> \u201eBilder und Berichte aus der Region und anderen Landen\u201c<\/strong> (nach der Mittagspause) f\u00fchrten uns nach <strong>Spanien (Thekla- und Haubenlerche<\/strong>) und <strong>Island (u.a. Kragenente, Papageitaucher, Raubm\u00f6wen)<\/strong>.<\/p>\n<p style=\"margin: 0px;\"><strong>Nayden Chakarov <\/strong>berichtete \u00fcber Vogelberingung am Schwarzen Meer:<strong>\u201eDurankulak- am Strom des Vogelzuges\u201c. <\/strong>Er und seit Team beringen seit mehreren Jahren jeden Herbst f\u00fcr mehrere Wochen vor Ort. Die Beringungszahlen sind herausragend. Eine der h\u00e4ufigsten Arten ist der Zwergschn\u00e4pper.<\/p>\n<p style=\"margin: 0px;\"><strong>Tim Maximilian Rapps<\/strong> Vortrag: <strong>\u201eIllegaler Vogelfang auf Zypern und wie wir ihn bek\u00e4mpfen- die Arbeit des Komitees gegen Vogelmord e.V.<\/strong>\u201c zeigte den immer noch, insbesondere im Mittelmeerraum, sehr hohen Jagddruck auf Singv\u00f6gel. Der Einsatz der Teams wurde beeindruckend dargestellt.<\/p>\n<p style=\"margin: 0px;\">Zum Abschluss f\u00fchrte uns <strong>Dirk Wegener <\/strong>zu einigen<strong> Beobachtungsgebieten am ostatlantischen Flyway<\/strong> (angefangen auf Sylt bis nach Nordafrika) und stellte bemerkenswerte markante Arten vor.<\/p>\n<p style=\"margin: 0px;\">Die Tagung endete um 16 Uhr.<\/p>\n<p style=\"margin: 0px;\"><\/p>\n<p style=\"margin: 0px;\">J\u00f6rg Hadasch<\/p>\n<p style=\"margin: 0px;\"><\/p>\n<\/p><\/div>\n<\/div>\n","protected":false},"excerpt":{"rendered":"<p>Am letzten Samstag (8.11.25) fand die 68. Jahrestagung der Ostwestf\u00e4lisch-Lippischen Ornithologen in der Uni Bielefeld mit rund 60 Teilnehmern statt. Um kurz nach 10 er\u00f6ffneten Heiner H\u00e4rtel und ich die &hellip; <a href=\"https:\/\/blog.birders-hf.de\/index.php\/2025\/11\/10\/nachlese-68-jahrestagung-der-ostwestfaelisch-lippischen-ornithologen\/\" class=\"more-link\"><span class=\"screen-reader-text\">Nachlese 68. Jahrestagung der Ostwestf\u00e4lisch-Lippischen Ornithologen<\/span> weiterlesen <span class=\"meta-nav\">&rarr;<\/span><\/a><\/p>\n","protected":false},"author":1,"featured_media":0,"comment_status":"open","ping_status":"open","sticky":false,"template":"","format":"standard","meta":{"footnotes":""},"categories":[1],"tags":[],"class_list":["post-25448","post","type-post","status-publish","format-standard","hentry","category-birding"],"_links":{"self":[{"href":"https:\/\/blog.birders-hf.de\/index.php\/wp-json\/wp\/v2\/posts\/25448","targetHints":{"allow":["GET"]}}],"collection":[{"href":"https:\/\/blog.birders-hf.de\/index.php\/wp-json\/wp\/v2\/posts"}],"about":[{"href":"https:\/\/blog.birders-hf.de\/index.php\/wp-json\/wp\/v2\/types\/post"}],"author":[{"embeddable":true,"href":"https:\/\/blog.birders-hf.de\/index.php\/wp-json\/wp\/v2\/users\/1"}],"replies":[{"embeddable":true,"href":"https:\/\/blog.birders-hf.de\/index.php\/wp-json\/wp\/v2\/comments?post=25448"}],"version-history":[{"count":0,"href":"https:\/\/blog.birders-hf.de\/index.php\/wp-json\/wp\/v2\/posts\/25448\/revisions"}],"wp:attachment":[{"href":"https:\/\/blog.birders-hf.de\/index.php\/wp-json\/wp\/v2\/media?parent=25448"}],"wp:term":[{"taxonomy":"category","embeddable":true,"href":"https:\/\/blog.birders-hf.de\/index.php\/wp-json\/wp\/v2\/categories?post=25448"},{"taxonomy":"post_tag","embeddable":true,"href":"https:\/\/blog.birders-hf.de\/index.php\/wp-json\/wp\/v2\/tags?post=25448"}],"curies":[{"name":"wp","href":"https:\/\/api.w.org\/{rel}","templated":true}]}}