{"id":25405,"date":"2025-11-07T20:00:45","date_gmt":"2025-11-07T19:00:45","guid":{"rendered":"https:\/\/blog.birders-hf.de\/?p=25405"},"modified":"2025-11-07T20:00:45","modified_gmt":"2025-11-07T19:00:45","slug":"paderquellen-07-11-2025","status":"publish","type":"post","link":"https:\/\/blog.birders-hf.de\/index.php\/2025\/11\/07\/paderquellen-07-11-2025\/","title":{"rendered":"Paderquellen &#8211; 07.11.2025"},"content":{"rendered":"\n<p>Trotz Inversionswetterlage mit wenig Chance auf Sonne, ging es heute zu dritt in das Paderquellgebiet.<br><br>Von den drei &#8222;Superstars&#8220; der Paderquellen waren heute zwei Arten wunderbar zu beobachten und fotografieren.<br><br>Einzig die Gebirgsstelze war wenig kooperativ, daher habe ich da auch kein sch\u00f6nes Foto.<br><br>Daf\u00fcr war der <span style=\"text-decoration: underline;\">Eisvogel<\/span> so freundlich und pr\u00e4sentierte sich in k\u00fcrzester Entfernung. Da ich den Kollegen aber ja auch am Gartenteich gut fotografiert habe, hier nur ein Foto.<\/p>\n\n\n\n<figure class=\"wp-block-image size-large\"><a href=\"https:\/\/blog.birders-hf.de\/wp-content\/uploads\/2025\/11\/01_EV_PQ.jpg\" target=\"_blank\" rel=\" noreferrer noopener\"><img loading=\"lazy\" decoding=\"async\" width=\"1024\" height=\"683\" src=\"https:\/\/blog.birders-hf.de\/wp-content\/uploads\/2025\/11\/01_EV_PQ-1024x683.jpg\" alt=\"\" class=\"wp-image-25406\" srcset=\"https:\/\/blog.birders-hf.de\/wp-content\/uploads\/2025\/11\/01_EV_PQ-1024x683.jpg 1024w, https:\/\/blog.birders-hf.de\/wp-content\/uploads\/2025\/11\/01_EV_PQ-480x320.jpg 480w, https:\/\/blog.birders-hf.de\/wp-content\/uploads\/2025\/11\/01_EV_PQ-768x512.jpg 768w, https:\/\/blog.birders-hf.de\/wp-content\/uploads\/2025\/11\/01_EV_PQ-1536x1024.jpg 1536w, https:\/\/blog.birders-hf.de\/wp-content\/uploads\/2025\/11\/01_EV_PQ-2048x1366.jpg 2048w\" sizes=\"auto, (max-width: 1024px) 100vw, 1024px\" \/><\/a><\/figure>\n\n\n\n<p><br>\u00c4hnlich sch\u00f6n konnte man einen <span style=\"text-decoration: underline;\">Zaunk\u00f6nig<\/span> ablichten.<\/p>\n\n\n\n<figure class=\"wp-block-image size-large\"><a href=\"https:\/\/blog.birders-hf.de\/wp-content\/uploads\/2025\/11\/02_ZK_PQ.jpg\" target=\"_blank\" rel=\" noreferrer noopener\"><img loading=\"lazy\" decoding=\"async\" width=\"1024\" height=\"683\" src=\"https:\/\/blog.birders-hf.de\/wp-content\/uploads\/2025\/11\/02_ZK_PQ-1024x683.jpg\" alt=\"\" class=\"wp-image-25407\" srcset=\"https:\/\/blog.birders-hf.de\/wp-content\/uploads\/2025\/11\/02_ZK_PQ-1024x683.jpg 1024w, https:\/\/blog.birders-hf.de\/wp-content\/uploads\/2025\/11\/02_ZK_PQ-480x320.jpg 480w, https:\/\/blog.birders-hf.de\/wp-content\/uploads\/2025\/11\/02_ZK_PQ-768x512.jpg 768w, https:\/\/blog.birders-hf.de\/wp-content\/uploads\/2025\/11\/02_ZK_PQ-1536x1024.jpg 1536w, https:\/\/blog.birders-hf.de\/wp-content\/uploads\/2025\/11\/02_ZK_PQ-2048x1366.jpg 2048w\" sizes=\"auto, (max-width: 1024px) 100vw, 1024px\" \/><\/a><\/figure>\n\n\n\n<p><br>Der Knaller waren allerdings die beiden <span style=\"text-decoration: underline;\">Wasseramseln<\/span>!<br><br>Noch bevor wir die Wasseramseln gesichtet hatten, h\u00f6rte ich \u00fcber den Baul\u00e4rm hinweg einen Fr\u00fchlingshaften Vogelgesang.<\/p>\n\n\n\n<figure class=\"wp-block-image size-large\"><a href=\"https:\/\/blog.birders-hf.de\/wp-content\/uploads\/2025\/11\/03_WA_PQ.jpg\" target=\"_blank\" rel=\" noreferrer noopener\"><img loading=\"lazy\" decoding=\"async\" width=\"1024\" height=\"683\" src=\"https:\/\/blog.birders-hf.de\/wp-content\/uploads\/2025\/11\/03_WA_PQ-1024x683.jpg\" alt=\"\" class=\"wp-image-25408\" srcset=\"https:\/\/blog.birders-hf.de\/wp-content\/uploads\/2025\/11\/03_WA_PQ-1024x683.jpg 1024w, https:\/\/blog.birders-hf.de\/wp-content\/uploads\/2025\/11\/03_WA_PQ-480x320.jpg 480w, https:\/\/blog.birders-hf.de\/wp-content\/uploads\/2025\/11\/03_WA_PQ-768x512.jpg 768w, https:\/\/blog.birders-hf.de\/wp-content\/uploads\/2025\/11\/03_WA_PQ-1536x1024.jpg 1536w, https:\/\/blog.birders-hf.de\/wp-content\/uploads\/2025\/11\/03_WA_PQ-2048x1366.jpg 2048w\" sizes=\"auto, (max-width: 1024px) 100vw, 1024px\" \/><\/a><\/figure>\n\n\n\n<p><br>Hier wurde ordentlich gebalzt!<\/p>\n\n\n\n<figure class=\"wp-block-image size-large\"><a href=\"https:\/\/blog.birders-hf.de\/wp-content\/uploads\/2025\/11\/04_WA_PQ.jpg\" target=\"_blank\" rel=\" noreferrer noopener\"><img loading=\"lazy\" decoding=\"async\" width=\"1024\" height=\"683\" src=\"https:\/\/blog.birders-hf.de\/wp-content\/uploads\/2025\/11\/04_WA_PQ-1024x683.jpg\" alt=\"\" class=\"wp-image-25409\" srcset=\"https:\/\/blog.birders-hf.de\/wp-content\/uploads\/2025\/11\/04_WA_PQ-1024x683.jpg 1024w, https:\/\/blog.birders-hf.de\/wp-content\/uploads\/2025\/11\/04_WA_PQ-480x320.jpg 480w, https:\/\/blog.birders-hf.de\/wp-content\/uploads\/2025\/11\/04_WA_PQ-768x512.jpg 768w, https:\/\/blog.birders-hf.de\/wp-content\/uploads\/2025\/11\/04_WA_PQ-1536x1024.jpg 1536w, https:\/\/blog.birders-hf.de\/wp-content\/uploads\/2025\/11\/04_WA_PQ-2048x1366.jpg 2048w\" sizes=\"auto, (max-width: 1024px) 100vw, 1024px\" \/><\/a><\/figure>\n\n\n\n<p><br>Man konnte die herrlichen V\u00f6gel aus n\u00e4chster N\u00e4he beobachten.<\/p>\n\n\n\n<figure class=\"wp-block-image size-large\"><a href=\"https:\/\/blog.birders-hf.de\/wp-content\/uploads\/2025\/11\/05_WA_PQ.jpg\" target=\"_blank\" rel=\" noreferrer noopener\"><img loading=\"lazy\" decoding=\"async\" width=\"1024\" height=\"683\" src=\"https:\/\/blog.birders-hf.de\/wp-content\/uploads\/2025\/11\/05_WA_PQ-1024x683.jpg\" alt=\"\" class=\"wp-image-25410\" srcset=\"https:\/\/blog.birders-hf.de\/wp-content\/uploads\/2025\/11\/05_WA_PQ-1024x683.jpg 1024w, https:\/\/blog.birders-hf.de\/wp-content\/uploads\/2025\/11\/05_WA_PQ-480x320.jpg 480w, https:\/\/blog.birders-hf.de\/wp-content\/uploads\/2025\/11\/05_WA_PQ-768x512.jpg 768w, https:\/\/blog.birders-hf.de\/wp-content\/uploads\/2025\/11\/05_WA_PQ-1536x1024.jpg 1536w, https:\/\/blog.birders-hf.de\/wp-content\/uploads\/2025\/11\/05_WA_PQ-2048x1366.jpg 2048w\" sizes=\"auto, (max-width: 1024px) 100vw, 1024px\" \/><\/a><\/figure>\n\n\n\n<p><br>Hier habe ich Marcel die Idee mit dem Kopfportrait &#8222;geklaut&#8220;, sorry! \ud83d\ude1c<\/p>\n\n\n\n<figure class=\"wp-block-image size-large\"><a href=\"https:\/\/blog.birders-hf.de\/wp-content\/uploads\/2025\/11\/06_WA_PQ.jpg\" target=\"_blank\" rel=\" noreferrer noopener\"><img loading=\"lazy\" decoding=\"async\" width=\"1024\" height=\"683\" src=\"https:\/\/blog.birders-hf.de\/wp-content\/uploads\/2025\/11\/06_WA_PQ-1024x683.jpg\" alt=\"\" class=\"wp-image-25411\" srcset=\"https:\/\/blog.birders-hf.de\/wp-content\/uploads\/2025\/11\/06_WA_PQ-1024x683.jpg 1024w, https:\/\/blog.birders-hf.de\/wp-content\/uploads\/2025\/11\/06_WA_PQ-480x320.jpg 480w, https:\/\/blog.birders-hf.de\/wp-content\/uploads\/2025\/11\/06_WA_PQ-768x512.jpg 768w, https:\/\/blog.birders-hf.de\/wp-content\/uploads\/2025\/11\/06_WA_PQ-1536x1024.jpg 1536w, https:\/\/blog.birders-hf.de\/wp-content\/uploads\/2025\/11\/06_WA_PQ-2048x1366.jpg 2048w\" sizes=\"auto, (max-width: 1024px) 100vw, 1024px\" \/><\/a><\/figure>\n\n\n\n<p><br>Nur die Sonne hat etwas gefehlt, vielleicht hatte die Gebirgsstelze deswegen nicht ihren besten Tag!<br><br><br>MfG L.E.<\/p>\n","protected":false},"excerpt":{"rendered":"<p>Trotz Inversionswetterlage mit wenig Chance auf Sonne, ging es heute zu dritt in das Paderquellgebiet. Von den drei &#8222;Superstars&#8220; der Paderquellen waren heute zwei Arten wunderbar zu beobachten und fotografieren. &hellip; <a href=\"https:\/\/blog.birders-hf.de\/index.php\/2025\/11\/07\/paderquellen-07-11-2025\/\" class=\"more-link\"><span class=\"screen-reader-text\">Paderquellen &#8211; 07.11.2025<\/span> weiterlesen <span class=\"meta-nav\">&rarr;<\/span><\/a><\/p>\n","protected":false},"author":11,"featured_media":0,"comment_status":"open","ping_status":"open","sticky":false,"template":"","format":"standard","meta":{"footnotes":""},"categories":[1],"tags":[],"class_list":["post-25405","post","type-post","status-publish","format-standard","hentry","category-birding"],"_links":{"self":[{"href":"https:\/\/blog.birders-hf.de\/index.php\/wp-json\/wp\/v2\/posts\/25405","targetHints":{"allow":["GET"]}}],"collection":[{"href":"https:\/\/blog.birders-hf.de\/index.php\/wp-json\/wp\/v2\/posts"}],"about":[{"href":"https:\/\/blog.birders-hf.de\/index.php\/wp-json\/wp\/v2\/types\/post"}],"author":[{"embeddable":true,"href":"https:\/\/blog.birders-hf.de\/index.php\/wp-json\/wp\/v2\/users\/11"}],"replies":[{"embeddable":true,"href":"https:\/\/blog.birders-hf.de\/index.php\/wp-json\/wp\/v2\/comments?post=25405"}],"version-history":[{"count":1,"href":"https:\/\/blog.birders-hf.de\/index.php\/wp-json\/wp\/v2\/posts\/25405\/revisions"}],"predecessor-version":[{"id":25412,"href":"https:\/\/blog.birders-hf.de\/index.php\/wp-json\/wp\/v2\/posts\/25405\/revisions\/25412"}],"wp:attachment":[{"href":"https:\/\/blog.birders-hf.de\/index.php\/wp-json\/wp\/v2\/media?parent=25405"}],"wp:term":[{"taxonomy":"category","embeddable":true,"href":"https:\/\/blog.birders-hf.de\/index.php\/wp-json\/wp\/v2\/categories?post=25405"},{"taxonomy":"post_tag","embeddable":true,"href":"https:\/\/blog.birders-hf.de\/index.php\/wp-json\/wp\/v2\/tags?post=25405"}],"curies":[{"name":"wp","href":"https:\/\/api.w.org\/{rel}","templated":true}]}}