{"id":25278,"date":"2025-10-29T19:27:42","date_gmt":"2025-10-29T18:27:42","guid":{"rendered":"https:\/\/blog.birders-hf.de\/?p=25278"},"modified":"2025-10-29T19:29:19","modified_gmt":"2025-10-29T18:29:19","slug":"windheimer-marsch-lahde-2","status":"publish","type":"post","link":"https:\/\/blog.birders-hf.de\/index.php\/2025\/10\/29\/windheimer-marsch-lahde-2\/","title":{"rendered":"Windheimer Marsch &amp; Lahde"},"content":{"rendered":"<div class=\"postie-post\">\n<div class=\"postie-attachments\"><a href=\"https:\/\/blog.birders-hf.de\/?attachment_id=25279\"><img decoding=\"async\" src=\"https:\/\/blog.birders-hf.de\/wp-content\/uploads\/2025\/10\/IMG_3326-480x318.jpg\" alt=\"\" width=\"480px\" height=\"318px\" class=\"alignnone size-medium wp-image-25279\" srcset=\"https:\/\/blog.birders-hf.de\/wp-content\/uploads\/2025\/10\/IMG_3326-480x318.jpg 480w, https:\/\/blog.birders-hf.de\/wp-content\/uploads\/2025\/10\/IMG_3326.jpg 640w\" sizes=\"(max-width: 480px) 100vw, 480px\" \/><\/a><br \/>\n<a href=\"https:\/\/blog.birders-hf.de\/?attachment_id=25280\"><img decoding=\"async\" src=\"https:\/\/blog.birders-hf.de\/wp-content\/uploads\/2025\/10\/IMG_3336-480x318.jpg\" alt=\"\" width=\"480px\" height=\"318px\" class=\"alignnone size-medium wp-image-25280\" srcset=\"https:\/\/blog.birders-hf.de\/wp-content\/uploads\/2025\/10\/IMG_3336-480x318.jpg 480w, https:\/\/blog.birders-hf.de\/wp-content\/uploads\/2025\/10\/IMG_3336.jpg 640w\" sizes=\"(max-width: 480px) 100vw, 480px\" \/><\/a><br \/>\n<a href=\"https:\/\/blog.birders-hf.de\/?attachment_id=25281\"><img decoding=\"async\" src=\"https:\/\/blog.birders-hf.de\/wp-content\/uploads\/2025\/10\/IMG_3354-480x318.jpg\" alt=\"\" width=\"480px\" height=\"318px\" class=\"alignnone size-medium wp-image-25281\" srcset=\"https:\/\/blog.birders-hf.de\/wp-content\/uploads\/2025\/10\/IMG_3354-480x318.jpg 480w, https:\/\/blog.birders-hf.de\/wp-content\/uploads\/2025\/10\/IMG_3354.jpg 640w\" sizes=\"(max-width: 480px) 100vw, 480px\" \/><\/a><\/div>\n<div style=\"font-family: 'verdana'; font-size: 12px; color: #000;\"><span style=\"background-color: #ffffff;\">Heute Vormittag<\/span><\/div>\n<div style=\"font-family: 'verdana'; font-size: 12px; color: #000;\"><span style=\"background-color: #ffffff;\">Nordwestlich der H\u00fctte&nbsp;<\/span><\/div>\n<div style=\"font-family: 'verdana'; font-size: 12px; color: #000;\"><span style=\"background-color: #ffffff;\">1 ad. Kranich nicht beringt, mein Eindruck Fit,<\/span><\/div>\n<div style=\"font-family: 'verdana'; font-size: 12px; color: #000;\"><span style=\"background-color: #ffffff;\">kurze Filmaufnahmen gemacht.<\/span><\/div>\n<div style=\"font-family: 'verdana'; font-size: 12px; color: #000;\"><span style=\"background-color: #ffffff;\">Kraftwerk Lahde<\/span><\/div>\n<div style=\"font-family: 'verdana'; font-size: 12px; color: #000;\"><span style=\"background-color: #ffffff;\">1 ad. Wanderfalke am Kasten vom K\u00fchlturm<\/span><\/div>\n<div style=\"font-family: 'verdana'; font-size: 12px; color: #000;\"><span style=\"background-color: #ffffff;\">Gru\u00df<\/span><\/div>\n<div style=\"font-family: 'verdana'; font-size: 12px; color: #000;\"><span style=\"background-color: #ffffff;\">Hans-J\u00fcrgen Meier<\/span><\/div>\n<\/div>\n","protected":false},"excerpt":{"rendered":"<p>Heute Vormittag Nordwestlich der H\u00fctte&nbsp; 1 ad. Kranich nicht beringt, mein Eindruck Fit, kurze Filmaufnahmen gemacht. Kraftwerk Lahde 1 ad. Wanderfalke am Kasten vom K\u00fchlturm Gru\u00df Hans-J\u00fcrgen Meier<\/p>\n","protected":false},"author":1,"featured_media":0,"comment_status":"open","ping_status":"open","sticky":false,"template":"","format":"standard","meta":{"footnotes":""},"categories":[1],"tags":[],"class_list":["post-25278","post","type-post","status-publish","format-standard","hentry","category-birding"],"_links":{"self":[{"href":"https:\/\/blog.birders-hf.de\/index.php\/wp-json\/wp\/v2\/posts\/25278","targetHints":{"allow":["GET"]}}],"collection":[{"href":"https:\/\/blog.birders-hf.de\/index.php\/wp-json\/wp\/v2\/posts"}],"about":[{"href":"https:\/\/blog.birders-hf.de\/index.php\/wp-json\/wp\/v2\/types\/post"}],"author":[{"embeddable":true,"href":"https:\/\/blog.birders-hf.de\/index.php\/wp-json\/wp\/v2\/users\/1"}],"replies":[{"embeddable":true,"href":"https:\/\/blog.birders-hf.de\/index.php\/wp-json\/wp\/v2\/comments?post=25278"}],"version-history":[{"count":0,"href":"https:\/\/blog.birders-hf.de\/index.php\/wp-json\/wp\/v2\/posts\/25278\/revisions"}],"wp:attachment":[{"href":"https:\/\/blog.birders-hf.de\/index.php\/wp-json\/wp\/v2\/media?parent=25278"}],"wp:term":[{"taxonomy":"category","embeddable":true,"href":"https:\/\/blog.birders-hf.de\/index.php\/wp-json\/wp\/v2\/categories?post=25278"},{"taxonomy":"post_tag","embeddable":true,"href":"https:\/\/blog.birders-hf.de\/index.php\/wp-json\/wp\/v2\/tags?post=25278"}],"curies":[{"name":"wp","href":"https:\/\/api.w.org\/{rel}","templated":true}]}}