{"id":25256,"date":"2025-10-27T17:59:31","date_gmt":"2025-10-27T16:59:31","guid":{"rendered":"https:\/\/blog.birders-hf.de\/?p=25256"},"modified":"2025-10-27T17:59:31","modified_gmt":"2025-10-27T16:59:31","slug":"garten-und-enger-bruch-26-27-10-2025","status":"publish","type":"post","link":"https:\/\/blog.birders-hf.de\/index.php\/2025\/10\/27\/garten-und-enger-bruch-26-27-10-2025\/","title":{"rendered":"Garten und Enger Bruch 26.-27.10.2025"},"content":{"rendered":"\n<p>Hallo zusammen,<\/p>\n\n\n\n<p>gestern waren junge Igel im Garten unterwegs. Insgesamt waren es 3 junge und ein ausgewachsener Igel. Die waren leider sehr weit auseinander. Fotografiert habe ich daher nur einen der 3 jungen.<\/p>\n\n\n\n<figure class=\"wp-block-image size-large\"><a href=\"https:\/\/blog.birders-hf.de\/wp-content\/uploads\/2025\/10\/A1_03978-scaled.jpg\" target=\"_blank\" rel=\" noreferrer noopener\"><img loading=\"lazy\" decoding=\"async\" width=\"1024\" height=\"768\" src=\"https:\/\/blog.birders-hf.de\/wp-content\/uploads\/2025\/10\/A1_03978-1024x768.jpg\" alt=\"\" class=\"wp-image-25257\" srcset=\"https:\/\/blog.birders-hf.de\/wp-content\/uploads\/2025\/10\/A1_03978-1024x768.jpg 1024w, https:\/\/blog.birders-hf.de\/wp-content\/uploads\/2025\/10\/A1_03978-480x360.jpg 480w, https:\/\/blog.birders-hf.de\/wp-content\/uploads\/2025\/10\/A1_03978-768x576.jpg 768w, https:\/\/blog.birders-hf.de\/wp-content\/uploads\/2025\/10\/A1_03978-1536x1152.jpg 1536w, https:\/\/blog.birders-hf.de\/wp-content\/uploads\/2025\/10\/A1_03978-2048x1536.jpg 2048w\" sizes=\"auto, (max-width: 1024px) 100vw, 1024px\" \/><\/a><\/figure>\n\n\n\n<figure class=\"wp-block-image size-large\"><a href=\"https:\/\/blog.birders-hf.de\/wp-content\/uploads\/2025\/10\/A1_03819-scaled.jpg\" target=\"_blank\" rel=\" noreferrer noopener\"><img loading=\"lazy\" decoding=\"async\" width=\"1024\" height=\"768\" src=\"https:\/\/blog.birders-hf.de\/wp-content\/uploads\/2025\/10\/A1_03819-1024x768.jpg\" alt=\"\" class=\"wp-image-25258\" srcset=\"https:\/\/blog.birders-hf.de\/wp-content\/uploads\/2025\/10\/A1_03819-1024x768.jpg 1024w, https:\/\/blog.birders-hf.de\/wp-content\/uploads\/2025\/10\/A1_03819-480x360.jpg 480w, https:\/\/blog.birders-hf.de\/wp-content\/uploads\/2025\/10\/A1_03819-768x576.jpg 768w, https:\/\/blog.birders-hf.de\/wp-content\/uploads\/2025\/10\/A1_03819-1536x1152.jpg 1536w, https:\/\/blog.birders-hf.de\/wp-content\/uploads\/2025\/10\/A1_03819-2048x1536.jpg 2048w\" sizes=\"auto, (max-width: 1024px) 100vw, 1024px\" \/><\/a><\/figure>\n\n\n\n<p>Das sind ein paar richtig sch\u00f6ne Herbstfotos geworden.<\/p>\n\n\n\n<p>Heute hat sich dann nochmal einer der blicken lassen. Und der war frech und hat mir die Zunge rausgestreckt.<\/p>\n\n\n\n<figure class=\"wp-block-image size-large\"><a href=\"https:\/\/blog.birders-hf.de\/wp-content\/uploads\/2025\/10\/A1_04307-scaled.jpg\" target=\"_blank\" rel=\" noreferrer noopener\"><img loading=\"lazy\" decoding=\"async\" width=\"1024\" height=\"768\" src=\"https:\/\/blog.birders-hf.de\/wp-content\/uploads\/2025\/10\/A1_04307-1024x768.jpg\" alt=\"\" class=\"wp-image-25259\" srcset=\"https:\/\/blog.birders-hf.de\/wp-content\/uploads\/2025\/10\/A1_04307-1024x768.jpg 1024w, https:\/\/blog.birders-hf.de\/wp-content\/uploads\/2025\/10\/A1_04307-480x360.jpg 480w, https:\/\/blog.birders-hf.de\/wp-content\/uploads\/2025\/10\/A1_04307-768x576.jpg 768w, https:\/\/blog.birders-hf.de\/wp-content\/uploads\/2025\/10\/A1_04307-1536x1152.jpg 1536w, https:\/\/blog.birders-hf.de\/wp-content\/uploads\/2025\/10\/A1_04307-2048x1536.jpg 2048w\" sizes=\"auto, (max-width: 1024px) 100vw, 1024px\" \/><\/a><\/figure>\n\n\n\n<p><\/p>\n\n\n\n<p>Als heute Nachmittag die Sonne raus kam, bin ich dann doch nochmal in den Enger Bruch gefahren um zu gucken, was da so los ist. \u00dcberall steht jetzt wieder richtig viel Wasser. An der Schafswiese wurden die B\u00e4ume gestutzt. Der Beschnitt lag noch am Weg.<\/p>\n\n\n\n<p>Da haben sich einige Goldammern getummelt. Ich konnte leider nich genau z\u00e4hlen wie viele es waren. Aber ich sch\u00e4tze mal so ca. 20-30 St\u00fcck, die immer wieder hin und her geflogen sind.<\/p>\n\n\n\n<figure class=\"wp-block-image size-large\"><a href=\"https:\/\/blog.birders-hf.de\/wp-content\/uploads\/2025\/10\/A1_04639-scaled.jpg\" target=\"_blank\" rel=\" noreferrer noopener\"><img loading=\"lazy\" decoding=\"async\" width=\"1024\" height=\"768\" src=\"https:\/\/blog.birders-hf.de\/wp-content\/uploads\/2025\/10\/A1_04639-1024x768.jpg\" alt=\"\" class=\"wp-image-25260\" srcset=\"https:\/\/blog.birders-hf.de\/wp-content\/uploads\/2025\/10\/A1_04639-1024x768.jpg 1024w, https:\/\/blog.birders-hf.de\/wp-content\/uploads\/2025\/10\/A1_04639-480x360.jpg 480w, https:\/\/blog.birders-hf.de\/wp-content\/uploads\/2025\/10\/A1_04639-768x576.jpg 768w, https:\/\/blog.birders-hf.de\/wp-content\/uploads\/2025\/10\/A1_04639-1536x1152.jpg 1536w, https:\/\/blog.birders-hf.de\/wp-content\/uploads\/2025\/10\/A1_04639-2048x1536.jpg 2048w\" sizes=\"auto, (max-width: 1024px) 100vw, 1024px\" \/><\/a><\/figure>\n\n\n\n<figure class=\"wp-block-image size-large\"><a href=\"https:\/\/blog.birders-hf.de\/wp-content\/uploads\/2025\/10\/A1_04777-scaled.jpg\" target=\"_blank\" rel=\" noreferrer noopener\"><img loading=\"lazy\" decoding=\"async\" width=\"1024\" height=\"768\" src=\"https:\/\/blog.birders-hf.de\/wp-content\/uploads\/2025\/10\/A1_04777-1024x768.jpg\" alt=\"\" class=\"wp-image-25261\" srcset=\"https:\/\/blog.birders-hf.de\/wp-content\/uploads\/2025\/10\/A1_04777-1024x768.jpg 1024w, https:\/\/blog.birders-hf.de\/wp-content\/uploads\/2025\/10\/A1_04777-480x360.jpg 480w, https:\/\/blog.birders-hf.de\/wp-content\/uploads\/2025\/10\/A1_04777-768x576.jpg 768w, https:\/\/blog.birders-hf.de\/wp-content\/uploads\/2025\/10\/A1_04777-1536x1152.jpg 1536w, https:\/\/blog.birders-hf.de\/wp-content\/uploads\/2025\/10\/A1_04777-2048x1536.jpg 2048w\" sizes=\"auto, (max-width: 1024px) 100vw, 1024px\" \/><\/a><\/figure>\n\n\n\n<p>Leider hat sich der Himmel dann schnell wieder zugezogen. Aber war trotzdem ganz sch\u00f6n dort. Auch wenn es nur kurz war.<\/p>\n\n\n\n<p>Die Kranichwiese wurde auch wieder gem\u00e4ht. Dabei sind dann die Nilg\u00e4nse aufgeflogen. Es war leider schon etwas zu dunkel. Aber ist trotzdem noch ein ganz gutes Bild geworden finde ich.<\/p>\n\n\n\n<figure class=\"wp-block-image size-full\"><a href=\"https:\/\/blog.birders-hf.de\/wp-content\/uploads\/2025\/10\/A1_04838.png\" target=\"_blank\" rel=\" noreferrer noopener\"><img loading=\"lazy\" decoding=\"async\" width=\"1000\" height=\"562\" src=\"https:\/\/blog.birders-hf.de\/wp-content\/uploads\/2025\/10\/A1_04838.png\" alt=\"\" class=\"wp-image-25262\" srcset=\"https:\/\/blog.birders-hf.de\/wp-content\/uploads\/2025\/10\/A1_04838.png 1000w, https:\/\/blog.birders-hf.de\/wp-content\/uploads\/2025\/10\/A1_04838-480x270.png 480w, https:\/\/blog.birders-hf.de\/wp-content\/uploads\/2025\/10\/A1_04838-768x432.png 768w\" sizes=\"auto, (max-width: 1000px) 100vw, 1000px\" \/><\/a><\/figure>\n\n\n\n<p><\/p>\n\n\n\n<p>MfG<\/p>\n\n\n\n<p>Marcel<\/p>\n","protected":false},"excerpt":{"rendered":"<p>Hallo zusammen, gestern waren junge Igel im Garten unterwegs. Insgesamt waren es 3 junge und ein ausgewachsener Igel. Die waren leider sehr weit auseinander. Fotografiert habe ich daher nur einen &hellip; <a href=\"https:\/\/blog.birders-hf.de\/index.php\/2025\/10\/27\/garten-und-enger-bruch-26-27-10-2025\/\" class=\"more-link\"><span class=\"screen-reader-text\">Garten und Enger Bruch 26.-27.10.2025<\/span> weiterlesen <span class=\"meta-nav\">&rarr;<\/span><\/a><\/p>\n","protected":false},"author":12,"featured_media":0,"comment_status":"open","ping_status":"open","sticky":false,"template":"","format":"standard","meta":{"footnotes":""},"categories":[1],"tags":[],"class_list":["post-25256","post","type-post","status-publish","format-standard","hentry","category-birding"],"_links":{"self":[{"href":"https:\/\/blog.birders-hf.de\/index.php\/wp-json\/wp\/v2\/posts\/25256","targetHints":{"allow":["GET"]}}],"collection":[{"href":"https:\/\/blog.birders-hf.de\/index.php\/wp-json\/wp\/v2\/posts"}],"about":[{"href":"https:\/\/blog.birders-hf.de\/index.php\/wp-json\/wp\/v2\/types\/post"}],"author":[{"embeddable":true,"href":"https:\/\/blog.birders-hf.de\/index.php\/wp-json\/wp\/v2\/users\/12"}],"replies":[{"embeddable":true,"href":"https:\/\/blog.birders-hf.de\/index.php\/wp-json\/wp\/v2\/comments?post=25256"}],"version-history":[{"count":1,"href":"https:\/\/blog.birders-hf.de\/index.php\/wp-json\/wp\/v2\/posts\/25256\/revisions"}],"predecessor-version":[{"id":25263,"href":"https:\/\/blog.birders-hf.de\/index.php\/wp-json\/wp\/v2\/posts\/25256\/revisions\/25263"}],"wp:attachment":[{"href":"https:\/\/blog.birders-hf.de\/index.php\/wp-json\/wp\/v2\/media?parent=25256"}],"wp:term":[{"taxonomy":"category","embeddable":true,"href":"https:\/\/blog.birders-hf.de\/index.php\/wp-json\/wp\/v2\/categories?post=25256"},{"taxonomy":"post_tag","embeddable":true,"href":"https:\/\/blog.birders-hf.de\/index.php\/wp-json\/wp\/v2\/tags?post=25256"}],"curies":[{"name":"wp","href":"https:\/\/api.w.org\/{rel}","templated":true}]}}