{"id":25243,"date":"2025-10-25T20:22:36","date_gmt":"2025-10-25T18:22:36","guid":{"rendered":"https:\/\/blog.birders-hf.de\/?p=25243"},"modified":"2025-10-25T22:09:46","modified_gmt":"2025-10-25T20:09:46","slug":"gartenvoegel-barduettingdorf-4","status":"publish","type":"post","link":"https:\/\/blog.birders-hf.de\/index.php\/2025\/10\/25\/gartenvoegel-barduettingdorf-4\/","title":{"rendered":"Gartenv\u00f6gel &#8211; Bard\u00fcttingdorf."},"content":{"rendered":"\n<p>Weil Michael es angesprochen hat, mal ein paar Infos zu meiner Gartenliste.<br><br>Mit einem ganz besonderen Vogel, den ich vor wenigen Tagen leider nur 1x geh\u00f6rt und 2 Tage sp\u00e4ter kurz gesehen habe (f\u00fcr Ornitho reicht das offensichtlich nicht, die Beobachtung wird angezweifelt), komme ich auf 96 Vogelarten, die ich seit Mai letzten Jahres in und von meinem Garten aus entdecken konnte.<br><br>Darunter z.B. auch Wiedehopf, Bienenfresser, Schwarzstorch und einen Austernfischer.<br><br>Der Garten liegt in einer sehr strukturreichen Landschaft, was die Chance auf viele verschiedene Arten nat\u00fcrlich erh\u00f6ht.<br><br>Im nahen Umkreis sind zahlreiche kleinere Gew\u00e4sser.<br><br>Dazu kommt eine hohe Weitsicht in Richtung Nord-Nordwest mit den Meller Bergen als Begrenzung. <br><br>Ich betreibe eine Ganzjahresf\u00fctterung und habe neben zahlreichen Futterstellen auch viele Nisthilfen, Eulenkasten, Fledermauskasten, Greifvogelansitz, etc.<br><br>Ein Bestand an unterschiedlichen hohen B\u00e4umen (2 Kiefern, Kastanie, Kirschen, Haselnuss und weitere), einige B\u00fcsche, viel freie Fl\u00e4che und ein Teich, quasi Park\u00e4hnlich, lockt die unterschiedlichsten Arten an.<br><br>Mein Nachbar linksseitig hat alten Obstbaumbestand und dort wird auch gef\u00fcttert.<br><br>Eine angrenze Kuhweide, ein Acker und viel Wald tragen zum Artenreichtum bei.<br><br>Bei mir gibt es auch viele &#8222;Beikr\u00e4uter&#8220;, Wilde Karde und Distel d\u00fcrfen stehen bleiben und auch aussamen.<\/p>\n\n\n\n<figure class=\"wp-block-image size-large\"><a href=\"https:\/\/blog.birders-hf.de\/wp-content\/uploads\/2025\/10\/00_GV_BD.jpg\" target=\"_blank\" rel=\" noreferrer noopener\"><img loading=\"lazy\" decoding=\"async\" width=\"1024\" height=\"683\" src=\"https:\/\/blog.birders-hf.de\/wp-content\/uploads\/2025\/10\/00_GV_BD-1024x683.jpg\" alt=\"\" class=\"wp-image-25244\" srcset=\"https:\/\/blog.birders-hf.de\/wp-content\/uploads\/2025\/10\/00_GV_BD-1024x683.jpg 1024w, https:\/\/blog.birders-hf.de\/wp-content\/uploads\/2025\/10\/00_GV_BD-480x320.jpg 480w, https:\/\/blog.birders-hf.de\/wp-content\/uploads\/2025\/10\/00_GV_BD-768x512.jpg 768w, https:\/\/blog.birders-hf.de\/wp-content\/uploads\/2025\/10\/00_GV_BD-1536x1024.jpg 1536w, https:\/\/blog.birders-hf.de\/wp-content\/uploads\/2025\/10\/00_GV_BD-2048x1366.jpg 2048w\" sizes=\"auto, (max-width: 1024px) 100vw, 1024px\" \/><\/a><\/figure>\n\n\n\n<p><br>Einige der gefiederten Freunde kenne ich schon l\u00e4nger und habe denen schon Namen gegeben. \ud83d\ude09<br><br>So z.B. &#8222;Flecki&#8220;. Ein <span style=\"text-decoration: underline;\">Buntspecht<\/span> mit einer untypischen F\u00e4rbung auf der Stirn. Er, wie auch mindestens 7 weitere Buntspechte kommen an die Futterstellen und sind besonders auf die Meisenkn\u00f6del fixiert.<\/p>\n\n\n\n<figure class=\"wp-block-image size-large\"><a href=\"https:\/\/blog.birders-hf.de\/wp-content\/uploads\/2025\/10\/01_BS_BD.jpg\" target=\"_blank\" rel=\" noreferrer noopener\"><img loading=\"lazy\" decoding=\"async\" width=\"1024\" height=\"683\" src=\"https:\/\/blog.birders-hf.de\/wp-content\/uploads\/2025\/10\/01_BS_BD-1024x683.jpg\" alt=\"\" class=\"wp-image-25245\" srcset=\"https:\/\/blog.birders-hf.de\/wp-content\/uploads\/2025\/10\/01_BS_BD-1024x683.jpg 1024w, https:\/\/blog.birders-hf.de\/wp-content\/uploads\/2025\/10\/01_BS_BD-480x320.jpg 480w, https:\/\/blog.birders-hf.de\/wp-content\/uploads\/2025\/10\/01_BS_BD-768x512.jpg 768w, https:\/\/blog.birders-hf.de\/wp-content\/uploads\/2025\/10\/01_BS_BD-1536x1024.jpg 1536w, https:\/\/blog.birders-hf.de\/wp-content\/uploads\/2025\/10\/01_BS_BD-2048x1366.jpg 2048w\" sizes=\"auto, (max-width: 1024px) 100vw, 1024px\" \/><\/a><\/figure>\n\n\n\n<p><br>Aktuell tauchen auch wieder vemehrt <span style=\"text-decoration: underline;\">Gr\u00fcnfinken<\/span> auf, Sonneblumenkerne stehen ganz oben auf ihrer Liste!<\/p>\n\n\n\n<figure class=\"wp-block-image size-large\"><a href=\"https:\/\/blog.birders-hf.de\/wp-content\/uploads\/2025\/10\/02_GF_BD.jpg\" target=\"_blank\" rel=\" noreferrer noopener\"><img loading=\"lazy\" decoding=\"async\" width=\"1024\" height=\"683\" src=\"https:\/\/blog.birders-hf.de\/wp-content\/uploads\/2025\/10\/02_GF_BD-1024x683.jpg\" alt=\"\" class=\"wp-image-25246\" srcset=\"https:\/\/blog.birders-hf.de\/wp-content\/uploads\/2025\/10\/02_GF_BD-1024x683.jpg 1024w, https:\/\/blog.birders-hf.de\/wp-content\/uploads\/2025\/10\/02_GF_BD-480x320.jpg 480w, https:\/\/blog.birders-hf.de\/wp-content\/uploads\/2025\/10\/02_GF_BD-768x512.jpg 768w, https:\/\/blog.birders-hf.de\/wp-content\/uploads\/2025\/10\/02_GF_BD-1536x1024.jpg 1536w, https:\/\/blog.birders-hf.de\/wp-content\/uploads\/2025\/10\/02_GF_BD-2048x1366.jpg 2048w\" sizes=\"auto, (max-width: 1024px) 100vw, 1024px\" \/><\/a><\/figure>\n\n\n\n<p><br>Besonders freut mich nat\u00fcrlich der Besuch vom <span style=\"text-decoration: underline;\">Feldsperling<\/span>! Letztes Jahr haben Sie in der N\u00e4he gebr\u00fctet. Aktuell lassen sich wieder 2 St\u00fcck an den Futterstellen blicken.<\/p>\n\n\n\n<figure class=\"wp-block-image size-large\"><a href=\"https:\/\/blog.birders-hf.de\/wp-content\/uploads\/2025\/10\/03_FS_BD.jpg\" target=\"_blank\" rel=\" noreferrer noopener\"><img loading=\"lazy\" decoding=\"async\" width=\"1024\" height=\"683\" src=\"https:\/\/blog.birders-hf.de\/wp-content\/uploads\/2025\/10\/03_FS_BD-1024x683.jpg\" alt=\"\" class=\"wp-image-25247\" srcset=\"https:\/\/blog.birders-hf.de\/wp-content\/uploads\/2025\/10\/03_FS_BD-1024x683.jpg 1024w, https:\/\/blog.birders-hf.de\/wp-content\/uploads\/2025\/10\/03_FS_BD-480x320.jpg 480w, https:\/\/blog.birders-hf.de\/wp-content\/uploads\/2025\/10\/03_FS_BD-768x512.jpg 768w, https:\/\/blog.birders-hf.de\/wp-content\/uploads\/2025\/10\/03_FS_BD-1536x1024.jpg 1536w, https:\/\/blog.birders-hf.de\/wp-content\/uploads\/2025\/10\/03_FS_BD-2048x1366.jpg 2048w\" sizes=\"auto, (max-width: 1024px) 100vw, 1024px\" \/><\/a><\/figure>\n\n\n\n<p><br>Wie letzten Herbst auch, kommen die <span style=\"text-decoration: underline;\">Bergfinken<\/span> zu mir in den Garten. 2024 tauchten die ersten am 18.11. auf, dieses Jahr sind sie fr\u00fcher. Am 20.10. konnte ich 6 Exemplare beobachten.<\/p>\n\n\n\n<figure class=\"wp-block-image size-large\"><a href=\"https:\/\/blog.birders-hf.de\/wp-content\/uploads\/2025\/10\/04_BF_BD.jpg\" target=\"_blank\" rel=\" noreferrer noopener\"><img loading=\"lazy\" decoding=\"async\" width=\"1024\" height=\"683\" src=\"https:\/\/blog.birders-hf.de\/wp-content\/uploads\/2025\/10\/04_BF_BD-1024x683.jpg\" alt=\"\" class=\"wp-image-25248\" srcset=\"https:\/\/blog.birders-hf.de\/wp-content\/uploads\/2025\/10\/04_BF_BD-1024x683.jpg 1024w, https:\/\/blog.birders-hf.de\/wp-content\/uploads\/2025\/10\/04_BF_BD-480x320.jpg 480w, https:\/\/blog.birders-hf.de\/wp-content\/uploads\/2025\/10\/04_BF_BD-768x512.jpg 768w, https:\/\/blog.birders-hf.de\/wp-content\/uploads\/2025\/10\/04_BF_BD-1536x1024.jpg 1536w, https:\/\/blog.birders-hf.de\/wp-content\/uploads\/2025\/10\/04_BF_BD-2048x1366.jpg 2048w\" sizes=\"auto, (max-width: 1024px) 100vw, 1024px\" \/><\/a><\/figure>\n\n\n\n<p><br>Die Hauptfutterstelle liegt direkt vor meinem Wohnzimmerfenster, so kann ich bequem die meisten Arten durch die Fensterscheibe fotografieren.<br><br>Wenn noch Fragen sind, gerne melden. \ud83d\udc4d<br><br><br>MfG L.E.<\/p>\n","protected":false},"excerpt":{"rendered":"<p>Weil Michael es angesprochen hat, mal ein paar Infos zu meiner Gartenliste. Mit einem ganz besonderen Vogel, den ich vor wenigen Tagen leider nur 1x geh\u00f6rt und 2 Tage sp\u00e4ter &hellip; <a href=\"https:\/\/blog.birders-hf.de\/index.php\/2025\/10\/25\/gartenvoegel-barduettingdorf-4\/\" class=\"more-link\"><span class=\"screen-reader-text\">Gartenv\u00f6gel &#8211; Bard\u00fcttingdorf.<\/span> weiterlesen <span class=\"meta-nav\">&rarr;<\/span><\/a><\/p>\n","protected":false},"author":11,"featured_media":0,"comment_status":"open","ping_status":"open","sticky":false,"template":"","format":"standard","meta":{"footnotes":""},"categories":[1],"tags":[],"class_list":["post-25243","post","type-post","status-publish","format-standard","hentry","category-birding"],"_links":{"self":[{"href":"https:\/\/blog.birders-hf.de\/index.php\/wp-json\/wp\/v2\/posts\/25243","targetHints":{"allow":["GET"]}}],"collection":[{"href":"https:\/\/blog.birders-hf.de\/index.php\/wp-json\/wp\/v2\/posts"}],"about":[{"href":"https:\/\/blog.birders-hf.de\/index.php\/wp-json\/wp\/v2\/types\/post"}],"author":[{"embeddable":true,"href":"https:\/\/blog.birders-hf.de\/index.php\/wp-json\/wp\/v2\/users\/11"}],"replies":[{"embeddable":true,"href":"https:\/\/blog.birders-hf.de\/index.php\/wp-json\/wp\/v2\/comments?post=25243"}],"version-history":[{"count":3,"href":"https:\/\/blog.birders-hf.de\/index.php\/wp-json\/wp\/v2\/posts\/25243\/revisions"}],"predecessor-version":[{"id":25251,"href":"https:\/\/blog.birders-hf.de\/index.php\/wp-json\/wp\/v2\/posts\/25243\/revisions\/25251"}],"wp:attachment":[{"href":"https:\/\/blog.birders-hf.de\/index.php\/wp-json\/wp\/v2\/media?parent=25243"}],"wp:term":[{"taxonomy":"category","embeddable":true,"href":"https:\/\/blog.birders-hf.de\/index.php\/wp-json\/wp\/v2\/categories?post=25243"},{"taxonomy":"post_tag","embeddable":true,"href":"https:\/\/blog.birders-hf.de\/index.php\/wp-json\/wp\/v2\/tags?post=25243"}],"curies":[{"name":"wp","href":"https:\/\/api.w.org\/{rel}","templated":true}]}}