{"id":25201,"date":"2025-10-21T15:18:13","date_gmt":"2025-10-21T13:18:13","guid":{"rendered":"https:\/\/blog.birders-hf.de\/?p=25201"},"modified":"2025-10-22T20:36:48","modified_gmt":"2025-10-22T18:36:48","slug":"auch-nicht-alltaeglich","status":"publish","type":"post","link":"https:\/\/blog.birders-hf.de\/index.php\/2025\/10\/21\/auch-nicht-alltaeglich\/","title":{"rendered":"Auch nicht allt\u00e4glich."},"content":{"rendered":"\n<p>W\u00e4hrend ich auf &#8222;meinen&#8220; besonderen Vogel im Garten hoffe, f\u00e4llt mir im Augenwinkel etwas am Gartenteich auf.<br><br>Der <span style=\"text-decoration: underline;\">Eisvogel<\/span>!<\/p>\n\n\n\n<figure class=\"wp-block-image size-large\"><a href=\"https:\/\/blog.birders-hf.de\/wp-content\/uploads\/2025\/10\/01_EV_BD.jpg\" target=\"_blank\" rel=\" noreferrer noopener\"><img loading=\"lazy\" decoding=\"async\" width=\"1024\" height=\"683\" src=\"https:\/\/blog.birders-hf.de\/wp-content\/uploads\/2025\/10\/01_EV_BD-1024x683.jpg\" alt=\"\" class=\"wp-image-25202\" srcset=\"https:\/\/blog.birders-hf.de\/wp-content\/uploads\/2025\/10\/01_EV_BD-1024x683.jpg 1024w, https:\/\/blog.birders-hf.de\/wp-content\/uploads\/2025\/10\/01_EV_BD-480x320.jpg 480w, https:\/\/blog.birders-hf.de\/wp-content\/uploads\/2025\/10\/01_EV_BD-768x512.jpg 768w, https:\/\/blog.birders-hf.de\/wp-content\/uploads\/2025\/10\/01_EV_BD-1536x1024.jpg 1536w, https:\/\/blog.birders-hf.de\/wp-content\/uploads\/2025\/10\/01_EV_BD.jpg 1920w\" sizes=\"auto, (max-width: 1024px) 100vw, 1024px\" \/><\/a><\/figure>\n\n\n\n<p><br>Leider nur Belegaufnahme aus \u00fcber 40m. Will dem Kollegen aber nicht zu sehr auf die Pelle r\u00fccken, damit er \u00f6fter mal vorbeischaut!<br><br>Aktualisierung:<br><br>Der Eisvogel war kurz verschwunden, kam aber schnell wieder zum Gartenteich zur\u00fcck.<br><br>Vom Wohnzimmerfenster aus habe ich ihn dann ein wenig gefilmt und tats\u00e4chlich einen Abflug, und den dazugeh\u00f6rigen Anflug mit Fisch einfangen k\u00f6nnen!<br><br>Nachdem er sich das Moderlieschen hat schmecken lassen, musste ich es versuchen und habe mich in Deckung angeschlichen. Langsam aus der Deckung gelehnt und ein paar Aufnahmen gemacht.<\/p>\n\n\n\n<figure class=\"wp-block-image size-large\"><a href=\"https:\/\/blog.birders-hf.de\/wp-content\/uploads\/2025\/10\/02_EV_BD.jpg\" target=\"_blank\" rel=\" noreferrer noopener\"><img loading=\"lazy\" decoding=\"async\" width=\"1024\" height=\"683\" src=\"https:\/\/blog.birders-hf.de\/wp-content\/uploads\/2025\/10\/02_EV_BD-1024x683.jpg\" alt=\"\" class=\"wp-image-25205\" srcset=\"https:\/\/blog.birders-hf.de\/wp-content\/uploads\/2025\/10\/02_EV_BD-1024x683.jpg 1024w, https:\/\/blog.birders-hf.de\/wp-content\/uploads\/2025\/10\/02_EV_BD-480x320.jpg 480w, https:\/\/blog.birders-hf.de\/wp-content\/uploads\/2025\/10\/02_EV_BD-768x512.jpg 768w, https:\/\/blog.birders-hf.de\/wp-content\/uploads\/2025\/10\/02_EV_BD-1536x1024.jpg 1536w, https:\/\/blog.birders-hf.de\/wp-content\/uploads\/2025\/10\/02_EV_BD.jpg 1920w\" sizes=\"auto, (max-width: 1024px) 100vw, 1024px\" \/><\/a><\/figure>\n\n\n\n<p><br>Noch n\u00e4her liess er mich dann nicht kommen und flog schimpfend ab.<br><br><br>Noch eine Aktualisierung, hier mal eine paar Videoschnipsel vom Eisvogel.<br><\/p>\n\n\n\n<figure class=\"wp-block-embed is-type-video is-provider-youtube wp-block-embed-youtube wp-embed-aspect-16-9 wp-has-aspect-ratio\"><div class=\"wp-block-embed__wrapper\">\n<iframe loading=\"lazy\" title=\"Eisvogel am Gartenteich\" width=\"604\" height=\"340\" src=\"https:\/\/www.youtube.com\/embed\/P8bCkFUhtfk?feature=oembed\" frameborder=\"0\" allow=\"accelerometer; autoplay; clipboard-write; encrypted-media; gyroscope; picture-in-picture; web-share\" referrerpolicy=\"strict-origin-when-cross-origin\" allowfullscreen><\/iframe>\n<\/div><\/figure>\n\n\n\n<p><br>Der Eisvogel war noch sehr lange am Teich, erst als es dunkel wurde, flog er davon.<br><br>Wenn er jetzt \u00f6fter vorbeischaut, wird es Zeit, das Tarnzelt aufzubauen!<br><br><br>MfG L.E.<\/p>\n","protected":false},"excerpt":{"rendered":"<p>W\u00e4hrend ich auf &#8222;meinen&#8220; besonderen Vogel im Garten hoffe, f\u00e4llt mir im Augenwinkel etwas am Gartenteich auf. Der Eisvogel! Leider nur Belegaufnahme aus \u00fcber 40m. Will dem Kollegen aber nicht &hellip; <a href=\"https:\/\/blog.birders-hf.de\/index.php\/2025\/10\/21\/auch-nicht-alltaeglich\/\" class=\"more-link\"><span class=\"screen-reader-text\">Auch nicht allt\u00e4glich.<\/span> weiterlesen <span class=\"meta-nav\">&rarr;<\/span><\/a><\/p>\n","protected":false},"author":11,"featured_media":0,"comment_status":"open","ping_status":"open","sticky":false,"template":"","format":"standard","meta":{"footnotes":""},"categories":[1],"tags":[],"class_list":["post-25201","post","type-post","status-publish","format-standard","hentry","category-birding"],"_links":{"self":[{"href":"https:\/\/blog.birders-hf.de\/index.php\/wp-json\/wp\/v2\/posts\/25201","targetHints":{"allow":["GET"]}}],"collection":[{"href":"https:\/\/blog.birders-hf.de\/index.php\/wp-json\/wp\/v2\/posts"}],"about":[{"href":"https:\/\/blog.birders-hf.de\/index.php\/wp-json\/wp\/v2\/types\/post"}],"author":[{"embeddable":true,"href":"https:\/\/blog.birders-hf.de\/index.php\/wp-json\/wp\/v2\/users\/11"}],"replies":[{"embeddable":true,"href":"https:\/\/blog.birders-hf.de\/index.php\/wp-json\/wp\/v2\/comments?post=25201"}],"version-history":[{"count":7,"href":"https:\/\/blog.birders-hf.de\/index.php\/wp-json\/wp\/v2\/posts\/25201\/revisions"}],"predecessor-version":[{"id":25222,"href":"https:\/\/blog.birders-hf.de\/index.php\/wp-json\/wp\/v2\/posts\/25201\/revisions\/25222"}],"wp:attachment":[{"href":"https:\/\/blog.birders-hf.de\/index.php\/wp-json\/wp\/v2\/media?parent=25201"}],"wp:term":[{"taxonomy":"category","embeddable":true,"href":"https:\/\/blog.birders-hf.de\/index.php\/wp-json\/wp\/v2\/categories?post=25201"},{"taxonomy":"post_tag","embeddable":true,"href":"https:\/\/blog.birders-hf.de\/index.php\/wp-json\/wp\/v2\/tags?post=25201"}],"curies":[{"name":"wp","href":"https:\/\/api.w.org\/{rel}","templated":true}]}}