{"id":25113,"date":"2025-10-12T22:15:06","date_gmt":"2025-10-12T20:15:06","guid":{"rendered":"https:\/\/blog.birders-hf.de\/?p=25113"},"modified":"2025-10-12T22:31:47","modified_gmt":"2025-10-12T20:31:47","slug":"bartmeisen-und-co-am-duemmer-12-10-2025","status":"publish","type":"post","link":"https:\/\/blog.birders-hf.de\/index.php\/2025\/10\/12\/bartmeisen-und-co-am-duemmer-12-10-2025\/","title":{"rendered":"Bartmeisen und co. am D\u00fcmmer &#8211; 12.10.2025"},"content":{"rendered":"\n<p>Moin zusammen,<\/p>\n\n\n\n<p>ich war heute auch am D\u00fcmmer unterwegs. Ich hatte das Gl\u00fcck die Bartmeisen zu erwischen. Die Bilder gehen aber noch deutlich besser. Bin aber trotzdem ganz gl\u00fccklich damit.<\/p>\n\n\n\n<p>Erst habe ich sie geh\u00f6rt und dann umher fliegen sehen. Bin dem Trupp dann vorsichtig gefolgt. Es hat sich gelohnt den Weg zu machen.<\/p>\n\n\n\n<figure class=\"wp-block-image size-large\"><a href=\"https:\/\/blog.birders-hf.de\/wp-content\/uploads\/2025\/10\/A1_09702-scaled.jpg\" target=\"_blank\" rel=\" noreferrer noopener\"><img loading=\"lazy\" decoding=\"async\" width=\"1024\" height=\"768\" src=\"https:\/\/blog.birders-hf.de\/wp-content\/uploads\/2025\/10\/A1_09702-1024x768.jpg\" alt=\"\" class=\"wp-image-25116\" srcset=\"https:\/\/blog.birders-hf.de\/wp-content\/uploads\/2025\/10\/A1_09702-1024x768.jpg 1024w, https:\/\/blog.birders-hf.de\/wp-content\/uploads\/2025\/10\/A1_09702-480x360.jpg 480w, https:\/\/blog.birders-hf.de\/wp-content\/uploads\/2025\/10\/A1_09702-768x576.jpg 768w, https:\/\/blog.birders-hf.de\/wp-content\/uploads\/2025\/10\/A1_09702-1536x1152.jpg 1536w, https:\/\/blog.birders-hf.de\/wp-content\/uploads\/2025\/10\/A1_09702-2048x1536.jpg 2048w\" sizes=\"auto, (max-width: 1024px) 100vw, 1024px\" \/><\/a><\/figure>\n\n\n\n<figure class=\"wp-block-image size-large\"><a href=\"https:\/\/blog.birders-hf.de\/wp-content\/uploads\/2025\/10\/A1_09656-scaled.jpg\" target=\"_blank\" rel=\" noreferrer noopener\"><img loading=\"lazy\" decoding=\"async\" width=\"1024\" height=\"768\" src=\"https:\/\/blog.birders-hf.de\/wp-content\/uploads\/2025\/10\/A1_09656-1024x768.jpg\" alt=\"\" class=\"wp-image-25115\" srcset=\"https:\/\/blog.birders-hf.de\/wp-content\/uploads\/2025\/10\/A1_09656-1024x768.jpg 1024w, https:\/\/blog.birders-hf.de\/wp-content\/uploads\/2025\/10\/A1_09656-480x360.jpg 480w, https:\/\/blog.birders-hf.de\/wp-content\/uploads\/2025\/10\/A1_09656-768x576.jpg 768w, https:\/\/blog.birders-hf.de\/wp-content\/uploads\/2025\/10\/A1_09656-1536x1152.jpg 1536w, https:\/\/blog.birders-hf.de\/wp-content\/uploads\/2025\/10\/A1_09656-2048x1536.jpg 2048w\" sizes=\"auto, (max-width: 1024px) 100vw, 1024px\" \/><\/a><\/figure>\n\n\n\n<p><\/p>\n\n\n\n<p>Bevor es zu den Bartmeisen ging hat mich ein ziemlich gem\u00fctlicher M\u00e4usebussard empfangen.<\/p>\n\n\n\n<figure class=\"wp-block-image size-large\"><a href=\"https:\/\/blog.birders-hf.de\/wp-content\/uploads\/2025\/10\/A1_08796-scaled.jpg\" target=\"_blank\" rel=\" noreferrer noopener\"><img loading=\"lazy\" decoding=\"async\" width=\"1024\" height=\"768\" src=\"https:\/\/blog.birders-hf.de\/wp-content\/uploads\/2025\/10\/A1_08796-1024x768.jpg\" alt=\"\" class=\"wp-image-25117\" srcset=\"https:\/\/blog.birders-hf.de\/wp-content\/uploads\/2025\/10\/A1_08796-1024x768.jpg 1024w, https:\/\/blog.birders-hf.de\/wp-content\/uploads\/2025\/10\/A1_08796-480x360.jpg 480w, https:\/\/blog.birders-hf.de\/wp-content\/uploads\/2025\/10\/A1_08796-768x576.jpg 768w, https:\/\/blog.birders-hf.de\/wp-content\/uploads\/2025\/10\/A1_08796-1536x1152.jpg 1536w, https:\/\/blog.birders-hf.de\/wp-content\/uploads\/2025\/10\/A1_08796-2048x1536.jpg 2048w\" sizes=\"auto, (max-width: 1024px) 100vw, 1024px\" \/><\/a><\/figure>\n\n\n\n<p><\/p>\n\n\n\n<p>Nach einem Abstecher ins Osterfeiner Moor bin ich dann noch zur Naturschutzstation gefahren. Dort habe ich dann noch ein paar Kohlmeisen fotografieren k\u00f6nnen.<\/p>\n\n\n\n<figure class=\"wp-block-image size-large\"><a href=\"https:\/\/blog.birders-hf.de\/wp-content\/uploads\/2025\/10\/A1_00343-scaled.jpg\" target=\"_blank\" rel=\" noreferrer noopener\"><img loading=\"lazy\" decoding=\"async\" width=\"1024\" height=\"768\" src=\"https:\/\/blog.birders-hf.de\/wp-content\/uploads\/2025\/10\/A1_00343-1024x768.jpg\" alt=\"\" class=\"wp-image-25118\" srcset=\"https:\/\/blog.birders-hf.de\/wp-content\/uploads\/2025\/10\/A1_00343-1024x768.jpg 1024w, https:\/\/blog.birders-hf.de\/wp-content\/uploads\/2025\/10\/A1_00343-480x360.jpg 480w, https:\/\/blog.birders-hf.de\/wp-content\/uploads\/2025\/10\/A1_00343-768x576.jpg 768w, https:\/\/blog.birders-hf.de\/wp-content\/uploads\/2025\/10\/A1_00343-1536x1152.jpg 1536w, https:\/\/blog.birders-hf.de\/wp-content\/uploads\/2025\/10\/A1_00343-2048x1536.jpg 2048w\" sizes=\"auto, (max-width: 1024px) 100vw, 1024px\" \/><\/a><\/figure>\n\n\n\n<p><\/p>\n\n\n\n<p>Von dort aus bin ich dann noch etwas weiter richtung Aussichtstum gegangen. Und da hatte ich dann das Gl\u00fcck wieder ein Wintergoldh\u00e4hnchen anzutreffen. Das war mit den Bartmeisen zusammen heute mein Highlight. Bisher habe ich noch keine besseren Fotos von denen machen k\u00f6nnen.<\/p>\n\n\n\n<figure class=\"wp-block-image size-large\"><a href=\"https:\/\/blog.birders-hf.de\/wp-content\/uploads\/2025\/10\/A1_00711-scaled.jpg\" target=\"_blank\" rel=\" noreferrer noopener\"><img loading=\"lazy\" decoding=\"async\" width=\"1024\" height=\"768\" src=\"https:\/\/blog.birders-hf.de\/wp-content\/uploads\/2025\/10\/A1_00711-1024x768.jpg\" alt=\"\" class=\"wp-image-25119\" srcset=\"https:\/\/blog.birders-hf.de\/wp-content\/uploads\/2025\/10\/A1_00711-1024x768.jpg 1024w, https:\/\/blog.birders-hf.de\/wp-content\/uploads\/2025\/10\/A1_00711-480x360.jpg 480w, https:\/\/blog.birders-hf.de\/wp-content\/uploads\/2025\/10\/A1_00711-768x576.jpg 768w, https:\/\/blog.birders-hf.de\/wp-content\/uploads\/2025\/10\/A1_00711-1536x1152.jpg 1536w, https:\/\/blog.birders-hf.de\/wp-content\/uploads\/2025\/10\/A1_00711-2048x1536.jpg 2048w\" sizes=\"auto, (max-width: 1024px) 100vw, 1024px\" \/><\/a><\/figure>\n\n\n\n<p>Die sind einfach so extrem niedlich.<\/p>\n\n\n\n<figure class=\"wp-block-image size-large\"><a href=\"https:\/\/blog.birders-hf.de\/wp-content\/uploads\/2025\/10\/A1_00811-scaled.jpg\" target=\"_blank\" rel=\" noreferrer noopener\"><img loading=\"lazy\" decoding=\"async\" width=\"1024\" height=\"768\" src=\"https:\/\/blog.birders-hf.de\/wp-content\/uploads\/2025\/10\/A1_00811-1024x768.jpg\" alt=\"\" class=\"wp-image-25120\" srcset=\"https:\/\/blog.birders-hf.de\/wp-content\/uploads\/2025\/10\/A1_00811-1024x768.jpg 1024w, https:\/\/blog.birders-hf.de\/wp-content\/uploads\/2025\/10\/A1_00811-480x360.jpg 480w, https:\/\/blog.birders-hf.de\/wp-content\/uploads\/2025\/10\/A1_00811-768x576.jpg 768w, https:\/\/blog.birders-hf.de\/wp-content\/uploads\/2025\/10\/A1_00811-1536x1152.jpg 1536w, https:\/\/blog.birders-hf.de\/wp-content\/uploads\/2025\/10\/A1_00811-2048x1536.jpg 2048w\" sizes=\"auto, (max-width: 1024px) 100vw, 1024px\" \/><\/a><\/figure>\n\n\n\n<p><\/p>\n\n\n\n<p>Es war zwar nicht das beste Wetter heute, aber es war dennoch ein sch\u00f6ner Tag. Als dann der Regen st\u00e4rker wurde, bin ich auch wieder nach Hause gefahren.<\/p>\n\n\n\n<p>Gru\u00df<\/p>\n\n\n\n<p>Marcel<\/p>\n","protected":false},"excerpt":{"rendered":"<p>Moin zusammen, ich war heute auch am D\u00fcmmer unterwegs. Ich hatte das Gl\u00fcck die Bartmeisen zu erwischen. Die Bilder gehen aber noch deutlich besser. Bin aber trotzdem ganz gl\u00fccklich damit. &hellip; <a href=\"https:\/\/blog.birders-hf.de\/index.php\/2025\/10\/12\/bartmeisen-und-co-am-duemmer-12-10-2025\/\" class=\"more-link\"><span class=\"screen-reader-text\">Bartmeisen und co. am D\u00fcmmer &#8211; 12.10.2025<\/span> weiterlesen <span class=\"meta-nav\">&rarr;<\/span><\/a><\/p>\n","protected":false},"author":12,"featured_media":0,"comment_status":"open","ping_status":"open","sticky":false,"template":"","format":"standard","meta":{"footnotes":""},"categories":[1],"tags":[],"class_list":["post-25113","post","type-post","status-publish","format-standard","hentry","category-birding"],"_links":{"self":[{"href":"https:\/\/blog.birders-hf.de\/index.php\/wp-json\/wp\/v2\/posts\/25113","targetHints":{"allow":["GET"]}}],"collection":[{"href":"https:\/\/blog.birders-hf.de\/index.php\/wp-json\/wp\/v2\/posts"}],"about":[{"href":"https:\/\/blog.birders-hf.de\/index.php\/wp-json\/wp\/v2\/types\/post"}],"author":[{"embeddable":true,"href":"https:\/\/blog.birders-hf.de\/index.php\/wp-json\/wp\/v2\/users\/12"}],"replies":[{"embeddable":true,"href":"https:\/\/blog.birders-hf.de\/index.php\/wp-json\/wp\/v2\/comments?post=25113"}],"version-history":[{"count":2,"href":"https:\/\/blog.birders-hf.de\/index.php\/wp-json\/wp\/v2\/posts\/25113\/revisions"}],"predecessor-version":[{"id":25122,"href":"https:\/\/blog.birders-hf.de\/index.php\/wp-json\/wp\/v2\/posts\/25113\/revisions\/25122"}],"wp:attachment":[{"href":"https:\/\/blog.birders-hf.de\/index.php\/wp-json\/wp\/v2\/media?parent=25113"}],"wp:term":[{"taxonomy":"category","embeddable":true,"href":"https:\/\/blog.birders-hf.de\/index.php\/wp-json\/wp\/v2\/categories?post=25113"},{"taxonomy":"post_tag","embeddable":true,"href":"https:\/\/blog.birders-hf.de\/index.php\/wp-json\/wp\/v2\/tags?post=25113"}],"curies":[{"name":"wp","href":"https:\/\/api.w.org\/{rel}","templated":true}]}}