{"id":25085,"date":"2025-10-09T17:31:15","date_gmt":"2025-10-09T15:31:15","guid":{"rendered":"https:\/\/blog.birders-hf.de\/?p=25085"},"modified":"2025-10-09T17:33:07","modified_gmt":"2025-10-09T15:33:07","slug":"huecker-moor-09-10-2025","status":"publish","type":"post","link":"https:\/\/blog.birders-hf.de\/index.php\/2025\/10\/09\/huecker-moor-09-10-2025\/","title":{"rendered":"H\u00fccker Moor &#8211; 09.10.2025"},"content":{"rendered":"\n<p>Hallo zusammen,<\/p>\n\n\n\n<p>nach etwas l\u00e4ngerer Zeit melde ich mich nun auch mal zur\u00fcck. Die Ausbeute der letzten Wochen lie\u00df etwas zu w\u00fcnschen \u00fcbrig.<\/p>\n\n\n\n<p>Die letzten 3 Tage war ich jetzt immer wieder mal am H\u00fccker Moor unterwegs um den Fischadler zu sehen. Leider habe ich nur eine Aufnahme mit der ich nicht ganz zufrieden bin.<\/p>\n\n\n\n<p>Heute hat er sich leider nicht blicken lassen. Daf\u00fcr gab es heute endlich mal wieder ein paar andere h\u00fcbsche Motive.<\/p>\n\n\n\n<p>Der Zilpzalp hat sich wunderbar pr\u00e4sentiert.<\/p>\n\n\n\n<figure class=\"wp-block-image size-large\"><a href=\"https:\/\/blog.birders-hf.de\/wp-content\/uploads\/2025\/10\/A1_05701-scaled.jpg\" target=\"_blank\" rel=\" noreferrer noopener\"><img loading=\"lazy\" decoding=\"async\" width=\"1024\" height=\"768\" src=\"https:\/\/blog.birders-hf.de\/wp-content\/uploads\/2025\/10\/A1_05701-1024x768.jpg\" alt=\"\" class=\"wp-image-25086\" srcset=\"https:\/\/blog.birders-hf.de\/wp-content\/uploads\/2025\/10\/A1_05701-1024x768.jpg 1024w, https:\/\/blog.birders-hf.de\/wp-content\/uploads\/2025\/10\/A1_05701-480x360.jpg 480w, https:\/\/blog.birders-hf.de\/wp-content\/uploads\/2025\/10\/A1_05701-768x576.jpg 768w, https:\/\/blog.birders-hf.de\/wp-content\/uploads\/2025\/10\/A1_05701-1536x1152.jpg 1536w, https:\/\/blog.birders-hf.de\/wp-content\/uploads\/2025\/10\/A1_05701-2048x1536.jpg 2048w\" sizes=\"auto, (max-width: 1024px) 100vw, 1024px\" \/><\/a><\/figure>\n\n\n\n<p>Genauso wie die Blaumeisen.<\/p>\n\n\n\n<figure class=\"wp-block-image size-large\"><a href=\"https:\/\/blog.birders-hf.de\/wp-content\/uploads\/2025\/10\/A1_05761-scaled.jpg\" target=\"_blank\" rel=\" noreferrer noopener\"><img loading=\"lazy\" decoding=\"async\" width=\"1024\" height=\"768\" src=\"https:\/\/blog.birders-hf.de\/wp-content\/uploads\/2025\/10\/A1_05761-1024x768.jpg\" alt=\"\" class=\"wp-image-25087\" srcset=\"https:\/\/blog.birders-hf.de\/wp-content\/uploads\/2025\/10\/A1_05761-1024x768.jpg 1024w, https:\/\/blog.birders-hf.de\/wp-content\/uploads\/2025\/10\/A1_05761-480x360.jpg 480w, https:\/\/blog.birders-hf.de\/wp-content\/uploads\/2025\/10\/A1_05761-768x576.jpg 768w, https:\/\/blog.birders-hf.de\/wp-content\/uploads\/2025\/10\/A1_05761-1536x1152.jpg 1536w, https:\/\/blog.birders-hf.de\/wp-content\/uploads\/2025\/10\/A1_05761-2048x1536.jpg 2048w\" sizes=\"auto, (max-width: 1024px) 100vw, 1024px\" \/><\/a><\/figure>\n\n\n\n<p>Nachdem die eine vertrieben wurde, konnte sie gen\u00fcsslich ihre Beere futtern.<\/p>\n\n\n\n<figure class=\"wp-block-image size-large\"><a href=\"https:\/\/blog.birders-hf.de\/wp-content\/uploads\/2025\/10\/A1_05793-scaled.jpg\" target=\"_blank\" rel=\" noreferrer noopener\"><img loading=\"lazy\" decoding=\"async\" width=\"1024\" height=\"768\" src=\"https:\/\/blog.birders-hf.de\/wp-content\/uploads\/2025\/10\/A1_05793-1024x768.jpg\" alt=\"\" class=\"wp-image-25088\" srcset=\"https:\/\/blog.birders-hf.de\/wp-content\/uploads\/2025\/10\/A1_05793-1024x768.jpg 1024w, https:\/\/blog.birders-hf.de\/wp-content\/uploads\/2025\/10\/A1_05793-480x360.jpg 480w, https:\/\/blog.birders-hf.de\/wp-content\/uploads\/2025\/10\/A1_05793-768x576.jpg 768w, https:\/\/blog.birders-hf.de\/wp-content\/uploads\/2025\/10\/A1_05793-1536x1152.jpg 1536w, https:\/\/blog.birders-hf.de\/wp-content\/uploads\/2025\/10\/A1_05793-2048x1536.jpg 2048w\" sizes=\"auto, (max-width: 1024px) 100vw, 1024px\" \/><\/a><\/figure>\n\n\n\n<p>Das Highlight war aber heute kein Vogel sondern ein Nutria, was am Wegesrand gen\u00fcsslich gefuttert hat.<\/p>\n\n\n\n<p>Lars war so frech mich bei der Aktion zu fotografieren. Gr\u00fc\u00dfe gehen raus.<\/p>\n\n\n\n<figure class=\"wp-block-image size-large\"><a href=\"https:\/\/blog.birders-hf.de\/wp-content\/uploads\/2025\/10\/Bestie.jpg\" target=\"_blank\" rel=\" noreferrer noopener\"><img loading=\"lazy\" decoding=\"async\" width=\"1024\" height=\"683\" src=\"https:\/\/blog.birders-hf.de\/wp-content\/uploads\/2025\/10\/Bestie-1024x683.jpg\" alt=\"\" class=\"wp-image-25089\" srcset=\"https:\/\/blog.birders-hf.de\/wp-content\/uploads\/2025\/10\/Bestie-1024x683.jpg 1024w, https:\/\/blog.birders-hf.de\/wp-content\/uploads\/2025\/10\/Bestie-480x320.jpg 480w, https:\/\/blog.birders-hf.de\/wp-content\/uploads\/2025\/10\/Bestie-768x512.jpg 768w, https:\/\/blog.birders-hf.de\/wp-content\/uploads\/2025\/10\/Bestie-1536x1024.jpg 1536w, https:\/\/blog.birders-hf.de\/wp-content\/uploads\/2025\/10\/Bestie-2048x1366.jpg 2048w\" sizes=\"auto, (max-width: 1024px) 100vw, 1024px\" \/><\/a><\/figure>\n\n\n\n<p>Und jetzt nochmal ein Foto vom Nutria aus einer etwas besseren Perspektive.<\/p>\n\n\n\n<figure class=\"wp-block-image size-large\"><a href=\"https:\/\/blog.birders-hf.de\/wp-content\/uploads\/2025\/10\/A1_06161-scaled.jpg\" target=\"_blank\" rel=\" noreferrer noopener\"><img loading=\"lazy\" decoding=\"async\" width=\"1024\" height=\"768\" src=\"https:\/\/blog.birders-hf.de\/wp-content\/uploads\/2025\/10\/A1_06161-1024x768.jpg\" alt=\"\" class=\"wp-image-25090\" srcset=\"https:\/\/blog.birders-hf.de\/wp-content\/uploads\/2025\/10\/A1_06161-1024x768.jpg 1024w, https:\/\/blog.birders-hf.de\/wp-content\/uploads\/2025\/10\/A1_06161-480x360.jpg 480w, https:\/\/blog.birders-hf.de\/wp-content\/uploads\/2025\/10\/A1_06161-768x576.jpg 768w, https:\/\/blog.birders-hf.de\/wp-content\/uploads\/2025\/10\/A1_06161-1536x1152.jpg 1536w, https:\/\/blog.birders-hf.de\/wp-content\/uploads\/2025\/10\/A1_06161-2048x1536.jpg 2048w\" sizes=\"auto, (max-width: 1024px) 100vw, 1024px\" \/><\/a><\/figure>\n\n\n\n<p><\/p>\n\n\n\n<p>War ein sch\u00f6ner Tag. Das bisschen Sonne wurde heute perfekt genutzt. Ich hoffe, dass es die n\u00e4chsten Tage noch einmal die M\u00f6glichkeit geben wird.<\/p>\n\n\n\n<p>MfG<\/p>\n\n\n\n<p>Marcel<\/p>\n","protected":false},"excerpt":{"rendered":"<p>Hallo zusammen, nach etwas l\u00e4ngerer Zeit melde ich mich nun auch mal zur\u00fcck. Die Ausbeute der letzten Wochen lie\u00df etwas zu w\u00fcnschen \u00fcbrig. Die letzten 3 Tage war ich jetzt &hellip; <a href=\"https:\/\/blog.birders-hf.de\/index.php\/2025\/10\/09\/huecker-moor-09-10-2025\/\" class=\"more-link\"><span class=\"screen-reader-text\">H\u00fccker Moor &#8211; 09.10.2025<\/span> weiterlesen <span class=\"meta-nav\">&rarr;<\/span><\/a><\/p>\n","protected":false},"author":12,"featured_media":0,"comment_status":"open","ping_status":"open","sticky":false,"template":"","format":"standard","meta":{"footnotes":""},"categories":[1],"tags":[],"class_list":["post-25085","post","type-post","status-publish","format-standard","hentry","category-birding"],"_links":{"self":[{"href":"https:\/\/blog.birders-hf.de\/index.php\/wp-json\/wp\/v2\/posts\/25085","targetHints":{"allow":["GET"]}}],"collection":[{"href":"https:\/\/blog.birders-hf.de\/index.php\/wp-json\/wp\/v2\/posts"}],"about":[{"href":"https:\/\/blog.birders-hf.de\/index.php\/wp-json\/wp\/v2\/types\/post"}],"author":[{"embeddable":true,"href":"https:\/\/blog.birders-hf.de\/index.php\/wp-json\/wp\/v2\/users\/12"}],"replies":[{"embeddable":true,"href":"https:\/\/blog.birders-hf.de\/index.php\/wp-json\/wp\/v2\/comments?post=25085"}],"version-history":[{"count":2,"href":"https:\/\/blog.birders-hf.de\/index.php\/wp-json\/wp\/v2\/posts\/25085\/revisions"}],"predecessor-version":[{"id":25092,"href":"https:\/\/blog.birders-hf.de\/index.php\/wp-json\/wp\/v2\/posts\/25085\/revisions\/25092"}],"wp:attachment":[{"href":"https:\/\/blog.birders-hf.de\/index.php\/wp-json\/wp\/v2\/media?parent=25085"}],"wp:term":[{"taxonomy":"category","embeddable":true,"href":"https:\/\/blog.birders-hf.de\/index.php\/wp-json\/wp\/v2\/categories?post=25085"},{"taxonomy":"post_tag","embeddable":true,"href":"https:\/\/blog.birders-hf.de\/index.php\/wp-json\/wp\/v2\/tags?post=25085"}],"curies":[{"name":"wp","href":"https:\/\/api.w.org\/{rel}","templated":true}]}}