{"id":25029,"date":"2025-10-03T13:59:48","date_gmt":"2025-10-03T11:59:48","guid":{"rendered":"https:\/\/blog.birders-hf.de\/?p=25029"},"modified":"2025-10-03T14:03:09","modified_gmt":"2025-10-03T12:03:09","slug":"fuchs-in-haevern","status":"publish","type":"post","link":"https:\/\/blog.birders-hf.de\/index.php\/2025\/10\/03\/fuchs-in-haevern\/","title":{"rendered":"Fuchs in H\u00e4vern"},"content":{"rendered":"<div class=\"postie-post\">\n<div class=\"postie-attachments\"><a href=\"https:\/\/blog.birders-hf.de\/?attachment_id=25030\"><img decoding=\"async\" src=\"https:\/\/blog.birders-hf.de\/wp-content\/uploads\/2025\/10\/IMG_2480-480x318.jpg\" alt=\"\" width=\"480px\" height=\"318px\" class=\"alignnone size-medium wp-image-25030\" srcset=\"https:\/\/blog.birders-hf.de\/wp-content\/uploads\/2025\/10\/IMG_2480-480x318.jpg 480w, https:\/\/blog.birders-hf.de\/wp-content\/uploads\/2025\/10\/IMG_2480.jpg 640w\" sizes=\"(max-width: 480px) 100vw, 480px\" \/><\/a><br \/>\n<a href=\"https:\/\/blog.birders-hf.de\/?attachment_id=25031\"><img decoding=\"async\" src=\"https:\/\/blog.birders-hf.de\/wp-content\/uploads\/2025\/10\/IMG_2486-480x318.jpg\" alt=\"\" width=\"480px\" height=\"318px\" class=\"alignnone size-medium wp-image-25031\" srcset=\"https:\/\/blog.birders-hf.de\/wp-content\/uploads\/2025\/10\/IMG_2486-480x318.jpg 480w, https:\/\/blog.birders-hf.de\/wp-content\/uploads\/2025\/10\/IMG_2486.jpg 640w\" sizes=\"(max-width: 480px) 100vw, 480px\" \/><\/a><br \/>\n<a href=\"https:\/\/blog.birders-hf.de\/?attachment_id=25032\"><img decoding=\"async\" src=\"https:\/\/blog.birders-hf.de\/wp-content\/uploads\/2025\/10\/IMG_2503-480x318.jpg\" alt=\"\" width=\"480px\" height=\"318px\" class=\"alignnone size-medium wp-image-25032\" srcset=\"https:\/\/blog.birders-hf.de\/wp-content\/uploads\/2025\/10\/IMG_2503-480x318.jpg 480w, https:\/\/blog.birders-hf.de\/wp-content\/uploads\/2025\/10\/IMG_2503.jpg 640w\" sizes=\"(max-width: 480px) 100vw, 480px\" \/><\/a><br \/>\n<a href=\"https:\/\/blog.birders-hf.de\/?attachment_id=25033\"><img decoding=\"async\" src=\"https:\/\/blog.birders-hf.de\/wp-content\/uploads\/2025\/10\/IMG_2507-480x318.jpg\" alt=\"\" width=\"480px\" height=\"318px\" class=\"alignnone size-medium wp-image-25033\" srcset=\"https:\/\/blog.birders-hf.de\/wp-content\/uploads\/2025\/10\/IMG_2507-480x318.jpg 480w, https:\/\/blog.birders-hf.de\/wp-content\/uploads\/2025\/10\/IMG_2507.jpg 640w\" sizes=\"(max-width: 480px) 100vw, 480px\" \/><\/a><br \/>\n<a href=\"https:\/\/blog.birders-hf.de\/?attachment_id=25034\"><img decoding=\"async\" src=\"https:\/\/blog.birders-hf.de\/wp-content\/uploads\/2025\/10\/IMG_2515-480x318.jpg\" alt=\"\" width=\"480px\" height=\"318px\" class=\"alignnone size-medium wp-image-25034\" srcset=\"https:\/\/blog.birders-hf.de\/wp-content\/uploads\/2025\/10\/IMG_2515-480x318.jpg 480w, https:\/\/blog.birders-hf.de\/wp-content\/uploads\/2025\/10\/IMG_2515.jpg 640w\" sizes=\"(max-width: 480px) 100vw, 480px\" \/><\/a><br \/>\n<a href=\"https:\/\/blog.birders-hf.de\/?attachment_id=25035\"><img decoding=\"async\" src=\"https:\/\/blog.birders-hf.de\/wp-content\/uploads\/2025\/10\/IMG_2520-480x318.jpg\" alt=\"\" width=\"480px\" height=\"318px\" class=\"alignnone size-medium wp-image-25035\" srcset=\"https:\/\/blog.birders-hf.de\/wp-content\/uploads\/2025\/10\/IMG_2520-480x318.jpg 480w, https:\/\/blog.birders-hf.de\/wp-content\/uploads\/2025\/10\/IMG_2520.jpg 640w\" sizes=\"(max-width: 480px) 100vw, 480px\" \/><\/a><\/div>\n<div style=\"font-family: 'verdana'; font-size: 12px; color: #000;\"><span style=\"background-color: #ffffff;\">Heute Mittag<\/span><\/div>\n<div style=\"font-family: 'verdana'; font-size: 12px; color: #000;\"><span style=\"background-color: #ffffff;\">Wenn man in H\u00e4vern rein f\u00e4hrt, die 1. Wiese rechts,<\/span><\/div>\n<div style=\"font-family: 'verdana'; font-size: 12px; color: #000;\"><span style=\"background-color: #ffffff;\">habe ich diesen Fuchs fotografieren k\u00f6nnen. Hat sich sehr oft gekratzt.<\/span><\/div>\n<div style=\"font-family: 'verdana'; font-size: 12px; color: #000;\"><span style=\"background-color: #ffffff;\">Dieser Fuchs ist krank, vermutlich R\u00e4ude. Der hintere Teil vom R\u00fccken<\/span><\/div>\n<div style=\"font-family: 'verdana'; font-size: 12px; color: #000;\"><span style=\"background-color: #ffffff;\">verliert er Haare. Am Kniegelenk keine Haare mehr. Der Schwanz sieht<\/span><\/div>\n<div style=\"font-family: 'verdana'; font-size: 12px; color: #000;\"><span style=\"background-color: #ffffff;\">nicht besser aus.<\/span><\/div>\n<div style=\"font-family: 'verdana'; font-size: 12px; color: #000;\"><span style=\"background-color: #ffffff;\">Gru\u00df<\/span><\/div>\n<div style=\"font-family: 'verdana'; font-size: 12px; color: #000;\"><span style=\"background-color: #ffffff;\">Hans-J\u00fcrgen Meier<\/span><\/div>\n<div style=\"font-family: 'verdana'; font-size: 12px; color: #000;\"><span style=\"background-color: #ffffff;\">&nbsp;<\/span><\/div>\n<\/div>\n","protected":false},"excerpt":{"rendered":"<p>Heute Mittag Wenn man in H\u00e4vern rein f\u00e4hrt, die 1. Wiese rechts, habe ich diesen Fuchs fotografieren k\u00f6nnen. Hat sich sehr oft gekratzt. Dieser Fuchs ist krank, vermutlich R\u00e4ude. Der &hellip; <a href=\"https:\/\/blog.birders-hf.de\/index.php\/2025\/10\/03\/fuchs-in-haevern\/\" class=\"more-link\"><span class=\"screen-reader-text\">Fuchs in H\u00e4vern<\/span> weiterlesen <span class=\"meta-nav\">&rarr;<\/span><\/a><\/p>\n","protected":false},"author":1,"featured_media":0,"comment_status":"open","ping_status":"open","sticky":false,"template":"","format":"standard","meta":{"footnotes":""},"categories":[1],"tags":[],"class_list":["post-25029","post","type-post","status-publish","format-standard","hentry","category-birding"],"_links":{"self":[{"href":"https:\/\/blog.birders-hf.de\/index.php\/wp-json\/wp\/v2\/posts\/25029","targetHints":{"allow":["GET"]}}],"collection":[{"href":"https:\/\/blog.birders-hf.de\/index.php\/wp-json\/wp\/v2\/posts"}],"about":[{"href":"https:\/\/blog.birders-hf.de\/index.php\/wp-json\/wp\/v2\/types\/post"}],"author":[{"embeddable":true,"href":"https:\/\/blog.birders-hf.de\/index.php\/wp-json\/wp\/v2\/users\/1"}],"replies":[{"embeddable":true,"href":"https:\/\/blog.birders-hf.de\/index.php\/wp-json\/wp\/v2\/comments?post=25029"}],"version-history":[{"count":0,"href":"https:\/\/blog.birders-hf.de\/index.php\/wp-json\/wp\/v2\/posts\/25029\/revisions"}],"wp:attachment":[{"href":"https:\/\/blog.birders-hf.de\/index.php\/wp-json\/wp\/v2\/media?parent=25029"}],"wp:term":[{"taxonomy":"category","embeddable":true,"href":"https:\/\/blog.birders-hf.de\/index.php\/wp-json\/wp\/v2\/categories?post=25029"},{"taxonomy":"post_tag","embeddable":true,"href":"https:\/\/blog.birders-hf.de\/index.php\/wp-json\/wp\/v2\/tags?post=25029"}],"curies":[{"name":"wp","href":"https:\/\/api.w.org\/{rel}","templated":true}]}}