{"id":24930,"date":"2025-09-25T09:13:31","date_gmt":"2025-09-25T07:13:31","guid":{"rendered":"https:\/\/blog.birders-hf.de\/?p=24930"},"modified":"2025-09-25T09:19:01","modified_gmt":"2025-09-25T07:19:01","slug":"alfsee-duemmer-24-09-2025","status":"publish","type":"post","link":"https:\/\/blog.birders-hf.de\/index.php\/2025\/09\/25\/alfsee-duemmer-24-09-2025\/","title":{"rendered":"Alfsee &amp; D\u00fcmmer &#8211; 24.09.2025"},"content":{"rendered":"\n<p>Vor zich Jahren mal zum Alfsee gefahren und als &#8222;unspektakul\u00e4r&#8220; abgetan.<br><br>Gestern mal wieder hingefahren und es hat sich richtig gelohnt!<br><br>Der Alfsee selbst ist eher &#8222;langweilig&#8220;, aber ein Blick auf die Wasserfl\u00e4che lohnt sich, so konnte ich z.B. eine Streifengans zwischen vielen Graug\u00e4nsen, Enten, Kormoranen und Haubentauchern entdecken.<br><br>Interessanter ist das n\u00f6rdlich vom See gelegene &#8222;Reservebecken&#8220;. Eine Vielzahl von Wasserfl\u00e4chen, Schilfbereiche und Baumbestand.<\/p>\n\n\n\n<figure class=\"wp-block-image size-large\"><a href=\"https:\/\/blog.birders-hf.de\/wp-content\/uploads\/2025\/09\/01_RB_AS.jpg\" target=\"_blank\" rel=\" noreferrer noopener\"><img loading=\"lazy\" decoding=\"async\" width=\"1024\" height=\"300\" src=\"https:\/\/blog.birders-hf.de\/wp-content\/uploads\/2025\/09\/01_RB_AS-1024x300.jpg\" alt=\"\" class=\"wp-image-24931\" srcset=\"https:\/\/blog.birders-hf.de\/wp-content\/uploads\/2025\/09\/01_RB_AS-1024x300.jpg 1024w, https:\/\/blog.birders-hf.de\/wp-content\/uploads\/2025\/09\/01_RB_AS-480x141.jpg 480w, https:\/\/blog.birders-hf.de\/wp-content\/uploads\/2025\/09\/01_RB_AS-768x225.jpg 768w, https:\/\/blog.birders-hf.de\/wp-content\/uploads\/2025\/09\/01_RB_AS-1536x450.jpg 1536w, https:\/\/blog.birders-hf.de\/wp-content\/uploads\/2025\/09\/01_RB_AS-2048x600.jpg 2048w\" sizes=\"auto, (max-width: 1024px) 100vw, 1024px\" \/><\/a><\/figure>\n\n\n\n<p>Man kann auf dem Deich rund um das Gebiet laufen, was ca. 7,5 km bedeutet.<br><br>Wir haben uns allerdings nur auf dem \u00f6stlichen und ein St\u00fcck auf dem s\u00fcdlichen Weg aufgehalten. So hatte man morgens die Sonne im R\u00fccken und konnte die vielen Vogelarten (siehe ornitho.de) im Gebiet beobachten.<br><br>Die Entfernungen vom Deich aus sind f\u00fcr Fotografen leider recht hoch, da sind 600mm+ angesagt. Theoretisch k\u00f6nnten man einfach den Deich runtergehen. Dies ist aber verboten, um die Tiere nicht zu st\u00f6ren, woran wir uns nat\u00fcrlich auch gehalten haben.<br><br>Ein sch\u00f6ner gro\u00dfer Aussichtsturm mit verdecktem Zugang am umz\u00e4unten Gebiet w\u00e4re da echt Super! Leider Fehlanzeige und die s\u00fcd\u00f6stlich gelegene Beobachtungsh\u00fctte steht nicht nur ung\u00fcnstig, die ist innen auch v\u00f6llig beschmiert und verdreckt.<br><br>Auch fehlen am Rundweg B\u00e4nke, wer dort l\u00e4ngere Zeit beobachten m\u00f6chte, sollte sich einen bequemen Campingstuhl mitbringen.<br><br><br>Jetzt aber genug &#8222;gemeckert&#8220;, denn:<br><br>Gleich zu Anfang das erste &#8222;Highlight&#8220;, ein <span style=\"text-decoration: underline;\">Seeadler<\/span>! Kurze Zeit sp\u00e4ter waren es sogar 3 !!<br><br>Das Paar, welches dieses Jahr wohl erfolgreich gebr\u00fctet hat und ein Jungvogel.<\/p>\n\n\n\n<figure class=\"wp-block-image size-large\"><a href=\"https:\/\/blog.birders-hf.de\/wp-content\/uploads\/2025\/09\/02_SA_AS.jpg\" target=\"_blank\" rel=\" noreferrer noopener\"><img loading=\"lazy\" decoding=\"async\" width=\"1024\" height=\"683\" src=\"https:\/\/blog.birders-hf.de\/wp-content\/uploads\/2025\/09\/02_SA_AS-1024x683.jpg\" alt=\"\" class=\"wp-image-24932\" srcset=\"https:\/\/blog.birders-hf.de\/wp-content\/uploads\/2025\/09\/02_SA_AS-1024x683.jpg 1024w, https:\/\/blog.birders-hf.de\/wp-content\/uploads\/2025\/09\/02_SA_AS-480x320.jpg 480w, https:\/\/blog.birders-hf.de\/wp-content\/uploads\/2025\/09\/02_SA_AS-768x512.jpg 768w, https:\/\/blog.birders-hf.de\/wp-content\/uploads\/2025\/09\/02_SA_AS-1536x1024.jpg 1536w, https:\/\/blog.birders-hf.de\/wp-content\/uploads\/2025\/09\/02_SA_AS.jpg 1920w\" sizes=\"auto, (max-width: 1024px) 100vw, 1024px\" \/><\/a><\/figure>\n\n\n\n<figure class=\"wp-block-image size-large\"><a href=\"https:\/\/blog.birders-hf.de\/wp-content\/uploads\/2025\/09\/03_SA_AS.jpg\" target=\"_blank\" rel=\" noreferrer noopener\"><img loading=\"lazy\" decoding=\"async\" width=\"1024\" height=\"683\" src=\"https:\/\/blog.birders-hf.de\/wp-content\/uploads\/2025\/09\/03_SA_AS-1024x683.jpg\" alt=\"\" class=\"wp-image-24933\" srcset=\"https:\/\/blog.birders-hf.de\/wp-content\/uploads\/2025\/09\/03_SA_AS-1024x683.jpg 1024w, https:\/\/blog.birders-hf.de\/wp-content\/uploads\/2025\/09\/03_SA_AS-480x320.jpg 480w, https:\/\/blog.birders-hf.de\/wp-content\/uploads\/2025\/09\/03_SA_AS-768x512.jpg 768w, https:\/\/blog.birders-hf.de\/wp-content\/uploads\/2025\/09\/03_SA_AS-1536x1024.jpg 1536w, https:\/\/blog.birders-hf.de\/wp-content\/uploads\/2025\/09\/03_SA_AS.jpg 1920w\" sizes=\"auto, (max-width: 1024px) 100vw, 1024px\" \/><\/a><\/figure>\n\n\n\n<p><br>Die adulten Seeadler landeten gemeinsam in einer Tanne und teilten dem Jungvogel durch energisches Rufen mit, wem das Revier geh\u00f6rt!<br><br>Nebenbei mussten sich alle 3 Adler gegen eine Horde, bestehend aus Elstern, Dohlen und Rabenkr\u00e4hen erwehren.<br><br>Bei einem der Rundfl\u00fcge konnten wir einen Seeadler bei einem spektakul\u00e4ren Sturzflug beobachten. Urpl\u00f6tzlich drehte er in der Luft und raste Senkrecht der Wasserfl\u00e4che entgegen!! Wow!<br><br><br>Viele <span style=\"text-decoration: underline;\">Silberreiher<\/span> standen in dem stahlblauen Karibikwasser, darunter auch ein Typ <span style=\"text-decoration: underline;\">Modesta<\/span>.<\/p>\n\n\n\n<figure class=\"wp-block-image size-large\"><a href=\"https:\/\/blog.birders-hf.de\/wp-content\/uploads\/2025\/09\/04_SR_AS.jpg\" target=\"_blank\" rel=\" noreferrer noopener\"><img loading=\"lazy\" decoding=\"async\" width=\"1024\" height=\"683\" src=\"https:\/\/blog.birders-hf.de\/wp-content\/uploads\/2025\/09\/04_SR_AS-1024x683.jpg\" alt=\"\" class=\"wp-image-24934\" srcset=\"https:\/\/blog.birders-hf.de\/wp-content\/uploads\/2025\/09\/04_SR_AS-1024x683.jpg 1024w, https:\/\/blog.birders-hf.de\/wp-content\/uploads\/2025\/09\/04_SR_AS-480x320.jpg 480w, https:\/\/blog.birders-hf.de\/wp-content\/uploads\/2025\/09\/04_SR_AS-768x512.jpg 768w, https:\/\/blog.birders-hf.de\/wp-content\/uploads\/2025\/09\/04_SR_AS-1536x1024.jpg 1536w, https:\/\/blog.birders-hf.de\/wp-content\/uploads\/2025\/09\/04_SR_AS-2048x1366.jpg 2048w\" sizes=\"auto, (max-width: 1024px) 100vw, 1024px\" \/><\/a><\/figure>\n\n\n\n<p><br>Da der D\u00fcmmer nicht weit entfernt liegt, noch einen Abstecher dorthin.<br><br>Leckeren Fisch nach den tollen Beobachtungen und dann noch ein paar Runden durch den n\u00f6rdlichen Bereich.<br><br>Dort waren die Landwirte aktiv und bearbeiteten das Grasland, was zahlreiche Greif- und Rabenv\u00f6gel anlockte.<br><br>Ein <span style=\"text-decoration: underline;\">Rotmilan<\/span> wurde st\u00e4ndig von <span style=\"text-decoration: underline;\">Dohlen<\/span> und <span style=\"text-decoration: underline;\">Saatkr\u00e4hen<\/span> bedr\u00e4ngt.<\/p>\n\n\n\n<figure class=\"wp-block-image size-large\"><a href=\"https:\/\/blog.birders-hf.de\/wp-content\/uploads\/2025\/09\/05_RM_DU.jpg\" target=\"_blank\" rel=\" noreferrer noopener\"><img loading=\"lazy\" decoding=\"async\" width=\"1024\" height=\"683\" src=\"https:\/\/blog.birders-hf.de\/wp-content\/uploads\/2025\/09\/05_RM_DU-1024x683.jpg\" alt=\"\" class=\"wp-image-24935\" srcset=\"https:\/\/blog.birders-hf.de\/wp-content\/uploads\/2025\/09\/05_RM_DU-1024x683.jpg 1024w, https:\/\/blog.birders-hf.de\/wp-content\/uploads\/2025\/09\/05_RM_DU-480x320.jpg 480w, https:\/\/blog.birders-hf.de\/wp-content\/uploads\/2025\/09\/05_RM_DU-768x512.jpg 768w, https:\/\/blog.birders-hf.de\/wp-content\/uploads\/2025\/09\/05_RM_DU-1536x1024.jpg 1536w, https:\/\/blog.birders-hf.de\/wp-content\/uploads\/2025\/09\/05_RM_DU-2048x1366.jpg 2048w\" sizes=\"auto, (max-width: 1024px) 100vw, 1024px\" \/><\/a><\/figure>\n\n\n\n<p><br>Durch den immer st\u00e4rker werdenden Wind, hielten sich die Kleinv\u00f6gel ziemlich versteckt, ein paar konnte man aber trotzdem ablichten. Wie dieses junge <span style=\"text-decoration: underline;\">Schwarzkehlchen<\/span> zum Beispiel.<\/p>\n\n\n\n<figure class=\"wp-block-image size-large\"><a href=\"https:\/\/blog.birders-hf.de\/wp-content\/uploads\/2025\/09\/06_SK_DU.jpg\" target=\"_blank\" rel=\" noreferrer noopener\"><img loading=\"lazy\" decoding=\"async\" width=\"1024\" height=\"683\" src=\"https:\/\/blog.birders-hf.de\/wp-content\/uploads\/2025\/09\/06_SK_DU-1024x683.jpg\" alt=\"\" class=\"wp-image-24936\" srcset=\"https:\/\/blog.birders-hf.de\/wp-content\/uploads\/2025\/09\/06_SK_DU-1024x683.jpg 1024w, https:\/\/blog.birders-hf.de\/wp-content\/uploads\/2025\/09\/06_SK_DU-480x320.jpg 480w, https:\/\/blog.birders-hf.de\/wp-content\/uploads\/2025\/09\/06_SK_DU-768x512.jpg 768w, https:\/\/blog.birders-hf.de\/wp-content\/uploads\/2025\/09\/06_SK_DU-1536x1024.jpg 1536w, https:\/\/blog.birders-hf.de\/wp-content\/uploads\/2025\/09\/06_SK_DU-2048x1366.jpg 2048w\" sizes=\"auto, (max-width: 1024px) 100vw, 1024px\" \/><\/a><\/figure>\n\n\n\n<p>Ein herrlicher Tag mit vielen tollen Erlebnissen und Beobachtungen. Dazu ein Traumwetter!<br><br>Insgesamt merkt man auch, der Vogelzug geht so langsam los. Im Ochsenmoor sind schon 1000-2000+ Graug\u00e4nse, die sich auf den Wiesen einfinden.<br><br>Der kalte Nordostwind heute, d\u00fcrfte das noch weiter befeuern. Spannende Zeiten stehen an, ich glaube der Herbst wird &#8222;hei\u00df&#8220;!!<br><br><br>MfG L.E.<\/p>\n","protected":false},"excerpt":{"rendered":"<p>Vor zich Jahren mal zum Alfsee gefahren und als &#8222;unspektakul\u00e4r&#8220; abgetan. Gestern mal wieder hingefahren und es hat sich richtig gelohnt! Der Alfsee selbst ist eher &#8222;langweilig&#8220;, aber ein Blick &hellip; <a href=\"https:\/\/blog.birders-hf.de\/index.php\/2025\/09\/25\/alfsee-duemmer-24-09-2025\/\" class=\"more-link\"><span class=\"screen-reader-text\">Alfsee &amp; D\u00fcmmer &#8211; 24.09.2025<\/span> weiterlesen <span class=\"meta-nav\">&rarr;<\/span><\/a><\/p>\n","protected":false},"author":11,"featured_media":0,"comment_status":"open","ping_status":"open","sticky":false,"template":"","format":"standard","meta":{"footnotes":""},"categories":[1],"tags":[],"class_list":["post-24930","post","type-post","status-publish","format-standard","hentry","category-birding"],"_links":{"self":[{"href":"https:\/\/blog.birders-hf.de\/index.php\/wp-json\/wp\/v2\/posts\/24930","targetHints":{"allow":["GET"]}}],"collection":[{"href":"https:\/\/blog.birders-hf.de\/index.php\/wp-json\/wp\/v2\/posts"}],"about":[{"href":"https:\/\/blog.birders-hf.de\/index.php\/wp-json\/wp\/v2\/types\/post"}],"author":[{"embeddable":true,"href":"https:\/\/blog.birders-hf.de\/index.php\/wp-json\/wp\/v2\/users\/11"}],"replies":[{"embeddable":true,"href":"https:\/\/blog.birders-hf.de\/index.php\/wp-json\/wp\/v2\/comments?post=24930"}],"version-history":[{"count":6,"href":"https:\/\/blog.birders-hf.de\/index.php\/wp-json\/wp\/v2\/posts\/24930\/revisions"}],"predecessor-version":[{"id":24942,"href":"https:\/\/blog.birders-hf.de\/index.php\/wp-json\/wp\/v2\/posts\/24930\/revisions\/24942"}],"wp:attachment":[{"href":"https:\/\/blog.birders-hf.de\/index.php\/wp-json\/wp\/v2\/media?parent=24930"}],"wp:term":[{"taxonomy":"category","embeddable":true,"href":"https:\/\/blog.birders-hf.de\/index.php\/wp-json\/wp\/v2\/categories?post=24930"},{"taxonomy":"post_tag","embeddable":true,"href":"https:\/\/blog.birders-hf.de\/index.php\/wp-json\/wp\/v2\/tags?post=24930"}],"curies":[{"name":"wp","href":"https:\/\/api.w.org\/{rel}","templated":true}]}}