{"id":24912,"date":"2025-09-21T13:09:08","date_gmt":"2025-09-21T11:09:08","guid":{"rendered":"https:\/\/blog.birders-hf.de\/?p=24912"},"modified":"2025-09-21T13:10:12","modified_gmt":"2025-09-21T11:10:12","slug":"duemmer-17-09-2025","status":"publish","type":"post","link":"https:\/\/blog.birders-hf.de\/index.php\/2025\/09\/21\/duemmer-17-09-2025\/","title":{"rendered":"D\u00fcmmer &#8211; 17.09.2025"},"content":{"rendered":"\n<p>Bei perfektem Wetter mit wenig Wind trauten sich auch die Kleinv\u00f6gel wieder raus und pr\u00e4sentierten sich n\u00f6rdlich des D\u00fcmmer Sees.<br><br>Viele <span style=\"text-decoration: underline;\">Braunkehlchen<\/span> konnten beobachtet und auch abgelichtet werden.<\/p>\n\n\n\n<figure class=\"wp-block-image size-large\"><a href=\"https:\/\/blog.birders-hf.de\/wp-content\/uploads\/2025\/09\/01_BK_DU.jpg\" target=\"_blank\" rel=\" noreferrer noopener\"><img loading=\"lazy\" decoding=\"async\" width=\"1024\" height=\"683\" src=\"https:\/\/blog.birders-hf.de\/wp-content\/uploads\/2025\/09\/01_BK_DU-1024x683.jpg\" alt=\"\" class=\"wp-image-24913\" srcset=\"https:\/\/blog.birders-hf.de\/wp-content\/uploads\/2025\/09\/01_BK_DU-1024x683.jpg 1024w, https:\/\/blog.birders-hf.de\/wp-content\/uploads\/2025\/09\/01_BK_DU-480x320.jpg 480w, https:\/\/blog.birders-hf.de\/wp-content\/uploads\/2025\/09\/01_BK_DU-768x512.jpg 768w, https:\/\/blog.birders-hf.de\/wp-content\/uploads\/2025\/09\/01_BK_DU-1536x1024.jpg 1536w, https:\/\/blog.birders-hf.de\/wp-content\/uploads\/2025\/09\/01_BK_DU-2048x1366.jpg 2048w\" sizes=\"auto, (max-width: 1024px) 100vw, 1024px\" \/><\/a><\/figure>\n\n\n\n<figure class=\"wp-block-image size-large\"><a href=\"https:\/\/blog.birders-hf.de\/wp-content\/uploads\/2025\/09\/02_BK_DU.jpg\" target=\"_blank\" rel=\" noreferrer noopener\"><img loading=\"lazy\" decoding=\"async\" width=\"1024\" height=\"683\" src=\"https:\/\/blog.birders-hf.de\/wp-content\/uploads\/2025\/09\/02_BK_DU-1024x683.jpg\" alt=\"\" class=\"wp-image-24914\" srcset=\"https:\/\/blog.birders-hf.de\/wp-content\/uploads\/2025\/09\/02_BK_DU-1024x683.jpg 1024w, https:\/\/blog.birders-hf.de\/wp-content\/uploads\/2025\/09\/02_BK_DU-480x320.jpg 480w, https:\/\/blog.birders-hf.de\/wp-content\/uploads\/2025\/09\/02_BK_DU-768x512.jpg 768w, https:\/\/blog.birders-hf.de\/wp-content\/uploads\/2025\/09\/02_BK_DU-1536x1024.jpg 1536w, https:\/\/blog.birders-hf.de\/wp-content\/uploads\/2025\/09\/02_BK_DU-2048x1366.jpg 2048w\" sizes=\"auto, (max-width: 1024px) 100vw, 1024px\" \/><\/a><\/figure>\n\n\n\n<p><br>Nicht zu verwechseln mit dem <span style=\"text-decoration: underline;\">Steinschm\u00e4tzer<\/span>. Dieser war auch etwas misstrauischer, zeigte sich dann aber in bester Pose!<\/p>\n\n\n\n<figure class=\"wp-block-image size-large\"><a href=\"https:\/\/blog.birders-hf.de\/wp-content\/uploads\/2025\/09\/03_SS_DU.jpg\" target=\"_blank\" rel=\" noreferrer noopener\"><img loading=\"lazy\" decoding=\"async\" width=\"1024\" height=\"683\" src=\"https:\/\/blog.birders-hf.de\/wp-content\/uploads\/2025\/09\/03_SS_DU-1024x683.jpg\" alt=\"\" class=\"wp-image-24915\" srcset=\"https:\/\/blog.birders-hf.de\/wp-content\/uploads\/2025\/09\/03_SS_DU-1024x683.jpg 1024w, https:\/\/blog.birders-hf.de\/wp-content\/uploads\/2025\/09\/03_SS_DU-480x320.jpg 480w, https:\/\/blog.birders-hf.de\/wp-content\/uploads\/2025\/09\/03_SS_DU-768x512.jpg 768w, https:\/\/blog.birders-hf.de\/wp-content\/uploads\/2025\/09\/03_SS_DU-1536x1024.jpg 1536w, https:\/\/blog.birders-hf.de\/wp-content\/uploads\/2025\/09\/03_SS_DU-2048x1366.jpg 2048w\" sizes=\"auto, (max-width: 1024px) 100vw, 1024px\" \/><\/a><\/figure>\n\n\n\n<p><br>Auch <span style=\"text-decoration: underline;\">Schwarzkehlchen<\/span> sind recht zahlreich, tendenziell aber eher etwas weiter im Norden des Gebietes.<\/p>\n\n\n\n<figure class=\"wp-block-image size-large\"><a href=\"https:\/\/blog.birders-hf.de\/wp-content\/uploads\/2025\/09\/04_SK_DU.jpg\" target=\"_blank\" rel=\" noreferrer noopener\"><img loading=\"lazy\" decoding=\"async\" width=\"1024\" height=\"683\" src=\"https:\/\/blog.birders-hf.de\/wp-content\/uploads\/2025\/09\/04_SK_DU-1024x683.jpg\" alt=\"\" class=\"wp-image-24916\" srcset=\"https:\/\/blog.birders-hf.de\/wp-content\/uploads\/2025\/09\/04_SK_DU-1024x683.jpg 1024w, https:\/\/blog.birders-hf.de\/wp-content\/uploads\/2025\/09\/04_SK_DU-480x320.jpg 480w, https:\/\/blog.birders-hf.de\/wp-content\/uploads\/2025\/09\/04_SK_DU-768x512.jpg 768w, https:\/\/blog.birders-hf.de\/wp-content\/uploads\/2025\/09\/04_SK_DU-1536x1024.jpg 1536w, https:\/\/blog.birders-hf.de\/wp-content\/uploads\/2025\/09\/04_SK_DU-2048x1366.jpg 2048w\" sizes=\"auto, (max-width: 1024px) 100vw, 1024px\" \/><\/a><\/figure>\n\n\n\n<p><br>Auf den Weiden stehen viele K\u00fche, das lockt nat\u00fcrlich auch die <span style=\"text-decoration: underline;\">Stare<\/span> an.<\/p>\n\n\n\n<figure class=\"wp-block-image size-large\"><a href=\"https:\/\/blog.birders-hf.de\/wp-content\/uploads\/2025\/09\/05_ST_DU.jpg\" target=\"_blank\" rel=\" noreferrer noopener\"><img loading=\"lazy\" decoding=\"async\" width=\"1024\" height=\"683\" src=\"https:\/\/blog.birders-hf.de\/wp-content\/uploads\/2025\/09\/05_ST_DU-1024x683.jpg\" alt=\"\" class=\"wp-image-24917\" srcset=\"https:\/\/blog.birders-hf.de\/wp-content\/uploads\/2025\/09\/05_ST_DU-1024x683.jpg 1024w, https:\/\/blog.birders-hf.de\/wp-content\/uploads\/2025\/09\/05_ST_DU-480x320.jpg 480w, https:\/\/blog.birders-hf.de\/wp-content\/uploads\/2025\/09\/05_ST_DU-768x512.jpg 768w, https:\/\/blog.birders-hf.de\/wp-content\/uploads\/2025\/09\/05_ST_DU-1536x1024.jpg 1536w, https:\/\/blog.birders-hf.de\/wp-content\/uploads\/2025\/09\/05_ST_DU-2048x1366.jpg 2048w\" sizes=\"auto, (max-width: 1024px) 100vw, 1024px\" \/><\/a><\/figure>\n\n\n\n<figure class=\"wp-block-image size-large\"><a href=\"https:\/\/blog.birders-hf.de\/wp-content\/uploads\/2025\/09\/06_ST_DU.jpg\" target=\"_blank\" rel=\" noreferrer noopener\"><img loading=\"lazy\" decoding=\"async\" width=\"1024\" height=\"683\" src=\"https:\/\/blog.birders-hf.de\/wp-content\/uploads\/2025\/09\/06_ST_DU-1024x683.jpg\" alt=\"\" class=\"wp-image-24918\" srcset=\"https:\/\/blog.birders-hf.de\/wp-content\/uploads\/2025\/09\/06_ST_DU-1024x683.jpg 1024w, https:\/\/blog.birders-hf.de\/wp-content\/uploads\/2025\/09\/06_ST_DU-480x320.jpg 480w, https:\/\/blog.birders-hf.de\/wp-content\/uploads\/2025\/09\/06_ST_DU-768x512.jpg 768w, https:\/\/blog.birders-hf.de\/wp-content\/uploads\/2025\/09\/06_ST_DU-1536x1024.jpg 1536w, https:\/\/blog.birders-hf.de\/wp-content\/uploads\/2025\/09\/06_ST_DU-2048x1366.jpg 2048w\" sizes=\"auto, (max-width: 1024px) 100vw, 1024px\" \/><\/a><\/figure>\n\n\n\n<p><br>Ein toller Tag am D\u00fcmmer mit vielen Fotos!<br><br><br>MfG L.E.<\/p>\n","protected":false},"excerpt":{"rendered":"<p>Bei perfektem Wetter mit wenig Wind trauten sich auch die Kleinv\u00f6gel wieder raus und pr\u00e4sentierten sich n\u00f6rdlich des D\u00fcmmer Sees. Viele Braunkehlchen konnten beobachtet und auch abgelichtet werden. Nicht zu &hellip; <a href=\"https:\/\/blog.birders-hf.de\/index.php\/2025\/09\/21\/duemmer-17-09-2025\/\" class=\"more-link\"><span class=\"screen-reader-text\">D\u00fcmmer &#8211; 17.09.2025<\/span> weiterlesen <span class=\"meta-nav\">&rarr;<\/span><\/a><\/p>\n","protected":false},"author":11,"featured_media":0,"comment_status":"open","ping_status":"open","sticky":false,"template":"","format":"standard","meta":{"footnotes":""},"categories":[1],"tags":[],"class_list":["post-24912","post","type-post","status-publish","format-standard","hentry","category-birding"],"_links":{"self":[{"href":"https:\/\/blog.birders-hf.de\/index.php\/wp-json\/wp\/v2\/posts\/24912","targetHints":{"allow":["GET"]}}],"collection":[{"href":"https:\/\/blog.birders-hf.de\/index.php\/wp-json\/wp\/v2\/posts"}],"about":[{"href":"https:\/\/blog.birders-hf.de\/index.php\/wp-json\/wp\/v2\/types\/post"}],"author":[{"embeddable":true,"href":"https:\/\/blog.birders-hf.de\/index.php\/wp-json\/wp\/v2\/users\/11"}],"replies":[{"embeddable":true,"href":"https:\/\/blog.birders-hf.de\/index.php\/wp-json\/wp\/v2\/comments?post=24912"}],"version-history":[{"count":2,"href":"https:\/\/blog.birders-hf.de\/index.php\/wp-json\/wp\/v2\/posts\/24912\/revisions"}],"predecessor-version":[{"id":24920,"href":"https:\/\/blog.birders-hf.de\/index.php\/wp-json\/wp\/v2\/posts\/24912\/revisions\/24920"}],"wp:attachment":[{"href":"https:\/\/blog.birders-hf.de\/index.php\/wp-json\/wp\/v2\/media?parent=24912"}],"wp:term":[{"taxonomy":"category","embeddable":true,"href":"https:\/\/blog.birders-hf.de\/index.php\/wp-json\/wp\/v2\/categories?post=24912"},{"taxonomy":"post_tag","embeddable":true,"href":"https:\/\/blog.birders-hf.de\/index.php\/wp-json\/wp\/v2\/tags?post=24912"}],"curies":[{"name":"wp","href":"https:\/\/api.w.org\/{rel}","templated":true}]}}