{"id":24902,"date":"2025-09-16T10:54:17","date_gmt":"2025-09-16T08:54:17","guid":{"rendered":"https:\/\/blog.birders-hf.de\/?p=24902"},"modified":"2025-09-16T16:55:10","modified_gmt":"2025-09-16T14:55:10","slug":"duemmer-langenteiler-graben","status":"publish","type":"post","link":"https:\/\/blog.birders-hf.de\/index.php\/2025\/09\/16\/duemmer-langenteiler-graben\/","title":{"rendered":"D\u00fcmmer &#8211; Langenteiler Graben"},"content":{"rendered":"\n<p>Gestern noch eine Runde in die n\u00f6rdliche D\u00fcmmer Region gefahren.<br><br>Ziel war eigentlich einen Rotfu\u00dffalken sch\u00f6n zu fotografieren, hat leider nicht geklappt, keinen gefunden.<br><br>Daf\u00fcr waren die anderen Greifv\u00f6gel immer noch zahlreich vor Ort, also knipst man die.<br><br>Zwei <span style=\"text-decoration: underline;\">Rotmilane<\/span> flogen pl\u00f6tzlich auf, mit etwas Gl\u00fcck konnte ich beide zusammen ablichten.<\/p>\n\n\n\n<figure class=\"wp-block-image size-large\"><a href=\"https:\/\/blog.birders-hf.de\/wp-content\/uploads\/2025\/09\/01_RM_DU.jpg\" target=\"_blank\" rel=\" noreferrer noopener\"><img loading=\"lazy\" decoding=\"async\" width=\"1024\" height=\"683\" src=\"https:\/\/blog.birders-hf.de\/wp-content\/uploads\/2025\/09\/01_RM_DU-1024x683.jpg\" alt=\"\" class=\"wp-image-24903\" srcset=\"https:\/\/blog.birders-hf.de\/wp-content\/uploads\/2025\/09\/01_RM_DU-1024x683.jpg 1024w, https:\/\/blog.birders-hf.de\/wp-content\/uploads\/2025\/09\/01_RM_DU-480x320.jpg 480w, https:\/\/blog.birders-hf.de\/wp-content\/uploads\/2025\/09\/01_RM_DU-768x512.jpg 768w, https:\/\/blog.birders-hf.de\/wp-content\/uploads\/2025\/09\/01_RM_DU-1536x1024.jpg 1536w, https:\/\/blog.birders-hf.de\/wp-content\/uploads\/2025\/09\/01_RM_DU-2048x1366.jpg 2048w\" sizes=\"auto, (max-width: 1024px) 100vw, 1024px\" \/><\/a><\/figure>\n\n\n\n<p><br>Eine weiblich <span style=\"text-decoration: underline;\">Rohrweihe<\/span> s\u00e4uberte Ihre F\u00e4nge um f\u00fcr den n\u00e4chsten Beuteflug &#8222;Einsatzbereit&#8220; zu sein.<\/p>\n\n\n\n<figure class=\"wp-block-image size-large\"><a href=\"https:\/\/blog.birders-hf.de\/wp-content\/uploads\/2025\/09\/02_RW_DU.jpg\" target=\"_blank\" rel=\" noreferrer noopener\"><img loading=\"lazy\" decoding=\"async\" width=\"1024\" height=\"683\" src=\"https:\/\/blog.birders-hf.de\/wp-content\/uploads\/2025\/09\/02_RW_DU-1024x683.jpg\" alt=\"\" class=\"wp-image-24904\" srcset=\"https:\/\/blog.birders-hf.de\/wp-content\/uploads\/2025\/09\/02_RW_DU-1024x683.jpg 1024w, https:\/\/blog.birders-hf.de\/wp-content\/uploads\/2025\/09\/02_RW_DU-480x320.jpg 480w, https:\/\/blog.birders-hf.de\/wp-content\/uploads\/2025\/09\/02_RW_DU-768x512.jpg 768w, https:\/\/blog.birders-hf.de\/wp-content\/uploads\/2025\/09\/02_RW_DU-1536x1024.jpg 1536w, https:\/\/blog.birders-hf.de\/wp-content\/uploads\/2025\/09\/02_RW_DU-2048x1366.jpg 2048w\" sizes=\"auto, (max-width: 1024px) 100vw, 1024px\" \/><\/a><\/figure>\n\n\n\n<p><br><span style=\"text-decoration: underline;\">Turmfalken<\/span> sind aktuell \u00fcberall in der Region zu beobachten.<\/p>\n\n\n\n<figure class=\"wp-block-image size-large\"><a href=\"https:\/\/blog.birders-hf.de\/wp-content\/uploads\/2025\/09\/03_TF_DU.jpg\" target=\"_blank\" rel=\" noreferrer noopener\"><img loading=\"lazy\" decoding=\"async\" width=\"1024\" height=\"683\" src=\"https:\/\/blog.birders-hf.de\/wp-content\/uploads\/2025\/09\/03_TF_DU-1024x683.jpg\" alt=\"\" class=\"wp-image-24905\" srcset=\"https:\/\/blog.birders-hf.de\/wp-content\/uploads\/2025\/09\/03_TF_DU-1024x683.jpg 1024w, https:\/\/blog.birders-hf.de\/wp-content\/uploads\/2025\/09\/03_TF_DU-480x320.jpg 480w, https:\/\/blog.birders-hf.de\/wp-content\/uploads\/2025\/09\/03_TF_DU-768x512.jpg 768w, https:\/\/blog.birders-hf.de\/wp-content\/uploads\/2025\/09\/03_TF_DU-1536x1024.jpg 1536w, https:\/\/blog.birders-hf.de\/wp-content\/uploads\/2025\/09\/03_TF_DU.jpg 1920w\" sizes=\"auto, (max-width: 1024px) 100vw, 1024px\" \/><\/a><\/figure>\n\n\n\n<figure class=\"wp-block-image size-large\"><a href=\"https:\/\/blog.birders-hf.de\/wp-content\/uploads\/2025\/09\/04_TF_DU-1.jpg\" target=\"_blank\" rel=\" noreferrer noopener\"><img loading=\"lazy\" decoding=\"async\" width=\"1024\" height=\"683\" src=\"https:\/\/blog.birders-hf.de\/wp-content\/uploads\/2025\/09\/04_TF_DU-1-1024x683.jpg\" alt=\"\" class=\"wp-image-24906\" srcset=\"https:\/\/blog.birders-hf.de\/wp-content\/uploads\/2025\/09\/04_TF_DU-1-1024x683.jpg 1024w, https:\/\/blog.birders-hf.de\/wp-content\/uploads\/2025\/09\/04_TF_DU-1-480x320.jpg 480w, https:\/\/blog.birders-hf.de\/wp-content\/uploads\/2025\/09\/04_TF_DU-1-768x512.jpg 768w, https:\/\/blog.birders-hf.de\/wp-content\/uploads\/2025\/09\/04_TF_DU-1-1536x1024.jpg 1536w, https:\/\/blog.birders-hf.de\/wp-content\/uploads\/2025\/09\/04_TF_DU-1-2048x1366.jpg 2048w\" sizes=\"auto, (max-width: 1024px) 100vw, 1024px\" \/><\/a><\/figure>\n\n\n\n<p><br>Der starke Wind schien den <span style=\"text-decoration: underline;\">Rauchschwalben<\/span> nicht viel auszumachen, geschickt flogen Sie dicht \u00fcber den Feldern. Gelegentlich wurde sich dann aber doch auf den Weidez\u00e4unen ausgeruht.<\/p>\n\n\n\n<figure class=\"wp-block-image size-large\"><a href=\"https:\/\/blog.birders-hf.de\/wp-content\/uploads\/2025\/09\/05_RS_DU.jpg\" target=\"_blank\" rel=\" noreferrer noopener\"><img loading=\"lazy\" decoding=\"async\" width=\"1024\" height=\"683\" src=\"https:\/\/blog.birders-hf.de\/wp-content\/uploads\/2025\/09\/05_RS_DU-1024x683.jpg\" alt=\"\" class=\"wp-image-24907\" srcset=\"https:\/\/blog.birders-hf.de\/wp-content\/uploads\/2025\/09\/05_RS_DU-1024x683.jpg 1024w, https:\/\/blog.birders-hf.de\/wp-content\/uploads\/2025\/09\/05_RS_DU-480x320.jpg 480w, https:\/\/blog.birders-hf.de\/wp-content\/uploads\/2025\/09\/05_RS_DU-768x512.jpg 768w, https:\/\/blog.birders-hf.de\/wp-content\/uploads\/2025\/09\/05_RS_DU-1536x1024.jpg 1536w, https:\/\/blog.birders-hf.de\/wp-content\/uploads\/2025\/09\/05_RS_DU-2048x1366.jpg 2048w\" sizes=\"auto, (max-width: 1024px) 100vw, 1024px\" \/><\/a><\/figure>\n\n\n\n<figure class=\"wp-block-image size-large\"><a href=\"https:\/\/blog.birders-hf.de\/wp-content\/uploads\/2025\/09\/06_RS_DU.jpg\" target=\"_blank\" rel=\" noreferrer noopener\"><img loading=\"lazy\" decoding=\"async\" width=\"1024\" height=\"683\" src=\"https:\/\/blog.birders-hf.de\/wp-content\/uploads\/2025\/09\/06_RS_DU-1024x683.jpg\" alt=\"\" class=\"wp-image-24908\" srcset=\"https:\/\/blog.birders-hf.de\/wp-content\/uploads\/2025\/09\/06_RS_DU-1024x683.jpg 1024w, https:\/\/blog.birders-hf.de\/wp-content\/uploads\/2025\/09\/06_RS_DU-480x320.jpg 480w, https:\/\/blog.birders-hf.de\/wp-content\/uploads\/2025\/09\/06_RS_DU-768x512.jpg 768w, https:\/\/blog.birders-hf.de\/wp-content\/uploads\/2025\/09\/06_RS_DU-1536x1024.jpg 1536w, https:\/\/blog.birders-hf.de\/wp-content\/uploads\/2025\/09\/06_RS_DU-2048x1366.jpg 2048w\" sizes=\"auto, (max-width: 1024px) 100vw, 1024px\" \/><\/a><\/figure>\n\n\n\n<p><br>Mal schauen wie lange die Schwalben uns noch mit Ihrer Anwesenheit erfreuen.<br><br><br>MfG L.E.<\/p>\n","protected":false},"excerpt":{"rendered":"<p>Gestern noch eine Runde in die n\u00f6rdliche D\u00fcmmer Region gefahren. Ziel war eigentlich einen Rotfu\u00dffalken sch\u00f6n zu fotografieren, hat leider nicht geklappt, keinen gefunden. Daf\u00fcr waren die anderen Greifv\u00f6gel immer &hellip; <a href=\"https:\/\/blog.birders-hf.de\/index.php\/2025\/09\/16\/duemmer-langenteiler-graben\/\" class=\"more-link\"><span class=\"screen-reader-text\">D\u00fcmmer &#8211; Langenteiler Graben<\/span> weiterlesen <span class=\"meta-nav\">&rarr;<\/span><\/a><\/p>\n","protected":false},"author":11,"featured_media":0,"comment_status":"open","ping_status":"open","sticky":false,"template":"","format":"standard","meta":{"footnotes":""},"categories":[1],"tags":[],"class_list":["post-24902","post","type-post","status-publish","format-standard","hentry","category-birding"],"_links":{"self":[{"href":"https:\/\/blog.birders-hf.de\/index.php\/wp-json\/wp\/v2\/posts\/24902","targetHints":{"allow":["GET"]}}],"collection":[{"href":"https:\/\/blog.birders-hf.de\/index.php\/wp-json\/wp\/v2\/posts"}],"about":[{"href":"https:\/\/blog.birders-hf.de\/index.php\/wp-json\/wp\/v2\/types\/post"}],"author":[{"embeddable":true,"href":"https:\/\/blog.birders-hf.de\/index.php\/wp-json\/wp\/v2\/users\/11"}],"replies":[{"embeddable":true,"href":"https:\/\/blog.birders-hf.de\/index.php\/wp-json\/wp\/v2\/comments?post=24902"}],"version-history":[{"count":3,"href":"https:\/\/blog.birders-hf.de\/index.php\/wp-json\/wp\/v2\/posts\/24902\/revisions"}],"predecessor-version":[{"id":24911,"href":"https:\/\/blog.birders-hf.de\/index.php\/wp-json\/wp\/v2\/posts\/24902\/revisions\/24911"}],"wp:attachment":[{"href":"https:\/\/blog.birders-hf.de\/index.php\/wp-json\/wp\/v2\/media?parent=24902"}],"wp:term":[{"taxonomy":"category","embeddable":true,"href":"https:\/\/blog.birders-hf.de\/index.php\/wp-json\/wp\/v2\/categories?post=24902"},{"taxonomy":"post_tag","embeddable":true,"href":"https:\/\/blog.birders-hf.de\/index.php\/wp-json\/wp\/v2\/tags?post=24902"}],"curies":[{"name":"wp","href":"https:\/\/api.w.org\/{rel}","templated":true}]}}