{"id":24895,"date":"2025-09-15T14:16:41","date_gmt":"2025-09-15T12:16:41","guid":{"rendered":"https:\/\/blog.birders-hf.de\/?p=24895"},"modified":"2025-09-15T14:18:25","modified_gmt":"2025-09-15T12:18:25","slug":"haevern-grube-nord-33","status":"publish","type":"post","link":"https:\/\/blog.birders-hf.de\/index.php\/2025\/09\/15\/haevern-grube-nord-33\/","title":{"rendered":"H\u00e4vern Grube Nord"},"content":{"rendered":"<div class=\"postie-post\">\n<div class=\"postie-attachments\"><a href=\"https:\/\/blog.birders-hf.de\/?attachment_id=24896\"><img decoding=\"async\" src=\"https:\/\/blog.birders-hf.de\/wp-content\/uploads\/2025\/09\/IMG_1017-480x320.jpg\" alt=\"\" width=\"480px\" height=\"320px\" class=\"alignnone size-medium wp-image-24896\" srcset=\"https:\/\/blog.birders-hf.de\/wp-content\/uploads\/2025\/09\/IMG_1017-480x320.jpg 480w, https:\/\/blog.birders-hf.de\/wp-content\/uploads\/2025\/09\/IMG_1017.jpg 640w\" sizes=\"(max-width: 480px) 100vw, 480px\" \/><\/a><br \/>\n<a href=\"https:\/\/blog.birders-hf.de\/?attachment_id=24897\"><img decoding=\"async\" src=\"https:\/\/blog.birders-hf.de\/wp-content\/uploads\/2025\/09\/IMG_1095-480x320.jpg\" alt=\"\" width=\"480px\" height=\"320px\" class=\"alignnone size-medium wp-image-24897\" srcset=\"https:\/\/blog.birders-hf.de\/wp-content\/uploads\/2025\/09\/IMG_1095-480x320.jpg 480w, https:\/\/blog.birders-hf.de\/wp-content\/uploads\/2025\/09\/IMG_1095.jpg 640w\" sizes=\"(max-width: 480px) 100vw, 480px\" \/><\/a><br \/>\n<a href=\"https:\/\/blog.birders-hf.de\/?attachment_id=24898\"><img decoding=\"async\" src=\"https:\/\/blog.birders-hf.de\/wp-content\/uploads\/2025\/09\/IMG_1098-480x320.jpg\" alt=\"\" width=\"480px\" height=\"320px\" class=\"alignnone size-medium wp-image-24898\" srcset=\"https:\/\/blog.birders-hf.de\/wp-content\/uploads\/2025\/09\/IMG_1098-480x320.jpg 480w, https:\/\/blog.birders-hf.de\/wp-content\/uploads\/2025\/09\/IMG_1098.jpg 640w\" sizes=\"(max-width: 480px) 100vw, 480px\" \/><\/a><br \/>\n<a href=\"https:\/\/blog.birders-hf.de\/?attachment_id=24899\"><img decoding=\"async\" src=\"https:\/\/blog.birders-hf.de\/wp-content\/uploads\/2025\/09\/IMG_1135-480x320.jpg\" alt=\"\" width=\"480px\" height=\"320px\" class=\"alignnone size-medium wp-image-24899\" srcset=\"https:\/\/blog.birders-hf.de\/wp-content\/uploads\/2025\/09\/IMG_1135-480x320.jpg 480w, https:\/\/blog.birders-hf.de\/wp-content\/uploads\/2025\/09\/IMG_1135.jpg 640w\" sizes=\"(max-width: 480px) 100vw, 480px\" \/><\/a><br \/>\n<a href=\"https:\/\/blog.birders-hf.de\/?attachment_id=24900\"><img decoding=\"async\" src=\"https:\/\/blog.birders-hf.de\/wp-content\/uploads\/2025\/09\/IMG_1146-480x320.jpg\" alt=\"\" width=\"480px\" height=\"320px\" class=\"alignnone size-medium wp-image-24900\" srcset=\"https:\/\/blog.birders-hf.de\/wp-content\/uploads\/2025\/09\/IMG_1146-480x320.jpg 480w, https:\/\/blog.birders-hf.de\/wp-content\/uploads\/2025\/09\/IMG_1146.jpg 640w\" sizes=\"(max-width: 480px) 100vw, 480px\" \/><\/a><\/div>\n<div style=\"font-family: 'verdana'; font-size: 12px; color: #000;\">Heute Vormittag<\/div>\n<div style=\"font-family: 'verdana'; font-size: 12px; color: #000;\">Bei sehr starken S\u00fcdwestwind<\/div>\n<div style=\"font-family: 'verdana'; font-size: 12px; color: #000;\">1 L\u00f6ffler noch vor Ort<\/div>\n<div style=\"font-family: 'verdana'; font-size: 12px; color: #000;\">Das 2. Foto Abflug zur Insel, Windgesch\u00fctzt<\/div>\n<div style=\"font-family: 'verdana'; font-size: 12px; color: #000;\">1 Alpenstranl\u00e4ufer<\/div>\n<div style=\"font-family: 'verdana'; font-size: 12px; color: #000;\">1 Flussuferl\u00e4ufer<\/div>\n<div style=\"font-family: 'verdana'; font-size: 12px; color: #000;\">Gru\u00df<\/div>\n<div style=\"font-family: 'verdana'; font-size: 12px; color: #000;\">Hans-J\u00fcrgen Meier<\/div>\n<div style=\"font-family: 'verdana'; font-size: 12px; color: #000;\">&nbsp;<\/div>\n<\/div>\n","protected":false},"excerpt":{"rendered":"<p>Heute Vormittag Bei sehr starken S\u00fcdwestwind 1 L\u00f6ffler noch vor Ort Das 2. Foto Abflug zur Insel, Windgesch\u00fctzt 1 Alpenstranl\u00e4ufer 1 Flussuferl\u00e4ufer Gru\u00df Hans-J\u00fcrgen Meier &nbsp;<\/p>\n","protected":false},"author":1,"featured_media":0,"comment_status":"open","ping_status":"open","sticky":false,"template":"","format":"standard","meta":{"footnotes":""},"categories":[1],"tags":[],"class_list":["post-24895","post","type-post","status-publish","format-standard","hentry","category-birding"],"_links":{"self":[{"href":"https:\/\/blog.birders-hf.de\/index.php\/wp-json\/wp\/v2\/posts\/24895","targetHints":{"allow":["GET"]}}],"collection":[{"href":"https:\/\/blog.birders-hf.de\/index.php\/wp-json\/wp\/v2\/posts"}],"about":[{"href":"https:\/\/blog.birders-hf.de\/index.php\/wp-json\/wp\/v2\/types\/post"}],"author":[{"embeddable":true,"href":"https:\/\/blog.birders-hf.de\/index.php\/wp-json\/wp\/v2\/users\/1"}],"replies":[{"embeddable":true,"href":"https:\/\/blog.birders-hf.de\/index.php\/wp-json\/wp\/v2\/comments?post=24895"}],"version-history":[{"count":0,"href":"https:\/\/blog.birders-hf.de\/index.php\/wp-json\/wp\/v2\/posts\/24895\/revisions"}],"wp:attachment":[{"href":"https:\/\/blog.birders-hf.de\/index.php\/wp-json\/wp\/v2\/media?parent=24895"}],"wp:term":[{"taxonomy":"category","embeddable":true,"href":"https:\/\/blog.birders-hf.de\/index.php\/wp-json\/wp\/v2\/categories?post=24895"},{"taxonomy":"post_tag","embeddable":true,"href":"https:\/\/blog.birders-hf.de\/index.php\/wp-json\/wp\/v2\/tags?post=24895"}],"curies":[{"name":"wp","href":"https:\/\/api.w.org\/{rel}","templated":true}]}}