{"id":24838,"date":"2025-09-08T13:32:05","date_gmt":"2025-09-08T11:32:05","guid":{"rendered":"https:\/\/blog.birders-hf.de\/?p=24838"},"modified":"2025-09-08T13:33:09","modified_gmt":"2025-09-08T11:33:09","slug":"haevern-grube-nord-32","status":"publish","type":"post","link":"https:\/\/blog.birders-hf.de\/index.php\/2025\/09\/08\/haevern-grube-nord-32\/","title":{"rendered":"H\u00e4vern Grube Nord"},"content":{"rendered":"<div class=\"postie-post\">\n<div class=\"postie-attachments\"><a href=\"https:\/\/blog.birders-hf.de\/?attachment_id=24839\"><img decoding=\"async\" src=\"https:\/\/blog.birders-hf.de\/wp-content\/uploads\/2025\/09\/IMG_0638-480x320.jpg\" alt=\"\" width=\"480px\" height=\"320px\" class=\"alignnone size-medium wp-image-24839\" srcset=\"https:\/\/blog.birders-hf.de\/wp-content\/uploads\/2025\/09\/IMG_0638-480x320.jpg 480w, https:\/\/blog.birders-hf.de\/wp-content\/uploads\/2025\/09\/IMG_0638.jpg 640w\" sizes=\"(max-width: 480px) 100vw, 480px\" \/><\/a><br \/>\n<a href=\"https:\/\/blog.birders-hf.de\/?attachment_id=24840\"><img decoding=\"async\" src=\"https:\/\/blog.birders-hf.de\/wp-content\/uploads\/2025\/09\/IMG_0660-480x320.jpg\" alt=\"\" width=\"480px\" height=\"320px\" class=\"alignnone size-medium wp-image-24840\" srcset=\"https:\/\/blog.birders-hf.de\/wp-content\/uploads\/2025\/09\/IMG_0660-480x320.jpg 480w, https:\/\/blog.birders-hf.de\/wp-content\/uploads\/2025\/09\/IMG_0660.jpg 640w\" sizes=\"(max-width: 480px) 100vw, 480px\" \/><\/a><\/div>\n<div style=\"font-family: 'verdana'; font-size: 12px; color: #000;\"><span style=\"background-color: #ffffff;\">Heute Vormittag<\/span><\/div>\n<div style=\"font-family: 'verdana'; font-size: 12px; color: #000;\"><span style=\"background-color: #ffffff;\">1 L\u00f6ffler vor Ort<\/span><\/div>\n<div style=\"font-family: 'verdana'; font-size: 12px; color: #000;\"><span style=\"background-color: #ffffff;\">1 Filmaufnahme&nbsp;<\/span><\/div>\n<div style=\"font-family: 'verdana'; font-size: 12px; color: #000;\"><span style=\"background-color: #ffffff;\">Wie der L\u00f6ffler von einem Kormoran verfolgt und vertrieben wurde.<\/span><\/div>\n<div style=\"font-family: 'verdana'; font-size: 12px; color: #000;\"><span style=\"background-color: #ffffff;\">Ist anschlie\u00dfend zur kleinen Insel geflogen.<\/span><\/div>\n<div style=\"font-family: 'verdana'; font-size: 12px; color: #000;\"><span style=\"background-color: #ffffff;\">Gru\u00df<\/span><\/div>\n<div style=\"font-family: 'verdana'; font-size: 12px; color: #000;\"><span style=\"background-color: #ffffff;\">Hans-J\u00fcrgen Meier<\/span><\/div>\n<\/div>\n","protected":false},"excerpt":{"rendered":"<p>Heute Vormittag 1 L\u00f6ffler vor Ort 1 Filmaufnahme&nbsp; Wie der L\u00f6ffler von einem Kormoran verfolgt und vertrieben wurde. Ist anschlie\u00dfend zur kleinen Insel geflogen. Gru\u00df Hans-J\u00fcrgen Meier<\/p>\n","protected":false},"author":1,"featured_media":0,"comment_status":"open","ping_status":"open","sticky":false,"template":"","format":"standard","meta":{"footnotes":""},"categories":[1],"tags":[],"class_list":["post-24838","post","type-post","status-publish","format-standard","hentry","category-birding"],"_links":{"self":[{"href":"https:\/\/blog.birders-hf.de\/index.php\/wp-json\/wp\/v2\/posts\/24838","targetHints":{"allow":["GET"]}}],"collection":[{"href":"https:\/\/blog.birders-hf.de\/index.php\/wp-json\/wp\/v2\/posts"}],"about":[{"href":"https:\/\/blog.birders-hf.de\/index.php\/wp-json\/wp\/v2\/types\/post"}],"author":[{"embeddable":true,"href":"https:\/\/blog.birders-hf.de\/index.php\/wp-json\/wp\/v2\/users\/1"}],"replies":[{"embeddable":true,"href":"https:\/\/blog.birders-hf.de\/index.php\/wp-json\/wp\/v2\/comments?post=24838"}],"version-history":[{"count":0,"href":"https:\/\/blog.birders-hf.de\/index.php\/wp-json\/wp\/v2\/posts\/24838\/revisions"}],"wp:attachment":[{"href":"https:\/\/blog.birders-hf.de\/index.php\/wp-json\/wp\/v2\/media?parent=24838"}],"wp:term":[{"taxonomy":"category","embeddable":true,"href":"https:\/\/blog.birders-hf.de\/index.php\/wp-json\/wp\/v2\/categories?post=24838"},{"taxonomy":"post_tag","embeddable":true,"href":"https:\/\/blog.birders-hf.de\/index.php\/wp-json\/wp\/v2\/tags?post=24838"}],"curies":[{"name":"wp","href":"https:\/\/api.w.org\/{rel}","templated":true}]}}