{"id":24826,"date":"2025-09-06T09:40:51","date_gmt":"2025-09-06T07:40:51","guid":{"rendered":"https:\/\/blog.birders-hf.de\/?p=24826"},"modified":"2025-09-06T09:45:51","modified_gmt":"2025-09-06T07:45:51","slug":"naju-bielefeld-artenliste-enger-bruch-5-9-2025-und-vogel-des-jahres-2026","status":"publish","type":"post","link":"https:\/\/blog.birders-hf.de\/index.php\/2025\/09\/06\/naju-bielefeld-artenliste-enger-bruch-5-9-2025-und-vogel-des-jahres-2026\/","title":{"rendered":"NAJU Bielefeld: Artenliste Enger Bruch 5.9.2025 und Vogel des Jahres 2026"},"content":{"rendered":"<div class=\"postie-post\">\n<div>\n<div class=\"moz-forward-container\">\n<div class=\"moz-forward-container\">Hallo,<\/p>\n<p>          gestern war die NAJU Bielefeld am Enger Bruch unterwegs. Der ja          aktuell sehr trocken ist. War es dieses Jahr denn so trocken?          Oder wurde gezielt das Wasser abgelassen?\u00a0<br \/>          Daf\u00fcr war das Wetter sehr sch\u00f6n, und wir konnten u.a zwei          Fasanenh\u00e4hne bei einen Kampf beobachten. War dies ein          Revierkampf? Herbst ist ja keine Brutzeit.<br \/>          1 Gruppe von Holhltauben lie\u00df sich zum trinken nieder. 1 Schwarm          Schafsstelzen kam hinzu und trank und badete. Kurz waren auch          einige Wiesenpieper dabei<br \/>          Auf einem Baum in der N\u00e4he des Beobachtungsturmes setzte sich          ein Sperber: sch\u00f6n im Fernglas f\u00fcr ca. 2 Minuten zu sehen.\u00a0<\/p>\n<p>          Hier die Artenliste:          <\/p>\n<ol>\n<li>Stockente<\/li>\n<li>Schnatterente<\/li>\n<li>Weisstorch<\/li>\n<li>Graureiher<\/li>\n<li>Hohltaube<\/li>\n<li>ZilpZalp<\/li>\n<li>M\u00e4usebussard<\/li>\n<li>Turmfalke<\/li>\n<li>Schafsstelze<\/li>\n<li>Elster<\/li>\n<li>Hohltaube<\/li>\n<li>Sperber<\/li>\n<li>Rauchschwalbe<\/li>\n<li>Mehlschwalbe<\/li>\n<li>Star<\/li>\n<li>Rotkehlchen<\/li>\n<li>Buntspecht<\/li>\n<li>Gr\u00fcnspecht g<\/li>\n<li>Wiesenpieper<\/li>\n<li>Ringeltaube<\/li>\n<li>Rabenkr\u00e4he<\/li>\n<li>Blaumeise g<\/li>\n<li>Graugans<\/li>\n<li>Bachstelze<\/li>\n<\/ol>\n<p>          Dazu hatten wir ein Reh welches zwischen den Schafen graste.<br \/>          1 Nutria<br \/>          Und 2 Feldhasen.<\/p>\n<p>          Bis zum 9. Oktober l\u00e4uft die Wahl zum Vogel des Jahrs 2026. Wir          haben gestern schon dar\u00fcber gesprochen, wen wir wohl w\u00e4hlen          werden. Nun fehlt noch ein Klick!\u00a0<\/p>\n<p>          Link: <a moz-do-not-send=\"true\"            href=\"https:\/\/www.nabu.de\/news\/2025\/09\/36508.html\"            class=\"moz-txt-link-freetext\">https:\/\/www.nabu.de\/news\/2025\/09\/36508.html<\/a><\/p>\n<p>          Viele Gr\u00fc\u00dfe<br \/>          \u00a0Karsten <lt-container><\/lt-container> <\/div>\n<\/p><\/div>\n<\/p><\/div>\n<\/div>\n","protected":false},"excerpt":{"rendered":"<p>Hallo, gestern war die NAJU Bielefeld am Enger Bruch unterwegs. Der ja aktuell sehr trocken ist. War es dieses Jahr denn so trocken? Oder wurde gezielt das Wasser abgelassen?\u00a0 Daf\u00fcr &hellip; <a href=\"https:\/\/blog.birders-hf.de\/index.php\/2025\/09\/06\/naju-bielefeld-artenliste-enger-bruch-5-9-2025-und-vogel-des-jahres-2026\/\" class=\"more-link\"><span class=\"screen-reader-text\">NAJU Bielefeld: Artenliste Enger Bruch 5.9.2025 und Vogel des Jahres 2026<\/span> weiterlesen <span class=\"meta-nav\">&rarr;<\/span><\/a><\/p>\n","protected":false},"author":1,"featured_media":0,"comment_status":"open","ping_status":"open","sticky":false,"template":"","format":"standard","meta":{"footnotes":""},"categories":[1],"tags":[],"class_list":["post-24826","post","type-post","status-publish","format-standard","hentry","category-birding"],"_links":{"self":[{"href":"https:\/\/blog.birders-hf.de\/index.php\/wp-json\/wp\/v2\/posts\/24826","targetHints":{"allow":["GET"]}}],"collection":[{"href":"https:\/\/blog.birders-hf.de\/index.php\/wp-json\/wp\/v2\/posts"}],"about":[{"href":"https:\/\/blog.birders-hf.de\/index.php\/wp-json\/wp\/v2\/types\/post"}],"author":[{"embeddable":true,"href":"https:\/\/blog.birders-hf.de\/index.php\/wp-json\/wp\/v2\/users\/1"}],"replies":[{"embeddable":true,"href":"https:\/\/blog.birders-hf.de\/index.php\/wp-json\/wp\/v2\/comments?post=24826"}],"version-history":[{"count":0,"href":"https:\/\/blog.birders-hf.de\/index.php\/wp-json\/wp\/v2\/posts\/24826\/revisions"}],"wp:attachment":[{"href":"https:\/\/blog.birders-hf.de\/index.php\/wp-json\/wp\/v2\/media?parent=24826"}],"wp:term":[{"taxonomy":"category","embeddable":true,"href":"https:\/\/blog.birders-hf.de\/index.php\/wp-json\/wp\/v2\/categories?post=24826"},{"taxonomy":"post_tag","embeddable":true,"href":"https:\/\/blog.birders-hf.de\/index.php\/wp-json\/wp\/v2\/tags?post=24826"}],"curies":[{"name":"wp","href":"https:\/\/api.w.org\/{rel}","templated":true}]}}