{"id":24777,"date":"2025-09-03T10:22:49","date_gmt":"2025-09-03T08:22:49","guid":{"rendered":"https:\/\/blog.birders-hf.de\/?p=24777"},"modified":"2025-09-03T10:23:44","modified_gmt":"2025-09-03T08:23:44","slug":"spaet-dran","status":"publish","type":"post","link":"https:\/\/blog.birders-hf.de\/index.php\/2025\/09\/03\/spaet-dran\/","title":{"rendered":"Sp\u00e4t dran !"},"content":{"rendered":"<div class=\"postie-post\">\n<div class=\"postie-attachments\"><a href=\"https:\/\/blog.birders-hf.de\/?attachment_id=24778\"><img decoding=\"async\" src=\"https:\/\/blog.birders-hf.de\/wp-content\/uploads\/2025\/09\/01092025-270x480.jpg\" alt=\"\" width=\"270px\" height=\"480px\" class=\"alignnone size-medium wp-image-24778\" srcset=\"https:\/\/blog.birders-hf.de\/wp-content\/uploads\/2025\/09\/01092025-270x480.jpg 270w, https:\/\/blog.birders-hf.de\/wp-content\/uploads\/2025\/09\/01092025-576x1024.jpg 576w, https:\/\/blog.birders-hf.de\/wp-content\/uploads\/2025\/09\/01092025-768x1365.jpg 768w, https:\/\/blog.birders-hf.de\/wp-content\/uploads\/2025\/09\/01092025-864x1536.jpg 864w, https:\/\/blog.birders-hf.de\/wp-content\/uploads\/2025\/09\/01092025-1152x2048.jpg 1152w, https:\/\/blog.birders-hf.de\/wp-content\/uploads\/2025\/09\/01092025-scaled.jpg 1440w\" sizes=\"(max-width: 270px) 100vw, 270px\" \/><\/a><br \/>\n<a href=\"https:\/\/blog.birders-hf.de\/?attachment_id=24779\"><img decoding=\"async\" src=\"https:\/\/blog.birders-hf.de\/wp-content\/uploads\/2025\/09\/Mauerseglerkasten-20052025-270x480.jpg\" alt=\"\" width=\"270px\" height=\"480px\" class=\"alignnone size-medium wp-image-24779\" srcset=\"https:\/\/blog.birders-hf.de\/wp-content\/uploads\/2025\/09\/Mauerseglerkasten-20052025-270x480.jpg 270w, https:\/\/blog.birders-hf.de\/wp-content\/uploads\/2025\/09\/Mauerseglerkasten-20052025-576x1024.jpg 576w, https:\/\/blog.birders-hf.de\/wp-content\/uploads\/2025\/09\/Mauerseglerkasten-20052025-768x1365.jpg 768w, https:\/\/blog.birders-hf.de\/wp-content\/uploads\/2025\/09\/Mauerseglerkasten-20052025-864x1536.jpg 864w, https:\/\/blog.birders-hf.de\/wp-content\/uploads\/2025\/09\/Mauerseglerkasten-20052025-1152x2048.jpg 1152w, https:\/\/blog.birders-hf.de\/wp-content\/uploads\/2025\/09\/Mauerseglerkasten-20052025-scaled.jpg 1440w\" sizes=\"(max-width: 270px) 100vw, 270px\" \/><\/a><br \/>\n<a href=\"https:\/\/blog.birders-hf.de\/?attachment_id=24780\"><img decoding=\"async\" src=\"https:\/\/blog.birders-hf.de\/wp-content\/uploads\/2025\/09\/Starenkasten19082025-270x480.jpg\" alt=\"\" width=\"270px\" height=\"480px\" class=\"alignnone size-medium wp-image-24780\" srcset=\"https:\/\/blog.birders-hf.de\/wp-content\/uploads\/2025\/09\/Starenkasten19082025-270x480.jpg 270w, https:\/\/blog.birders-hf.de\/wp-content\/uploads\/2025\/09\/Starenkasten19082025-576x1024.jpg 576w, https:\/\/blog.birders-hf.de\/wp-content\/uploads\/2025\/09\/Starenkasten19082025-768x1365.jpg 768w, https:\/\/blog.birders-hf.de\/wp-content\/uploads\/2025\/09\/Starenkasten19082025-864x1536.jpg 864w, https:\/\/blog.birders-hf.de\/wp-content\/uploads\/2025\/09\/Starenkasten19082025-1152x2048.jpg 1152w, https:\/\/blog.birders-hf.de\/wp-content\/uploads\/2025\/09\/Starenkasten19082025-scaled.jpg 1440w\" sizes=\"(max-width: 270px) 100vw, 270px\" \/><\/a><\/div>\n<div dir=\"ltr\">\n<p class=\"MsoNormal\" style=\"margin:0cm 0cm 8pt;line-height:107%;font-size:11pt;font-family:\"Calibri\",sans-serif\">Seit 2022 <span>\u00a0<\/span>br\u00fcten Mauersegler an unserem Haus in Bad Oeynhausen. Der Starenkasten in 9 m H\u00f6he am Nordgiebel hat es ihnen angetan. Die seit 2023 daneben aufgeh\u00e4ngten Spezialk\u00e4sten mit l\u00e4nglichem Einflugloch (Anti-Star) haben sie bisher nicht zur Brut genutzt. Mit einer kleinen Nistkastenkamera konnte ich dieses Jahr immerhin erstmalig beobachten, dass er f\u00fcr einige N\u00e4chte im Mai als Schlafplatz allein, zeitweise zu zweit angeflogen wurde (Foto zeigt zwei Ms kurz vor dem morgendlichen Abflug). Am Starenkasten habe ich das Sitzh\u00f6lzchen abgebrochen, um die Verletzungsgefahr beim rasanten Anflug zu vermeiden, und ebenfalls eine Kamera installiert. Das Brutpaar \u00fcbernahm dieses Jahr den Kasten, nachdem der Star schon etwas Laub eingetragen hatte. Mehrfach Konfrontationen, bis der Star Mitte Mai den Kasten offensichtlich endg\u00fcltig <span>\u00a0<\/span>aufgab. Leider verrutschte die Kamera , sodass ich den Brutbeginn nicht mitbekommen konnte. Sie haben aber offensichtlich ziemlich getr\u00f6delt . Zwischenzeitlich bef\u00fcrchtete ich, dass es vielleicht nur ein sozialer Schlafplatz f\u00fcr Bruder und Schwester w\u00e4re. Ich bef\u00fcrchtete, dass eine Korrektur der Kamera nur mit gr\u00f6sserer St\u00f6rung m\u00f6glich gewesen w\u00e4re. Als dann ab Mitte Juli regelm\u00e4\u00dfiger Flugverkehr einsetzte, konnte ich vorsichtig die Kamera etwas besser ausrichten, sodass ich dass Heranwachsen von zwei Jungv\u00f6geln beobachten konnte (Foto zeigt zwei pulli und die Fl\u00fcgelspitzen eines Altvogels). Artspezifisch fanden F\u00fctterungen in Abst\u00e4nden von 30 Minuten bis \u00fcber 2 Stunden statt. Mitte August hatten die beiden noch erschreckend kurze Fl\u00fcgel. Jetzt scheint der Abflug unmittelbar bevorzustehen: im Laufe des Tages hat ein Jungvogel den Kasten bereits verlassen (Foto zeigt den noch z\u00f6gerlichen zweiten Jungvogel). Wenn man die F\u00fctterungszeit, die mit durchschnittlich 42 Tagen angegeben wird, zur Brutdauer von knapp drei Wochen hinzuz\u00e4hlt, m\u00fcsste der Brutbeginn tats\u00e4chlich erst in der letzten Juniwoche erfolgt sein.<span>\u00a0 <\/span>Der sp\u00e4te Beginn bleibt ein R\u00e4tsel. <span><\/span><\/p>\n<p class=\"MsoNormal\" style=\"margin:0cm 0cm 8pt;line-height:107%;font-size:11pt;font-family:\"Calibri\",sans-serif\">Sind die Bruten in den Bielefelder \u201ePrivatkolonien\u201c denn schon abgeschlossen?<font color=\"#888888\"><span><\/span><\/font><\/p>\n<p><font color=\"#888888\"><\/p>\n<p class=\"MsoNormal\" style=\"margin:0cm 0cm 8pt;line-height:107%;font-size:11pt;font-family:\"Calibri\",sans-serif\">Carsten Cordes<\/p>\n<p><\/font><br \/>\n<\/div>\n<\/div>\n","protected":false},"excerpt":{"rendered":"<p>Seit 2022 \u00a0br\u00fcten Mauersegler an unserem Haus in Bad Oeynhausen. Der Starenkasten in 9 m H\u00f6he am Nordgiebel hat es ihnen angetan. Die seit 2023 daneben aufgeh\u00e4ngten Spezialk\u00e4sten mit l\u00e4nglichem &hellip; <a href=\"https:\/\/blog.birders-hf.de\/index.php\/2025\/09\/03\/spaet-dran\/\" class=\"more-link\"><span class=\"screen-reader-text\">Sp\u00e4t dran !<\/span> weiterlesen <span class=\"meta-nav\">&rarr;<\/span><\/a><\/p>\n","protected":false},"author":1,"featured_media":0,"comment_status":"open","ping_status":"open","sticky":false,"template":"","format":"standard","meta":{"footnotes":""},"categories":[1],"tags":[],"class_list":["post-24777","post","type-post","status-publish","format-standard","hentry","category-birding"],"_links":{"self":[{"href":"https:\/\/blog.birders-hf.de\/index.php\/wp-json\/wp\/v2\/posts\/24777","targetHints":{"allow":["GET"]}}],"collection":[{"href":"https:\/\/blog.birders-hf.de\/index.php\/wp-json\/wp\/v2\/posts"}],"about":[{"href":"https:\/\/blog.birders-hf.de\/index.php\/wp-json\/wp\/v2\/types\/post"}],"author":[{"embeddable":true,"href":"https:\/\/blog.birders-hf.de\/index.php\/wp-json\/wp\/v2\/users\/1"}],"replies":[{"embeddable":true,"href":"https:\/\/blog.birders-hf.de\/index.php\/wp-json\/wp\/v2\/comments?post=24777"}],"version-history":[{"count":0,"href":"https:\/\/blog.birders-hf.de\/index.php\/wp-json\/wp\/v2\/posts\/24777\/revisions"}],"wp:attachment":[{"href":"https:\/\/blog.birders-hf.de\/index.php\/wp-json\/wp\/v2\/media?parent=24777"}],"wp:term":[{"taxonomy":"category","embeddable":true,"href":"https:\/\/blog.birders-hf.de\/index.php\/wp-json\/wp\/v2\/categories?post=24777"},{"taxonomy":"post_tag","embeddable":true,"href":"https:\/\/blog.birders-hf.de\/index.php\/wp-json\/wp\/v2\/tags?post=24777"}],"curies":[{"name":"wp","href":"https:\/\/api.w.org\/{rel}","templated":true}]}}