{"id":24689,"date":"2025-08-12T17:07:00","date_gmt":"2025-08-12T15:07:00","guid":{"rendered":"https:\/\/blog.birders-hf.de\/?p=24689"},"modified":"2025-08-13T15:21:54","modified_gmt":"2025-08-13T13:21:54","slug":"jeder-baum-zaehlt","status":"publish","type":"post","link":"https:\/\/blog.birders-hf.de\/index.php\/2025\/08\/12\/jeder-baum-zaehlt\/","title":{"rendered":"Lesung mit Dirk Strehl: Jeder Baum z\u00e4hlt"},"content":{"rendered":"\n<figure class=\"wp-block-image\"><a href=\"https:\/\/blog.birders-hf.de\/?attachment_id=24691\"><img loading=\"lazy\" decoding=\"async\" width=\"368\" height=\"480\" src=\"https:\/\/blog.birders-hf.de\/wp-content\/uploads\/2025\/08\/IMG_7702-368x480.jpeg\" alt=\"\" class=\"wp-image-24691\" srcset=\"https:\/\/blog.birders-hf.de\/wp-content\/uploads\/2025\/08\/IMG_7702-368x480.jpeg 368w, https:\/\/blog.birders-hf.de\/wp-content\/uploads\/2025\/08\/IMG_7702-786x1024.jpeg 786w, https:\/\/blog.birders-hf.de\/wp-content\/uploads\/2025\/08\/IMG_7702-768x1000.jpeg 768w, https:\/\/blog.birders-hf.de\/wp-content\/uploads\/2025\/08\/IMG_7702-1179x1536.jpeg 1179w, https:\/\/blog.birders-hf.de\/wp-content\/uploads\/2025\/08\/IMG_7702.jpeg 1206w\" sizes=\"auto, (max-width: 368px) 100vw, 368px\" \/><\/a><\/figure>\n\n\n<div class=\"postie-post\">\n<div class=\"postie-attachments\"><a href=\"https:\/\/blog.birders-hf.de\/?attachment_id=24690\"><img decoding=\"async\" class=\"alignnone size-medium wp-image-24690\" src=\"https:\/\/blog.birders-hf.de\/wp-content\/uploads\/2025\/08\/IMG_7701-352x480.jpeg\" alt=\"\" width=\"352px\" height=\"480px\" srcset=\"https:\/\/blog.birders-hf.de\/wp-content\/uploads\/2025\/08\/IMG_7701-352x480.jpeg 352w, https:\/\/blog.birders-hf.de\/wp-content\/uploads\/2025\/08\/IMG_7701-751x1024.jpeg 751w, https:\/\/blog.birders-hf.de\/wp-content\/uploads\/2025\/08\/IMG_7701-768x1047.jpeg 768w, https:\/\/blog.birders-hf.de\/wp-content\/uploads\/2025\/08\/IMG_7701-1127x1536.jpeg 1127w, https:\/\/blog.birders-hf.de\/wp-content\/uploads\/2025\/08\/IMG_7701.jpeg 1187w\" sizes=\"(max-width: 352px) 100vw, 352px\" \/><\/a><\/div>\n<div class=\"postie-attachments\">\u00a0<\/div>\n<div>\n<p style=\"color: #313131; font-family: '-apple-system',sans-serif; font-size: 16px; font-style: normal; font-weight: 400; letter-spacing: normal; text-indent: 0px; text-transform: none; white-space: normal; word-spacing: 1px; text-decoration: none;\"><span style=\"font-size: 1rem; color: #004535;\">Liebe Baumfreund*innen,<\/span><\/p>\n<p style=\"color: #313131; font-family: '-apple-system',sans-serif; font-size: 16px; font-style: normal; font-weight: 400; letter-spacing: normal; text-indent: 0px; text-transform: none; white-space: normal; word-spacing: 1px; text-decoration: none;\"><span style=\"font-size: 1rem; color: #004535;\">wir m\u00f6chten euch gern zur Lesung &#8222;<b style=\"font-size: 1rem;\">Jeder Baum z\u00e4hlt&#8220;\u00a0<\/b>am kommenden Sonntag um 15.00 Uhr am Bergertorwehr einladen.<\/span><\/p>\n<p style=\"color: #313131; font-family: '-apple-system',sans-serif; font-size: 16px; font-style: normal; font-weight: 400; letter-spacing: normal; text-indent: 0px; text-transform: none; white-space: normal; word-spacing: 1px; text-decoration: none;\"><span style=\"font-size: 1rem; color: #004535;\">Im Zuge des Umbaus des Bergertorwehrs sollen \u00fcber drei\u00dfig B\u00e4ume gef\u00e4llt werden (zum Teil aus optischen Gr\u00fcnden) und eine 20! Meter lange\u00a0<b style=\"font-size: 1rem;\">Beton<\/b>stufen-Sitzanlage gebaut werden.<\/span><\/p>\n<p style=\"color: #313131; font-family: '-apple-system',sans-serif; font-size: 16px; font-style: normal; font-weight: 400; letter-spacing: normal; text-indent: 0px; text-transform: none; white-space: normal; word-spacing: 1px; text-decoration: none;\"><span style=\"font-size: 1rem; color: #004535;\">Setzt mit uns ein Zeichen gegen diese naturzerst\u00f6rerische Planung und kommt zur Lesung.<br \/><\/span><\/p>\n<p style=\"color: #313131; font-family: '-apple-system',sans-serif; font-size: 16px; font-style: normal; font-weight: 400; letter-spacing: normal; text-indent: 0px; text-transform: none; white-space: normal; word-spacing: 1px; text-decoration: none;\"><span style=\"font-size: 1rem; color: #004535;\">Mit baumfreundlichen Gr\u00fc\u00dfen<\/span><\/p>\n<p style=\"color: #313131; font-family: '-apple-system',sans-serif; font-size: 16px; font-style: normal; font-weight: 400; letter-spacing: normal; text-indent: 0px; text-transform: none; white-space: normal; word-spacing: 1px; text-decoration: none;\"><span style=\"font-size: 1rem; color: #004535;\">Bernd Meier<\/span><\/p>\n<p style=\"color: #313131; font-family: '-apple-system',sans-serif; font-size: 16px; font-style: normal; font-weight: 400; letter-spacing: normal; text-indent: 0px; text-transform: none; white-space: normal; word-spacing: 1px; text-decoration: none;\"><span style=\"font-size: 1rem; color: #004535;\">\u00a0<strong>PS: Bitte einen Klappstuhl mitbringen!\u00a0<\/strong><\/span><\/p>\n<\/div>\n<\/div>","protected":false},"excerpt":{"rendered":"<p>\u00a0 Liebe Baumfreund*innen, wir m\u00f6chten euch gern zur Lesung &#8222;Jeder Baum z\u00e4hlt&#8220;\u00a0am kommenden Sonntag um 15.00 Uhr am Bergertorwehr einladen. Im Zuge des Umbaus des Bergertorwehrs sollen \u00fcber drei\u00dfig B\u00e4ume &hellip; <a href=\"https:\/\/blog.birders-hf.de\/index.php\/2025\/08\/12\/jeder-baum-zaehlt\/\" class=\"more-link\"><span class=\"screen-reader-text\">Lesung mit Dirk Strehl: Jeder Baum z\u00e4hlt<\/span> weiterlesen <span class=\"meta-nav\">&rarr;<\/span><\/a><\/p>\n","protected":false},"author":1,"featured_media":0,"comment_status":"open","ping_status":"open","sticky":false,"template":"","format":"standard","meta":{"footnotes":""},"categories":[1],"tags":[],"class_list":["post-24689","post","type-post","status-publish","format-standard","hentry","category-birding"],"_links":{"self":[{"href":"https:\/\/blog.birders-hf.de\/index.php\/wp-json\/wp\/v2\/posts\/24689","targetHints":{"allow":["GET"]}}],"collection":[{"href":"https:\/\/blog.birders-hf.de\/index.php\/wp-json\/wp\/v2\/posts"}],"about":[{"href":"https:\/\/blog.birders-hf.de\/index.php\/wp-json\/wp\/v2\/types\/post"}],"author":[{"embeddable":true,"href":"https:\/\/blog.birders-hf.de\/index.php\/wp-json\/wp\/v2\/users\/1"}],"replies":[{"embeddable":true,"href":"https:\/\/blog.birders-hf.de\/index.php\/wp-json\/wp\/v2\/comments?post=24689"}],"version-history":[{"count":3,"href":"https:\/\/blog.birders-hf.de\/index.php\/wp-json\/wp\/v2\/posts\/24689\/revisions"}],"predecessor-version":[{"id":24699,"href":"https:\/\/blog.birders-hf.de\/index.php\/wp-json\/wp\/v2\/posts\/24689\/revisions\/24699"}],"wp:attachment":[{"href":"https:\/\/blog.birders-hf.de\/index.php\/wp-json\/wp\/v2\/media?parent=24689"}],"wp:term":[{"taxonomy":"category","embeddable":true,"href":"https:\/\/blog.birders-hf.de\/index.php\/wp-json\/wp\/v2\/categories?post=24689"},{"taxonomy":"post_tag","embeddable":true,"href":"https:\/\/blog.birders-hf.de\/index.php\/wp-json\/wp\/v2\/tags?post=24689"}],"curies":[{"name":"wp","href":"https:\/\/api.w.org\/{rel}","templated":true}]}}