{"id":24616,"date":"2025-08-05T22:22:12","date_gmt":"2025-08-05T20:22:12","guid":{"rendered":"https:\/\/blog.birders-hf.de\/?p=24616"},"modified":"2025-08-05T22:22:12","modified_gmt":"2025-08-05T20:22:12","slug":"adebar-treffen","status":"publish","type":"post","link":"https:\/\/blog.birders-hf.de\/index.php\/2025\/08\/05\/adebar-treffen\/","title":{"rendered":"Adebar-Treffen"},"content":{"rendered":"\n<figure class=\"wp-block-image size-large\"><img loading=\"lazy\" decoding=\"async\" width=\"823\" height=\"1024\" src=\"https:\/\/blog.birders-hf.de\/wp-content\/uploads\/2025\/08\/Einladung_ADEBAR-Treffen-823x1024.jpg\" alt=\"\" class=\"wp-image-24625\" srcset=\"https:\/\/blog.birders-hf.de\/wp-content\/uploads\/2025\/08\/Einladung_ADEBAR-Treffen-823x1024.jpg 823w, https:\/\/blog.birders-hf.de\/wp-content\/uploads\/2025\/08\/Einladung_ADEBAR-Treffen-386x480.jpg 386w, https:\/\/blog.birders-hf.de\/wp-content\/uploads\/2025\/08\/Einladung_ADEBAR-Treffen-768x955.jpg 768w, https:\/\/blog.birders-hf.de\/wp-content\/uploads\/2025\/08\/Einladung_ADEBAR-Treffen-1235x1536.jpg 1235w, https:\/\/blog.birders-hf.de\/wp-content\/uploads\/2025\/08\/Einladung_ADEBAR-Treffen.jpg 1400w\" sizes=\"auto, (max-width: 823px) 100vw, 823px\" \/><\/figure>\n\n\n\n<p>Am\u00a0<strong>15.09.<\/strong>\u00a0um\u00a0<strong>18:30 Uhr<\/strong>\u00a0m\u00f6chten wir\u00a0<strong>im Naturkundemuseum in Bielefeld<\/strong>\u00a0die Gelegenheit nutzen, um Erfahrungen aus der ersten ADEBAR-Kartiersaison auszutauschen und ein erstes Res\u00fcmee zu ziehen. Selbstverst\u00e4ndlich sind auch Neueinsteigende herzlich Willkommen. Nach einer kurzen Vorstellung der Methodik besteht im Anschluss selbstverst\u00e4ndlich die M\u00f6glichkeit offene Fragen zu stellen.Um das gemeinsame Engagement bei diesem besonderen Projekt zu vernetzen und eine gegenseitige Unterst\u00fctzung zu erm\u00f6glichen, m\u00f6chten wir eine Mitmachb\u00f6rse f\u00fcr das kommende Jahr anbieten, die den Austausch in einer offenen Atmosph\u00e4re erleichtern soll.\u00a0<br><br>Viele Gr\u00fc\u00dfe,<\/p>\n\n\n\n<p><\/p>\n\n\n\n<p>Klaus Nottmeyer\u00a0&amp;\u00a0Carmen\u00a0R\u00f6hr<br><\/p>\n","protected":false},"excerpt":{"rendered":"<p>Am\u00a015.09.\u00a0um\u00a018:30 Uhr\u00a0m\u00f6chten wir\u00a0im Naturkundemuseum in Bielefeld\u00a0die Gelegenheit nutzen, um Erfahrungen aus der ersten ADEBAR-Kartiersaison auszutauschen und ein erstes Res\u00fcmee zu ziehen. Selbstverst\u00e4ndlich sind auch Neueinsteigende herzlich Willkommen. Nach einer kurzen &hellip; <a href=\"https:\/\/blog.birders-hf.de\/index.php\/2025\/08\/05\/adebar-treffen\/\" class=\"more-link\"><span class=\"screen-reader-text\">Adebar-Treffen<\/span> weiterlesen <span class=\"meta-nav\">&rarr;<\/span><\/a><\/p>\n","protected":false},"author":1,"featured_media":0,"comment_status":"open","ping_status":"open","sticky":false,"template":"","format":"standard","meta":{"footnotes":""},"categories":[1],"tags":[],"class_list":["post-24616","post","type-post","status-publish","format-standard","hentry","category-birding"],"_links":{"self":[{"href":"https:\/\/blog.birders-hf.de\/index.php\/wp-json\/wp\/v2\/posts\/24616","targetHints":{"allow":["GET"]}}],"collection":[{"href":"https:\/\/blog.birders-hf.de\/index.php\/wp-json\/wp\/v2\/posts"}],"about":[{"href":"https:\/\/blog.birders-hf.de\/index.php\/wp-json\/wp\/v2\/types\/post"}],"author":[{"embeddable":true,"href":"https:\/\/blog.birders-hf.de\/index.php\/wp-json\/wp\/v2\/users\/1"}],"replies":[{"embeddable":true,"href":"https:\/\/blog.birders-hf.de\/index.php\/wp-json\/wp\/v2\/comments?post=24616"}],"version-history":[{"count":1,"href":"https:\/\/blog.birders-hf.de\/index.php\/wp-json\/wp\/v2\/posts\/24616\/revisions"}],"predecessor-version":[{"id":24626,"href":"https:\/\/blog.birders-hf.de\/index.php\/wp-json\/wp\/v2\/posts\/24616\/revisions\/24626"}],"wp:attachment":[{"href":"https:\/\/blog.birders-hf.de\/index.php\/wp-json\/wp\/v2\/media?parent=24616"}],"wp:term":[{"taxonomy":"category","embeddable":true,"href":"https:\/\/blog.birders-hf.de\/index.php\/wp-json\/wp\/v2\/categories?post=24616"},{"taxonomy":"post_tag","embeddable":true,"href":"https:\/\/blog.birders-hf.de\/index.php\/wp-json\/wp\/v2\/tags?post=24616"}],"curies":[{"name":"wp","href":"https:\/\/api.w.org\/{rel}","templated":true}]}}