{"id":18899,"date":"2025-07-20T21:37:30","date_gmt":"2025-07-20T19:37:30","guid":{"rendered":"https:\/\/blog.birders-hf.de\/?p=18899"},"modified":"2025-07-20T21:38:06","modified_gmt":"2025-07-20T19:38:06","slug":"buergerpark-eichelhaeher-junior-gartenbaumlaeufer-buchfink","status":"publish","type":"post","link":"https:\/\/blog.birders-hf.de\/index.php\/2025\/07\/20\/buergerpark-eichelhaeher-junior-gartenbaumlaeufer-buchfink\/","title":{"rendered":"B\u00fcrgerpark &#8211; Eichelh\u00e4her Junior &#8211; Gartenbauml\u00e4ufer &#8211; Buchfink"},"content":{"rendered":"<div class=\"postie-post\">\n<div class=\"postie-attachments\"><a href=\"https:\/\/blog.birders-hf.de\/?attachment_id=18900\"><img decoding=\"async\" src=\"https:\/\/blog.birders-hf.de\/wp-content\/uploads\/2025\/07\/Eichelhaeher_Nachwuchs_1-480x305.jpg\" alt=\"\" width=\"480px\" height=\"305px\" class=\"alignnone size-medium wp-image-18900\" srcset=\"https:\/\/blog.birders-hf.de\/wp-content\/uploads\/2025\/07\/Eichelhaeher_Nachwuchs_1-480x305.jpg 480w, https:\/\/blog.birders-hf.de\/wp-content\/uploads\/2025\/07\/Eichelhaeher_Nachwuchs_1-1024x650.jpg 1024w, https:\/\/blog.birders-hf.de\/wp-content\/uploads\/2025\/07\/Eichelhaeher_Nachwuchs_1-768x487.jpg 768w, https:\/\/blog.birders-hf.de\/wp-content\/uploads\/2025\/07\/Eichelhaeher_Nachwuchs_1-1536x975.jpg 1536w, https:\/\/blog.birders-hf.de\/wp-content\/uploads\/2025\/07\/Eichelhaeher_Nachwuchs_1-2048x1300.jpg 2048w\" sizes=\"(max-width: 480px) 100vw, 480px\" \/><\/a><br \/>\n<a href=\"https:\/\/blog.birders-hf.de\/?attachment_id=18901\"><img decoding=\"async\" src=\"https:\/\/blog.birders-hf.de\/wp-content\/uploads\/2025\/07\/Eichelhaeher_jun_1-480x401.jpg\" alt=\"\" width=\"480px\" height=\"401px\" class=\"alignnone size-medium wp-image-18901\" srcset=\"https:\/\/blog.birders-hf.de\/wp-content\/uploads\/2025\/07\/Eichelhaeher_jun_1-480x401.jpg 480w, https:\/\/blog.birders-hf.de\/wp-content\/uploads\/2025\/07\/Eichelhaeher_jun_1-1024x855.jpg 1024w, https:\/\/blog.birders-hf.de\/wp-content\/uploads\/2025\/07\/Eichelhaeher_jun_1-768x641.jpg 768w, https:\/\/blog.birders-hf.de\/wp-content\/uploads\/2025\/07\/Eichelhaeher_jun_1-1536x1282.jpg 1536w, https:\/\/blog.birders-hf.de\/wp-content\/uploads\/2025\/07\/Eichelhaeher_jun_1-2048x1709.jpg 2048w\" sizes=\"(max-width: 480px) 100vw, 480px\" \/><\/a><br \/>\n<a href=\"https:\/\/blog.birders-hf.de\/?attachment_id=18902\"><img decoding=\"async\" src=\"https:\/\/blog.birders-hf.de\/wp-content\/uploads\/2025\/07\/Gartenbaumlaeufer_1-415x480.jpg\" alt=\"\" width=\"415px\" height=\"480px\" class=\"alignnone size-medium wp-image-18902\" srcset=\"https:\/\/blog.birders-hf.de\/wp-content\/uploads\/2025\/07\/Gartenbaumlaeufer_1-415x480.jpg 415w, https:\/\/blog.birders-hf.de\/wp-content\/uploads\/2025\/07\/Gartenbaumlaeufer_1-886x1024.jpg 886w, https:\/\/blog.birders-hf.de\/wp-content\/uploads\/2025\/07\/Gartenbaumlaeufer_1-768x888.jpg 768w, https:\/\/blog.birders-hf.de\/wp-content\/uploads\/2025\/07\/Gartenbaumlaeufer_1-1329x1536.jpg 1329w, https:\/\/blog.birders-hf.de\/wp-content\/uploads\/2025\/07\/Gartenbaumlaeufer_1-1772x2048.jpg 1772w\" sizes=\"(max-width: 415px) 100vw, 415px\" \/><\/a><br \/>\n<a href=\"https:\/\/blog.birders-hf.de\/?attachment_id=18903\"><img decoding=\"async\" src=\"https:\/\/blog.birders-hf.de\/wp-content\/uploads\/2025\/07\/Buchfink-480x414.jpg\" alt=\"\" width=\"480px\" height=\"414px\" class=\"alignnone size-medium wp-image-18903\" srcset=\"https:\/\/blog.birders-hf.de\/wp-content\/uploads\/2025\/07\/Buchfink-480x414.jpg 480w, https:\/\/blog.birders-hf.de\/wp-content\/uploads\/2025\/07\/Buchfink-1024x883.jpg 1024w, https:\/\/blog.birders-hf.de\/wp-content\/uploads\/2025\/07\/Buchfink-768x663.jpg 768w, https:\/\/blog.birders-hf.de\/wp-content\/uploads\/2025\/07\/Buchfink.jpg 1500w\" sizes=\"(max-width: 480px) 100vw, 480px\" \/><\/a><\/div>\n<p>Lange keinen Eichelh\u00e4her rund um die vielen G\u00e4rten weder geh\u00f6rt noch gesehen. Am gestrigen Samstag und auch heute Eichelh\u00e4her &#8222;Krawall&#8220; rund um Balkonien. Dann war es endlich soweit: erst landete der Jungvogel in der Eibe, wuselte zwischen den \u00c4sten mit viel Bettel-Krawall hin und her. Dann war ein Altvogel zur Stelle, dem die Bettelrufe im wahrsten Sinne des Worte den Kamm anschwellen lie\u00dfen. Und es wurde gef\u00fcttert &#8211; zur Zeit schwirren Insekten reichlich im Garten umher. Auch nicht allt\u00e4glich hier &#8211; ein Gartenbauml\u00e4ufer piepst (sagt BirdNET) &#8222;and\u00e4chtig&#8220; vor sich hin. Ein Buchfink M\u00e4nnchen muss nur auf die vorbeifliegenden Insekten warten. Viel Spa\u00df &#8211; KrisK<\/p><\/div>\n","protected":false},"excerpt":{"rendered":"<p>Lange keinen Eichelh\u00e4her rund um die vielen G\u00e4rten weder geh\u00f6rt noch gesehen. Am gestrigen Samstag und auch heute Eichelh\u00e4her &#8222;Krawall&#8220; rund um Balkonien. Dann war es endlich soweit: erst landete &hellip; <a href=\"https:\/\/blog.birders-hf.de\/index.php\/2025\/07\/20\/buergerpark-eichelhaeher-junior-gartenbaumlaeufer-buchfink\/\" class=\"more-link\"><span class=\"screen-reader-text\">B\u00fcrgerpark &#8211; Eichelh\u00e4her Junior &#8211; Gartenbauml\u00e4ufer &#8211; Buchfink<\/span> weiterlesen <span class=\"meta-nav\">&rarr;<\/span><\/a><\/p>\n","protected":false},"author":1,"featured_media":0,"comment_status":"open","ping_status":"open","sticky":false,"template":"","format":"standard","meta":{"footnotes":""},"categories":[1],"tags":[],"class_list":["post-18899","post","type-post","status-publish","format-standard","hentry","category-birding"],"_links":{"self":[{"href":"https:\/\/blog.birders-hf.de\/index.php\/wp-json\/wp\/v2\/posts\/18899","targetHints":{"allow":["GET"]}}],"collection":[{"href":"https:\/\/blog.birders-hf.de\/index.php\/wp-json\/wp\/v2\/posts"}],"about":[{"href":"https:\/\/blog.birders-hf.de\/index.php\/wp-json\/wp\/v2\/types\/post"}],"author":[{"embeddable":true,"href":"https:\/\/blog.birders-hf.de\/index.php\/wp-json\/wp\/v2\/users\/1"}],"replies":[{"embeddable":true,"href":"https:\/\/blog.birders-hf.de\/index.php\/wp-json\/wp\/v2\/comments?post=18899"}],"version-history":[{"count":0,"href":"https:\/\/blog.birders-hf.de\/index.php\/wp-json\/wp\/v2\/posts\/18899\/revisions"}],"wp:attachment":[{"href":"https:\/\/blog.birders-hf.de\/index.php\/wp-json\/wp\/v2\/media?parent=18899"}],"wp:term":[{"taxonomy":"category","embeddable":true,"href":"https:\/\/blog.birders-hf.de\/index.php\/wp-json\/wp\/v2\/categories?post=18899"},{"taxonomy":"post_tag","embeddable":true,"href":"https:\/\/blog.birders-hf.de\/index.php\/wp-json\/wp\/v2\/tags?post=18899"}],"curies":[{"name":"wp","href":"https:\/\/api.w.org\/{rel}","templated":true}]}}