{"id":18872,"date":"2025-07-14T17:46:12","date_gmt":"2025-07-14T15:46:12","guid":{"rendered":"https:\/\/blog.birders-hf.de\/?p=18872"},"modified":"2025-07-14T17:46:33","modified_gmt":"2025-07-14T15:46:33","slug":"schwarzstorch-sichtung","status":"publish","type":"post","link":"https:\/\/blog.birders-hf.de\/index.php\/2025\/07\/14\/schwarzstorch-sichtung\/","title":{"rendered":"Schwarzstorch Sichtung"},"content":{"rendered":"<div class=\"postie-post\">\n<div>\n<p>Hin und wieder gibt es Augenblicke im Leben eines &#8222;Birdwatchers&#8220;        die einem den Puls nach oben treiben. <br \/>        So wie gestern (13.07.25). Ich war in der N\u00e4he des NSG&#8220; Kleiner        Selberg&#8220; (Kr. HF) unterwegs.\u00a0<br \/>        Um so ein bisschen die Aussicht zu genie\u00dfen, blickte ich \u00fcber das        Tal der Linnenbeeke hinweg\u00a0 in Richtung Bad Senkelteich (Vlotho).<br \/>        \u00dcber einem Waldst\u00fcck segelte ein gro\u00dfer Vogel. Der erste Gedanke        war, M\u00e4usebussard oder Rotmilan.<br \/>        So aus alter Gewohnheit (jeder Birder*in kennt das ja) setzt man        das Fernglass an, um die Gewissheit zu haben, dass der erste        Gedanke auch der Richtige war. <br \/>        Doch die \u00dcberraschung war, weder Bussard noch Milan,\u00a0 ein        kreisender <b>Schwarzstorch<\/b>.<br \/>        Meine erste Beobachtung \u00fcberhaupt! <br \/>        Ich kann mir gut vorstellen, dass es der selbe Schwarzstorch        gewesen war, der schon in den letzten Wochen <br \/>        hier in der &#8222;Sturmm\u00f6we&#8220; gemeldet wurde.       <\/p>\n<p>Gruss an alle\u00a0\u00a0\u00a0 Stephan Hollmann       <\/p>\n<\/p><\/div>\n<\/div>\n","protected":false},"excerpt":{"rendered":"<p>Hin und wieder gibt es Augenblicke im Leben eines &#8222;Birdwatchers&#8220; die einem den Puls nach oben treiben. So wie gestern (13.07.25). Ich war in der N\u00e4he des NSG&#8220; Kleiner Selberg&#8220; &hellip; <a href=\"https:\/\/blog.birders-hf.de\/index.php\/2025\/07\/14\/schwarzstorch-sichtung\/\" class=\"more-link\"><span class=\"screen-reader-text\">Schwarzstorch Sichtung<\/span> weiterlesen <span class=\"meta-nav\">&rarr;<\/span><\/a><\/p>\n","protected":false},"author":1,"featured_media":0,"comment_status":"open","ping_status":"open","sticky":false,"template":"","format":"standard","meta":{"footnotes":""},"categories":[1],"tags":[],"class_list":["post-18872","post","type-post","status-publish","format-standard","hentry","category-birding"],"_links":{"self":[{"href":"https:\/\/blog.birders-hf.de\/index.php\/wp-json\/wp\/v2\/posts\/18872","targetHints":{"allow":["GET"]}}],"collection":[{"href":"https:\/\/blog.birders-hf.de\/index.php\/wp-json\/wp\/v2\/posts"}],"about":[{"href":"https:\/\/blog.birders-hf.de\/index.php\/wp-json\/wp\/v2\/types\/post"}],"author":[{"embeddable":true,"href":"https:\/\/blog.birders-hf.de\/index.php\/wp-json\/wp\/v2\/users\/1"}],"replies":[{"embeddable":true,"href":"https:\/\/blog.birders-hf.de\/index.php\/wp-json\/wp\/v2\/comments?post=18872"}],"version-history":[{"count":0,"href":"https:\/\/blog.birders-hf.de\/index.php\/wp-json\/wp\/v2\/posts\/18872\/revisions"}],"wp:attachment":[{"href":"https:\/\/blog.birders-hf.de\/index.php\/wp-json\/wp\/v2\/media?parent=18872"}],"wp:term":[{"taxonomy":"category","embeddable":true,"href":"https:\/\/blog.birders-hf.de\/index.php\/wp-json\/wp\/v2\/categories?post=18872"},{"taxonomy":"post_tag","embeddable":true,"href":"https:\/\/blog.birders-hf.de\/index.php\/wp-json\/wp\/v2\/tags?post=18872"}],"curies":[{"name":"wp","href":"https:\/\/api.w.org\/{rel}","templated":true}]}}