{"id":18764,"date":"2025-06-24T16:35:43","date_gmt":"2025-06-24T14:35:43","guid":{"rendered":"https:\/\/blog.birders-hf.de\/?p=18764"},"modified":"2025-06-24T16:36:27","modified_gmt":"2025-06-24T14:36:27","slug":"windheimer-marsch-48","status":"publish","type":"post","link":"https:\/\/blog.birders-hf.de\/index.php\/2025\/06\/24\/windheimer-marsch-48\/","title":{"rendered":"Windheimer Marsch"},"content":{"rendered":"<div class=\"postie-post\">\n<div class=\"postie-attachments\"><a href=\"https:\/\/blog.birders-hf.de\/?attachment_id=18765\"><img decoding=\"async\" src=\"https:\/\/blog.birders-hf.de\/wp-content\/uploads\/2025\/06\/IMG_7518-480x360.jpg\" alt=\"\" width=\"480px\" height=\"360px\" class=\"alignnone size-medium wp-image-18765\" srcset=\"https:\/\/blog.birders-hf.de\/wp-content\/uploads\/2025\/06\/IMG_7518-480x360.jpg 480w, https:\/\/blog.birders-hf.de\/wp-content\/uploads\/2025\/06\/IMG_7518.jpg 640w\" sizes=\"(max-width: 480px) 100vw, 480px\" \/><\/a><br \/>\n<a href=\"https:\/\/blog.birders-hf.de\/?attachment_id=18766\"><img decoding=\"async\" src=\"https:\/\/blog.birders-hf.de\/wp-content\/uploads\/2025\/06\/IMG_7519-480x360.jpg\" alt=\"\" width=\"480px\" height=\"360px\" class=\"alignnone size-medium wp-image-18766\" srcset=\"https:\/\/blog.birders-hf.de\/wp-content\/uploads\/2025\/06\/IMG_7519-480x360.jpg 480w, https:\/\/blog.birders-hf.de\/wp-content\/uploads\/2025\/06\/IMG_7519.jpg 640w\" sizes=\"(max-width: 480px) 100vw, 480px\" \/><\/a><br \/>\n<a href=\"https:\/\/blog.birders-hf.de\/?attachment_id=18767\"><img decoding=\"async\" src=\"https:\/\/blog.birders-hf.de\/wp-content\/uploads\/2025\/06\/IMG_7524-480x360.jpg\" alt=\"\" width=\"480px\" height=\"360px\" class=\"alignnone size-medium wp-image-18767\" srcset=\"https:\/\/blog.birders-hf.de\/wp-content\/uploads\/2025\/06\/IMG_7524-480x360.jpg 480w, https:\/\/blog.birders-hf.de\/wp-content\/uploads\/2025\/06\/IMG_7524-768x576.jpg 768w, https:\/\/blog.birders-hf.de\/wp-content\/uploads\/2025\/06\/IMG_7524.jpg 800w\" sizes=\"(max-width: 480px) 100vw, 480px\" \/><\/a><br \/>\n<a href=\"https:\/\/blog.birders-hf.de\/?attachment_id=18768\"><img decoding=\"async\" src=\"https:\/\/blog.birders-hf.de\/wp-content\/uploads\/2025\/06\/IMG_7529-480x360.jpg\" alt=\"\" width=\"480px\" height=\"360px\" class=\"alignnone size-medium wp-image-18768\" srcset=\"https:\/\/blog.birders-hf.de\/wp-content\/uploads\/2025\/06\/IMG_7529-480x360.jpg 480w, https:\/\/blog.birders-hf.de\/wp-content\/uploads\/2025\/06\/IMG_7529.jpg 640w\" sizes=\"(max-width: 480px) 100vw, 480px\" \/><\/a><br \/>\n<a href=\"https:\/\/blog.birders-hf.de\/?attachment_id=18769\"><img decoding=\"async\" src=\"https:\/\/blog.birders-hf.de\/wp-content\/uploads\/2025\/06\/IMG_7533-480x360.jpg\" alt=\"\" width=\"480px\" height=\"360px\" class=\"alignnone size-medium wp-image-18769\" srcset=\"https:\/\/blog.birders-hf.de\/wp-content\/uploads\/2025\/06\/IMG_7533-480x360.jpg 480w, https:\/\/blog.birders-hf.de\/wp-content\/uploads\/2025\/06\/IMG_7533.jpg 640w\" sizes=\"(max-width: 480px) 100vw, 480px\" \/><\/a><br \/>\n<a href=\"https:\/\/blog.birders-hf.de\/?attachment_id=18770\"><img decoding=\"async\" src=\"https:\/\/blog.birders-hf.de\/wp-content\/uploads\/2025\/06\/IMG_7538-480x360.jpg\" alt=\"\" width=\"480px\" height=\"360px\" class=\"alignnone size-medium wp-image-18770\" srcset=\"https:\/\/blog.birders-hf.de\/wp-content\/uploads\/2025\/06\/IMG_7538-480x360.jpg 480w, https:\/\/blog.birders-hf.de\/wp-content\/uploads\/2025\/06\/IMG_7538.jpg 640w\" sizes=\"(max-width: 480px) 100vw, 480px\" \/><\/a><\/div>\n<div style=\"font-family: 'verdana'; font-size: 12px; color: #000;\"><span style=\"background-color: #ffffff;\">Heute Vormittag<\/span><\/div>\n<div style=\"font-family: 'verdana'; font-size: 12px; color: #000;\"><span style=\"background-color: #ffffff;\">Neunt\u00f6ter ca. 8 Neunt\u00f6ter (5-6 Brutreviere)<\/span><\/div>\n<div style=\"font-family: 'verdana'; font-size: 12px; color: #000;\"><span style=\"background-color: #ffffff;\">Nachwuchs wird gef\u00fcttert,<\/span><\/div>\n<div style=\"font-family: 'verdana'; font-size: 12px; color: #000;\"><span style=\"background-color: #ffffff;\">n\u00f6rdlich J\u00f6ssen vermutlich 1 Brutrevier<\/span><\/div>\n<div style=\"font-family: 'verdana'; font-size: 12px; color: #000;\"><span style=\"background-color: #ffffff;\">2 Feldlerchen (1 konnte ich fotografieren)<\/span><\/div>\n<div style=\"font-family: 'verdana'; font-size: 12px; color: #000;\"><span style=\"background-color: #ffffff;\">Bachstelzen sind flei\u00dfig am F\u00fcttern<\/span><\/div>\n<div style=\"font-family: 'verdana'; font-size: 12px; color: #000;\"><span style=\"background-color: #ffffff;\">ca. 7 Flussregenpfeifer 4 ad. + 3 pullus von einem Paar<\/span><\/div>\n<div style=\"font-family: 'verdana'; font-size: 12px; color: #000;\"><span style=\"background-color: #ffffff;\">1 Austernfischer<\/span><\/div>\n<div style=\"font-family: 'verdana'; font-size: 12px; color: #000;\"><span style=\"background-color: #ffffff;\">2 Kuckucke<\/span><\/div>\n<div style=\"font-family: 'verdana'; font-size: 12px; color: #000;\"><span style=\"background-color: #ffffff;\">bei den Haubentauchern kein Nachwuchs entdeckt<\/span><\/div>\n<div style=\"font-family: 'verdana'; font-size: 12px; color: #000;\"><span style=\"background-color: #ffffff;\">bei den Bl\u00e4ssh\u00fchnern kein Nachwuchs entdeckt<\/span><\/div>\n<div style=\"font-family: 'verdana'; font-size: 12px; color: #000;\"><span style=\"background-color: #ffffff;\">Auf dem Angelteich Windheim 1 diesj. entdeckt<\/span><\/div>\n<div style=\"font-family: 'verdana'; font-size: 12px; color: #000;\"><span style=\"background-color: #ffffff;\">Gru\u00df<\/span><\/div>\n<div style=\"font-family: 'verdana'; font-size: 12px; color: #000;\"><span style=\"background-color: #ffffff;\">Hans-J\u00fcrgen Meier<\/span><\/div>\n<\/div>\n","protected":false},"excerpt":{"rendered":"<p>Heute Vormittag Neunt\u00f6ter ca. 8 Neunt\u00f6ter (5-6 Brutreviere) Nachwuchs wird gef\u00fcttert, n\u00f6rdlich J\u00f6ssen vermutlich 1 Brutrevier 2 Feldlerchen (1 konnte ich fotografieren) Bachstelzen sind flei\u00dfig am F\u00fcttern ca. 7 Flussregenpfeifer &hellip; <a href=\"https:\/\/blog.birders-hf.de\/index.php\/2025\/06\/24\/windheimer-marsch-48\/\" class=\"more-link\"><span class=\"screen-reader-text\">Windheimer Marsch<\/span> weiterlesen <span class=\"meta-nav\">&rarr;<\/span><\/a><\/p>\n","protected":false},"author":1,"featured_media":0,"comment_status":"open","ping_status":"open","sticky":false,"template":"","format":"standard","meta":{"footnotes":""},"categories":[1],"tags":[],"class_list":["post-18764","post","type-post","status-publish","format-standard","hentry","category-birding"],"_links":{"self":[{"href":"https:\/\/blog.birders-hf.de\/index.php\/wp-json\/wp\/v2\/posts\/18764","targetHints":{"allow":["GET"]}}],"collection":[{"href":"https:\/\/blog.birders-hf.de\/index.php\/wp-json\/wp\/v2\/posts"}],"about":[{"href":"https:\/\/blog.birders-hf.de\/index.php\/wp-json\/wp\/v2\/types\/post"}],"author":[{"embeddable":true,"href":"https:\/\/blog.birders-hf.de\/index.php\/wp-json\/wp\/v2\/users\/1"}],"replies":[{"embeddable":true,"href":"https:\/\/blog.birders-hf.de\/index.php\/wp-json\/wp\/v2\/comments?post=18764"}],"version-history":[{"count":0,"href":"https:\/\/blog.birders-hf.de\/index.php\/wp-json\/wp\/v2\/posts\/18764\/revisions"}],"wp:attachment":[{"href":"https:\/\/blog.birders-hf.de\/index.php\/wp-json\/wp\/v2\/media?parent=18764"}],"wp:term":[{"taxonomy":"category","embeddable":true,"href":"https:\/\/blog.birders-hf.de\/index.php\/wp-json\/wp\/v2\/categories?post=18764"},{"taxonomy":"post_tag","embeddable":true,"href":"https:\/\/blog.birders-hf.de\/index.php\/wp-json\/wp\/v2\/tags?post=18764"}],"curies":[{"name":"wp","href":"https:\/\/api.w.org\/{rel}","templated":true}]}}