{"id":17510,"date":"2025-06-04T20:16:28","date_gmt":"2025-06-04T18:16:28","guid":{"rendered":"https:\/\/blog.birders-hf.de\/?p=17510"},"modified":"2025-06-04T20:16:28","modified_gmt":"2025-06-04T18:16:28","slug":"duemmer-osterfeiner-moor-04-06-2025","status":"publish","type":"post","link":"https:\/\/blog.birders-hf.de\/index.php\/2025\/06\/04\/duemmer-osterfeiner-moor-04-06-2025\/","title":{"rendered":"D\u00fcmmer \/ Osterfeiner Moor &#8211; 04.06.2025"},"content":{"rendered":"\n<p>Weiter geht es mit dem n\u00f6rdlichen Teil der D\u00fcmmer Region, speziell das Osterfeiner Moor, rund um die Feuchtfl\u00e4che Heemke.<br><br>Hier gibt es nicht nur V\u00f6gel zu beobachten, ich hatte heute das Gl\u00fcck ein kleines <span style=\"text-decoration: underline;\">Hermelin<\/span> ablichten zu k\u00f6nnen.<\/p>\n\n\n\n<figure class=\"wp-block-image size-large\"><a href=\"https:\/\/blog.birders-hf.de\/wp-content\/uploads\/2025\/06\/07_HL_DU.jpg\" target=\"_blank\" rel=\" noreferrer noopener\"><img loading=\"lazy\" decoding=\"async\" width=\"1024\" height=\"683\" src=\"https:\/\/blog.birders-hf.de\/wp-content\/uploads\/2025\/06\/07_HL_DU-1024x683.jpg\" alt=\"\" class=\"wp-image-17511\" srcset=\"https:\/\/blog.birders-hf.de\/wp-content\/uploads\/2025\/06\/07_HL_DU-1024x683.jpg 1024w, https:\/\/blog.birders-hf.de\/wp-content\/uploads\/2025\/06\/07_HL_DU-480x320.jpg 480w, https:\/\/blog.birders-hf.de\/wp-content\/uploads\/2025\/06\/07_HL_DU-768x512.jpg 768w, https:\/\/blog.birders-hf.de\/wp-content\/uploads\/2025\/06\/07_HL_DU-1536x1024.jpg 1536w, https:\/\/blog.birders-hf.de\/wp-content\/uploads\/2025\/06\/07_HL_DU-2048x1366.jpg 2048w\" sizes=\"auto, (max-width: 1024px) 100vw, 1024px\" \/><\/a><\/figure>\n\n\n\n<p>Auf der Jagd nach M\u00e4usen, musste der kleine Vertreter der Marderfamilie h\u00f6llisch aufpassen, nicht selbst zur Mahlzeit zu werden.<br><br>Vier <span style=\"text-decoration: underline;\">Rohrweihen<\/span> und ein <span style=\"text-decoration: underline;\">Rotmilan<\/span> waren ebenfalls im Jagdfieber und w\u00fcrden ein Hermelin sicher auch nicht verschm\u00e4hen.<\/p>\n\n\n\n<figure class=\"wp-block-image size-large\"><a href=\"https:\/\/blog.birders-hf.de\/wp-content\/uploads\/2025\/06\/08_RW_DU.jpg\" target=\"_blank\" rel=\" noreferrer noopener\"><img loading=\"lazy\" decoding=\"async\" width=\"1024\" height=\"683\" src=\"https:\/\/blog.birders-hf.de\/wp-content\/uploads\/2025\/06\/08_RW_DU-1024x683.jpg\" alt=\"\" class=\"wp-image-17512\" srcset=\"https:\/\/blog.birders-hf.de\/wp-content\/uploads\/2025\/06\/08_RW_DU-1024x683.jpg 1024w, https:\/\/blog.birders-hf.de\/wp-content\/uploads\/2025\/06\/08_RW_DU-480x320.jpg 480w, https:\/\/blog.birders-hf.de\/wp-content\/uploads\/2025\/06\/08_RW_DU-768x512.jpg 768w, https:\/\/blog.birders-hf.de\/wp-content\/uploads\/2025\/06\/08_RW_DU-1536x1024.jpg 1536w, https:\/\/blog.birders-hf.de\/wp-content\/uploads\/2025\/06\/08_RW_DU-2048x1366.jpg 2048w\" sizes=\"auto, (max-width: 1024px) 100vw, 1024px\" \/><\/a><\/figure>\n\n\n\n<figure class=\"wp-block-image size-large\"><a href=\"https:\/\/blog.birders-hf.de\/wp-content\/uploads\/2025\/06\/09_RM_DU.jpg\" target=\"_blank\" rel=\" noreferrer noopener\"><img loading=\"lazy\" decoding=\"async\" width=\"1024\" height=\"683\" src=\"https:\/\/blog.birders-hf.de\/wp-content\/uploads\/2025\/06\/09_RM_DU-1024x683.jpg\" alt=\"\" class=\"wp-image-17513\" srcset=\"https:\/\/blog.birders-hf.de\/wp-content\/uploads\/2025\/06\/09_RM_DU-1024x683.jpg 1024w, https:\/\/blog.birders-hf.de\/wp-content\/uploads\/2025\/06\/09_RM_DU-480x320.jpg 480w, https:\/\/blog.birders-hf.de\/wp-content\/uploads\/2025\/06\/09_RM_DU-768x512.jpg 768w, https:\/\/blog.birders-hf.de\/wp-content\/uploads\/2025\/06\/09_RM_DU-1536x1024.jpg 1536w, https:\/\/blog.birders-hf.de\/wp-content\/uploads\/2025\/06\/09_RM_DU-2048x1366.jpg 2048w\" sizes=\"auto, (max-width: 1024px) 100vw, 1024px\" \/><\/a><\/figure>\n\n\n\n<p><br>Auch im Osterfeiner Moor sollte man die Zaunpf\u00e4hle im Auge behalten, hier lassen sich immer wieder sch\u00f6ne V\u00f6gel beobachten. So zum Beispiel auch das knuffige kleine <span style=\"text-decoration: underline;\">Schwarzkehlchen<\/span>.<\/p>\n\n\n\n<figure class=\"wp-block-image size-large\"><a href=\"https:\/\/blog.birders-hf.de\/wp-content\/uploads\/2025\/06\/10_SK_DU.jpg\" target=\"_blank\" rel=\" noreferrer noopener\"><img loading=\"lazy\" decoding=\"async\" width=\"1024\" height=\"683\" src=\"https:\/\/blog.birders-hf.de\/wp-content\/uploads\/2025\/06\/10_SK_DU-1024x683.jpg\" alt=\"\" class=\"wp-image-17514\" srcset=\"https:\/\/blog.birders-hf.de\/wp-content\/uploads\/2025\/06\/10_SK_DU-1024x683.jpg 1024w, https:\/\/blog.birders-hf.de\/wp-content\/uploads\/2025\/06\/10_SK_DU-480x320.jpg 480w, https:\/\/blog.birders-hf.de\/wp-content\/uploads\/2025\/06\/10_SK_DU-768x512.jpg 768w, https:\/\/blog.birders-hf.de\/wp-content\/uploads\/2025\/06\/10_SK_DU-1536x1024.jpg 1536w, https:\/\/blog.birders-hf.de\/wp-content\/uploads\/2025\/06\/10_SK_DU-2048x1366.jpg 2048w\" sizes=\"auto, (max-width: 1024px) 100vw, 1024px\" \/><\/a><\/figure>\n\n\n\n<p><br>Die jungen <span style=\"text-decoration: underline;\">Stare<\/span> sind schon recht selbstst\u00e4ndig, aber einen guten Rat der Eltern nimmt der kleine doch gerne an.<\/p>\n\n\n\n<figure class=\"wp-block-image size-large\"><a href=\"https:\/\/blog.birders-hf.de\/wp-content\/uploads\/2025\/06\/11_ST_DU.jpg\" target=\"_blank\" rel=\" noreferrer noopener\"><img loading=\"lazy\" decoding=\"async\" width=\"1024\" height=\"683\" src=\"https:\/\/blog.birders-hf.de\/wp-content\/uploads\/2025\/06\/11_ST_DU-1024x683.jpg\" alt=\"\" class=\"wp-image-17515\" srcset=\"https:\/\/blog.birders-hf.de\/wp-content\/uploads\/2025\/06\/11_ST_DU-1024x683.jpg 1024w, https:\/\/blog.birders-hf.de\/wp-content\/uploads\/2025\/06\/11_ST_DU-480x320.jpg 480w, https:\/\/blog.birders-hf.de\/wp-content\/uploads\/2025\/06\/11_ST_DU-768x512.jpg 768w, https:\/\/blog.birders-hf.de\/wp-content\/uploads\/2025\/06\/11_ST_DU-1536x1024.jpg 1536w, https:\/\/blog.birders-hf.de\/wp-content\/uploads\/2025\/06\/11_ST_DU-2048x1366.jpg 2048w\" sizes=\"auto, (max-width: 1024px) 100vw, 1024px\" \/><\/a><\/figure>\n\n\n\n<p><br>Von allem Trubel v\u00f6llig unber\u00fchrt, liess sich eine <span style=\"text-decoration: underline;\">Ringeltaube<\/span> von nichts und niemandem st\u00f6ren und genoss ihre Mittagspause.<\/p>\n\n\n\n<figure class=\"wp-block-image size-large\"><a href=\"https:\/\/blog.birders-hf.de\/wp-content\/uploads\/2025\/06\/12_RT_DU.jpg\" target=\"_blank\" rel=\" noreferrer noopener\"><img loading=\"lazy\" decoding=\"async\" width=\"1024\" height=\"683\" src=\"https:\/\/blog.birders-hf.de\/wp-content\/uploads\/2025\/06\/12_RT_DU-1024x683.jpg\" alt=\"\" class=\"wp-image-17516\" srcset=\"https:\/\/blog.birders-hf.de\/wp-content\/uploads\/2025\/06\/12_RT_DU-1024x683.jpg 1024w, https:\/\/blog.birders-hf.de\/wp-content\/uploads\/2025\/06\/12_RT_DU-480x320.jpg 480w, https:\/\/blog.birders-hf.de\/wp-content\/uploads\/2025\/06\/12_RT_DU-768x512.jpg 768w, https:\/\/blog.birders-hf.de\/wp-content\/uploads\/2025\/06\/12_RT_DU-1536x1024.jpg 1536w, https:\/\/blog.birders-hf.de\/wp-content\/uploads\/2025\/06\/12_RT_DU-2048x1366.jpg 2048w\" sizes=\"auto, (max-width: 1024px) 100vw, 1024px\" \/><\/a><\/figure>\n\n\n\n<p><br><br>MfG L.E.<\/p>\n","protected":false},"excerpt":{"rendered":"<p>Weiter geht es mit dem n\u00f6rdlichen Teil der D\u00fcmmer Region, speziell das Osterfeiner Moor, rund um die Feuchtfl\u00e4che Heemke. Hier gibt es nicht nur V\u00f6gel zu beobachten, ich hatte heute &hellip; <a href=\"https:\/\/blog.birders-hf.de\/index.php\/2025\/06\/04\/duemmer-osterfeiner-moor-04-06-2025\/\" class=\"more-link\"><span class=\"screen-reader-text\">D\u00fcmmer \/ Osterfeiner Moor &#8211; 04.06.2025<\/span> weiterlesen <span class=\"meta-nav\">&rarr;<\/span><\/a><\/p>\n","protected":false},"author":11,"featured_media":0,"comment_status":"open","ping_status":"open","sticky":false,"template":"","format":"standard","meta":{"footnotes":""},"categories":[1],"tags":[],"class_list":["post-17510","post","type-post","status-publish","format-standard","hentry","category-birding"],"_links":{"self":[{"href":"https:\/\/blog.birders-hf.de\/index.php\/wp-json\/wp\/v2\/posts\/17510","targetHints":{"allow":["GET"]}}],"collection":[{"href":"https:\/\/blog.birders-hf.de\/index.php\/wp-json\/wp\/v2\/posts"}],"about":[{"href":"https:\/\/blog.birders-hf.de\/index.php\/wp-json\/wp\/v2\/types\/post"}],"author":[{"embeddable":true,"href":"https:\/\/blog.birders-hf.de\/index.php\/wp-json\/wp\/v2\/users\/11"}],"replies":[{"embeddable":true,"href":"https:\/\/blog.birders-hf.de\/index.php\/wp-json\/wp\/v2\/comments?post=17510"}],"version-history":[{"count":1,"href":"https:\/\/blog.birders-hf.de\/index.php\/wp-json\/wp\/v2\/posts\/17510\/revisions"}],"predecessor-version":[{"id":17517,"href":"https:\/\/blog.birders-hf.de\/index.php\/wp-json\/wp\/v2\/posts\/17510\/revisions\/17517"}],"wp:attachment":[{"href":"https:\/\/blog.birders-hf.de\/index.php\/wp-json\/wp\/v2\/media?parent=17510"}],"wp:term":[{"taxonomy":"category","embeddable":true,"href":"https:\/\/blog.birders-hf.de\/index.php\/wp-json\/wp\/v2\/categories?post=17510"},{"taxonomy":"post_tag","embeddable":true,"href":"https:\/\/blog.birders-hf.de\/index.php\/wp-json\/wp\/v2\/tags?post=17510"}],"curies":[{"name":"wp","href":"https:\/\/api.w.org\/{rel}","templated":true}]}}