{"id":17477,"date":"2025-06-03T21:57:24","date_gmt":"2025-06-03T19:57:24","guid":{"rendered":"https:\/\/blog.birders-hf.de\/?p=17477"},"modified":"2025-06-03T21:58:32","modified_gmt":"2025-06-03T19:58:32","slug":"wanderfalken-in-kirchlengern-sind-fluegge","status":"publish","type":"post","link":"https:\/\/blog.birders-hf.de\/index.php\/2025\/06\/03\/wanderfalken-in-kirchlengern-sind-fluegge\/","title":{"rendered":"Wanderfalken in Kirchlengern sind fl\u00fcgge"},"content":{"rendered":"<div class=\"postie-post\">\n<div class=\"postie-attachments\"><a href=\"https:\/\/blog.birders-hf.de\/?attachment_id=17478\"><img decoding=\"async\" src=\"https:\/\/blog.birders-hf.de\/wp-content\/uploads\/2025\/06\/IMG_8554b-480x320.jpg\" alt=\"\" width=\"480px\" height=\"320px\" class=\"alignnone size-medium wp-image-17478\" srcset=\"https:\/\/blog.birders-hf.de\/wp-content\/uploads\/2025\/06\/IMG_8554b-480x320.jpg 480w, https:\/\/blog.birders-hf.de\/wp-content\/uploads\/2025\/06\/IMG_8554b-1024x683.jpg 1024w, https:\/\/blog.birders-hf.de\/wp-content\/uploads\/2025\/06\/IMG_8554b-768x512.jpg 768w, https:\/\/blog.birders-hf.de\/wp-content\/uploads\/2025\/06\/IMG_8554b-1536x1024.jpg 1536w, https:\/\/blog.birders-hf.de\/wp-content\/uploads\/2025\/06\/IMG_8554b-2048x1365.jpg 2048w\" sizes=\"(max-width: 480px) 100vw, 480px\" \/><\/a><br \/>\n<a href=\"https:\/\/blog.birders-hf.de\/?attachment_id=17479\"><img decoding=\"async\" src=\"https:\/\/blog.birders-hf.de\/wp-content\/uploads\/2025\/06\/IMG_8579b-480x320.jpg\" alt=\"\" width=\"480px\" height=\"320px\" class=\"alignnone size-medium wp-image-17479\" srcset=\"https:\/\/blog.birders-hf.de\/wp-content\/uploads\/2025\/06\/IMG_8579b-480x320.jpg 480w, https:\/\/blog.birders-hf.de\/wp-content\/uploads\/2025\/06\/IMG_8579b-1024x683.jpg 1024w, https:\/\/blog.birders-hf.de\/wp-content\/uploads\/2025\/06\/IMG_8579b-768x512.jpg 768w, https:\/\/blog.birders-hf.de\/wp-content\/uploads\/2025\/06\/IMG_8579b-1536x1024.jpg 1536w, https:\/\/blog.birders-hf.de\/wp-content\/uploads\/2025\/06\/IMG_8579b-2048x1365.jpg 2048w\" sizes=\"(max-width: 480px) 100vw, 480px\" \/><\/a><br \/>\n<a href=\"https:\/\/blog.birders-hf.de\/?attachment_id=17480\"><img decoding=\"async\" src=\"https:\/\/blog.birders-hf.de\/wp-content\/uploads\/2025\/06\/IMG_8605b-480x320.jpg\" alt=\"\" width=\"480px\" height=\"320px\" class=\"alignnone size-medium wp-image-17480\" srcset=\"https:\/\/blog.birders-hf.de\/wp-content\/uploads\/2025\/06\/IMG_8605b-480x320.jpg 480w, https:\/\/blog.birders-hf.de\/wp-content\/uploads\/2025\/06\/IMG_8605b-1024x683.jpg 1024w, https:\/\/blog.birders-hf.de\/wp-content\/uploads\/2025\/06\/IMG_8605b-768x512.jpg 768w, https:\/\/blog.birders-hf.de\/wp-content\/uploads\/2025\/06\/IMG_8605b-1536x1024.jpg 1536w, https:\/\/blog.birders-hf.de\/wp-content\/uploads\/2025\/06\/IMG_8605b-2048x1365.jpg 2048w\" sizes=\"(max-width: 480px) 100vw, 480px\" \/><\/a><\/div>\n<div>\n<div class=\"yahoo-style-wrap\" style=\"font-family:Helvetica Neue, Helvetica, Arial, sans-serif;font-size:13px;\">\n<div dir=\"ltr\" data-setdir=\"false\">\n<div>\n<p style=\"margin-bottom: 0cm\">Der Nachwuchs der Wanderfalken am  EWB-Geb\u00e4ude in Kirchlengern ist fl\u00fcgge. <br \/>Wir konnten gestern  schon erkennen, das bei den drei Youngsters gro\u00dfe Unruhe  herrschte.<br \/>Heute wollte ich wiedermal nur kurz gucken. Es wurde  dann aber doch etwas l\u00e4nger.<br \/>Sehr laute Lockrufe von den  Altv\u00f6geln. Irgendwann traute sich der erste Jungvogel vom Nistkasten  runter. Kurz darauf Nr,2. Bei den dritten bin ich mir nicht sicher.  Irgendwann standen alle drei wieder auf dem Brett vor dem  eigentlichen  Nistkasten.<br \/>So viel ich wei\u00df, gibt es nur zwei  Wanderfalkenbruten im ganzen Kreis Herford.   <\/p>\n<\/div>\n<p><\/div>\n<\/div>\n<\/div>\n<\/div>\n","protected":false},"excerpt":{"rendered":"<p>Der Nachwuchs der Wanderfalken am EWB-Geb\u00e4ude in Kirchlengern ist fl\u00fcgge. Wir konnten gestern schon erkennen, das bei den drei Youngsters gro\u00dfe Unruhe herrschte.Heute wollte ich wiedermal nur kurz gucken. Es &hellip; <a href=\"https:\/\/blog.birders-hf.de\/index.php\/2025\/06\/03\/wanderfalken-in-kirchlengern-sind-fluegge\/\" class=\"more-link\"><span class=\"screen-reader-text\">Wanderfalken in Kirchlengern sind fl\u00fcgge<\/span> weiterlesen <span class=\"meta-nav\">&rarr;<\/span><\/a><\/p>\n","protected":false},"author":1,"featured_media":0,"comment_status":"open","ping_status":"open","sticky":false,"template":"","format":"standard","meta":{"footnotes":""},"categories":[1],"tags":[],"class_list":["post-17477","post","type-post","status-publish","format-standard","hentry","category-birding"],"_links":{"self":[{"href":"https:\/\/blog.birders-hf.de\/index.php\/wp-json\/wp\/v2\/posts\/17477","targetHints":{"allow":["GET"]}}],"collection":[{"href":"https:\/\/blog.birders-hf.de\/index.php\/wp-json\/wp\/v2\/posts"}],"about":[{"href":"https:\/\/blog.birders-hf.de\/index.php\/wp-json\/wp\/v2\/types\/post"}],"author":[{"embeddable":true,"href":"https:\/\/blog.birders-hf.de\/index.php\/wp-json\/wp\/v2\/users\/1"}],"replies":[{"embeddable":true,"href":"https:\/\/blog.birders-hf.de\/index.php\/wp-json\/wp\/v2\/comments?post=17477"}],"version-history":[{"count":0,"href":"https:\/\/blog.birders-hf.de\/index.php\/wp-json\/wp\/v2\/posts\/17477\/revisions"}],"wp:attachment":[{"href":"https:\/\/blog.birders-hf.de\/index.php\/wp-json\/wp\/v2\/media?parent=17477"}],"wp:term":[{"taxonomy":"category","embeddable":true,"href":"https:\/\/blog.birders-hf.de\/index.php\/wp-json\/wp\/v2\/categories?post=17477"},{"taxonomy":"post_tag","embeddable":true,"href":"https:\/\/blog.birders-hf.de\/index.php\/wp-json\/wp\/v2\/tags?post=17477"}],"curies":[{"name":"wp","href":"https:\/\/api.w.org\/{rel}","templated":true}]}}