{"id":17464,"date":"2025-05-31T21:57:35","date_gmt":"2025-05-31T19:57:35","guid":{"rendered":"https:\/\/blog.birders-hf.de\/?p=17464"},"modified":"2025-05-31T22:46:59","modified_gmt":"2025-05-31T20:46:59","slug":"enger-bruch-31-05-2025","status":"publish","type":"post","link":"https:\/\/blog.birders-hf.de\/index.php\/2025\/05\/31\/enger-bruch-31-05-2025\/","title":{"rendered":"Enger Bruch &#8211; 31.05.2025"},"content":{"rendered":"<div class=\"postie-post\">\n<div class=\"postie-attachments\"><a href=\"https:\/\/blog.birders-hf.de\/?attachment_id=17465\"><img decoding=\"async\" src=\"https:\/\/blog.birders-hf.de\/wp-content\/uploads\/2025\/05\/1000038374-16-480x360.jpg\" alt=\"\" width=\"480px\" height=\"360px\" class=\"alignnone size-medium wp-image-17465\" \/><\/a><br \/>\n<a href=\"https:\/\/blog.birders-hf.de\/?attachment_id=17466\"><img decoding=\"async\" src=\"https:\/\/blog.birders-hf.de\/wp-content\/uploads\/2025\/05\/1000038377-16-480x480.jpg\" alt=\"\" width=\"480px\" height=\"480px\" class=\"alignnone size-medium wp-image-17466\" \/><\/a><br \/>\n<a href=\"https:\/\/blog.birders-hf.de\/?attachment_id=17467\"><img decoding=\"async\" src=\"https:\/\/blog.birders-hf.de\/wp-content\/uploads\/2025\/05\/1000038380-16-480x360.jpg\" alt=\"\" width=\"480px\" height=\"360px\" class=\"alignnone size-medium wp-image-17467\" \/><\/a><br \/>\n<a href=\"https:\/\/blog.birders-hf.de\/?attachment_id=17468\"><img decoding=\"async\" src=\"https:\/\/blog.birders-hf.de\/wp-content\/uploads\/2025\/05\/1000038384-16-480x360.jpg\" alt=\"\" width=\"480px\" height=\"360px\" class=\"alignnone size-medium wp-image-17468\" \/><\/a><br \/>\n<a href=\"https:\/\/blog.birders-hf.de\/?attachment_id=17469\"><img decoding=\"async\" src=\"https:\/\/blog.birders-hf.de\/wp-content\/uploads\/2025\/05\/1000038382-16-480x360.jpg\" alt=\"\" width=\"480px\" height=\"360px\" class=\"alignnone size-medium wp-image-17469\" \/><\/a><br \/>\n<a href=\"https:\/\/blog.birders-hf.de\/?attachment_id=17470\"><img decoding=\"async\" src=\"https:\/\/blog.birders-hf.de\/wp-content\/uploads\/2025\/05\/1000038378-16-480x360.jpg\" alt=\"\" width=\"480px\" height=\"360px\" class=\"alignnone size-medium wp-image-17470\" \/><\/a><\/div>\n<div>Moin zusammen,<\/p>\n<p>ein letztes mal diesen Monat unterwegs gewesen. Leider war nicht so viel los heute.<\/p>\n<p>Ein paar Fotos habe ich trotzdem mitgebracht.<\/p>\n<p>Auf dem weg vom Auto richtung Turm hat sich zuerst ein Buchfink (Bild 1) gezeigt.<\/p>\n<p>Danach kam erstmal eine lange Zeit nichts.<\/p>\n<p>F\u00fcr die Dorngrasm\u00fccke (Bild 2) musste ich sehr geduldig sein. Die hat mich ziemlich lange warten lassen. Habe gesehen, dass die immer wieder dort gelandet ist. Aber hat sich gelohnt geduldig zu bleiben.<\/p>\n<p>In unmittelbarer N\u00e4he hat sich dann auch noch einer der Sumpfrohrs\u00e4nger (Bild 3) gezeigt. Unser h\u00fcbscher Amselimitator.<\/p>\n<p>Die junge Kohlmeise (Bild 4) war schon selbst am jagen. Das geht so schnell bei denen.<\/p>\n<p>Dem Feldhasen (Bild 5) war bestimmt auch zu warm.<\/p>\n<p>Die Rauchschwalbe (Bild 6) bei der Jagd im Flug so zu erwischen war mein Highlight heute. Die Sch\u00e4rfe k\u00f6nnte etwas besser sein, aber diesen Moment so festzuhalten zu k\u00f6nnen hat mich gefreut.<\/p>\n<p>Und dann hatte ich noch eine Begegnung, die ich leider nicht festhalten konnte. Was kleines flinkes ist an der Weide von Rechts nach Links \u00fcber den Weg in Richtung Kranichwiese gehuscht. Ein Hermelin oder Wiesel? F\u00fcr eine Ratte war der Schwanz zu buschig und f\u00fcr ein Eichh\u00f6rnchen nicht buschig genug. Au\u00dferdem war es schlanker als ein Eichh\u00f6rnchen. F\u00fcr ein Hermelin war es vermutlich dann doch zu klein. Also evtl. ein Wiesel?<\/p>\n<p>Hat jemand von euch dort schonmal eins gesichtet?<br \/>Das w\u00fcrde mich mal interessieren.<\/p>\n<p>MfG<\/p>\n<p>Marcel<\/p>\n<div><\/div>\n<\/div>\n<\/div>\n","protected":false},"excerpt":{"rendered":"<p>Moin zusammen, ein letztes mal diesen Monat unterwegs gewesen. Leider war nicht so viel los heute. Ein paar Fotos habe ich trotzdem mitgebracht. Auf dem weg vom Auto richtung Turm &hellip; <a href=\"https:\/\/blog.birders-hf.de\/index.php\/2025\/05\/31\/enger-bruch-31-05-2025\/\" class=\"more-link\"><span class=\"screen-reader-text\">Enger Bruch &#8211; 31.05.2025<\/span> weiterlesen <span class=\"meta-nav\">&rarr;<\/span><\/a><\/p>\n","protected":false},"author":1,"featured_media":0,"comment_status":"open","ping_status":"open","sticky":false,"template":"","format":"standard","meta":{"footnotes":""},"categories":[1],"tags":[],"class_list":["post-17464","post","type-post","status-publish","format-standard","hentry","category-birding"],"_links":{"self":[{"href":"https:\/\/blog.birders-hf.de\/index.php\/wp-json\/wp\/v2\/posts\/17464","targetHints":{"allow":["GET"]}}],"collection":[{"href":"https:\/\/blog.birders-hf.de\/index.php\/wp-json\/wp\/v2\/posts"}],"about":[{"href":"https:\/\/blog.birders-hf.de\/index.php\/wp-json\/wp\/v2\/types\/post"}],"author":[{"embeddable":true,"href":"https:\/\/blog.birders-hf.de\/index.php\/wp-json\/wp\/v2\/users\/1"}],"replies":[{"embeddable":true,"href":"https:\/\/blog.birders-hf.de\/index.php\/wp-json\/wp\/v2\/comments?post=17464"}],"version-history":[{"count":0,"href":"https:\/\/blog.birders-hf.de\/index.php\/wp-json\/wp\/v2\/posts\/17464\/revisions"}],"wp:attachment":[{"href":"https:\/\/blog.birders-hf.de\/index.php\/wp-json\/wp\/v2\/media?parent=17464"}],"wp:term":[{"taxonomy":"category","embeddable":true,"href":"https:\/\/blog.birders-hf.de\/index.php\/wp-json\/wp\/v2\/categories?post=17464"},{"taxonomy":"post_tag","embeddable":true,"href":"https:\/\/blog.birders-hf.de\/index.php\/wp-json\/wp\/v2\/tags?post=17464"}],"curies":[{"name":"wp","href":"https:\/\/api.w.org\/{rel}","templated":true}]}}