{"id":17282,"date":"2025-05-25T10:31:31","date_gmt":"2025-05-25T08:31:31","guid":{"rendered":"https:\/\/blog.birders-hf.de\/?p=17282"},"modified":"2025-05-25T10:31:31","modified_gmt":"2025-05-25T08:31:31","slug":"mittelspecht-nachwuchs","status":"publish","type":"post","link":"https:\/\/blog.birders-hf.de\/index.php\/2025\/05\/25\/mittelspecht-nachwuchs\/","title":{"rendered":"Mittelspecht &#8211; Nachwuchs!"},"content":{"rendered":"\n<p>Man kommt kaum noch hinterher, st\u00e4ndig passiert was im Garten!!<br><br>So wie eben. Der Mittelspecht Altvogel kam in immer k\u00fcrzeren Abst\u00e4nden an die Kn\u00f6del und flog nur noch bis ans Grundst\u00fccksende.<br><br>Und siehe da, auf einmal sitzt der kleine <span style=\"text-decoration: underline;\">Mittelspecht<\/span> (Bild 01) im &#8222;Futterbaum&#8220;!<\/p>\n\n\n\n<figure class=\"wp-block-image size-large\"><a href=\"https:\/\/blog.birders-hf.de\/wp-content\/uploads\/2025\/05\/04_MS_BD.jpg\" target=\"_blank\" rel=\" noreferrer noopener\"><img loading=\"lazy\" decoding=\"async\" width=\"1024\" height=\"683\" src=\"https:\/\/blog.birders-hf.de\/wp-content\/uploads\/2025\/05\/04_MS_BD-1024x683.jpg\" alt=\"\" class=\"wp-image-17283\" srcset=\"https:\/\/blog.birders-hf.de\/wp-content\/uploads\/2025\/05\/04_MS_BD-1024x683.jpg 1024w, https:\/\/blog.birders-hf.de\/wp-content\/uploads\/2025\/05\/04_MS_BD-480x320.jpg 480w, https:\/\/blog.birders-hf.de\/wp-content\/uploads\/2025\/05\/04_MS_BD-768x512.jpg 768w, https:\/\/blog.birders-hf.de\/wp-content\/uploads\/2025\/05\/04_MS_BD-1536x1024.jpg 1536w, https:\/\/blog.birders-hf.de\/wp-content\/uploads\/2025\/05\/04_MS_BD-2048x1366.jpg 2048w\" sizes=\"auto, (max-width: 1024px) 100vw, 1024px\" \/><\/a><\/figure>\n\n\n\n<p>Das freut mich wirklich ungemein!<br><br><br>MfG L.E.<\/p>\n","protected":false},"excerpt":{"rendered":"<p>Man kommt kaum noch hinterher, st\u00e4ndig passiert was im Garten!! So wie eben. Der Mittelspecht Altvogel kam in immer k\u00fcrzeren Abst\u00e4nden an die Kn\u00f6del und flog nur noch bis ans &hellip; <a href=\"https:\/\/blog.birders-hf.de\/index.php\/2025\/05\/25\/mittelspecht-nachwuchs\/\" class=\"more-link\"><span class=\"screen-reader-text\">Mittelspecht &#8211; Nachwuchs!<\/span> weiterlesen <span class=\"meta-nav\">&rarr;<\/span><\/a><\/p>\n","protected":false},"author":11,"featured_media":0,"comment_status":"open","ping_status":"open","sticky":false,"template":"","format":"standard","meta":{"footnotes":""},"categories":[1],"tags":[],"class_list":["post-17282","post","type-post","status-publish","format-standard","hentry","category-birding"],"_links":{"self":[{"href":"https:\/\/blog.birders-hf.de\/index.php\/wp-json\/wp\/v2\/posts\/17282","targetHints":{"allow":["GET"]}}],"collection":[{"href":"https:\/\/blog.birders-hf.de\/index.php\/wp-json\/wp\/v2\/posts"}],"about":[{"href":"https:\/\/blog.birders-hf.de\/index.php\/wp-json\/wp\/v2\/types\/post"}],"author":[{"embeddable":true,"href":"https:\/\/blog.birders-hf.de\/index.php\/wp-json\/wp\/v2\/users\/11"}],"replies":[{"embeddable":true,"href":"https:\/\/blog.birders-hf.de\/index.php\/wp-json\/wp\/v2\/comments?post=17282"}],"version-history":[{"count":1,"href":"https:\/\/blog.birders-hf.de\/index.php\/wp-json\/wp\/v2\/posts\/17282\/revisions"}],"predecessor-version":[{"id":17284,"href":"https:\/\/blog.birders-hf.de\/index.php\/wp-json\/wp\/v2\/posts\/17282\/revisions\/17284"}],"wp:attachment":[{"href":"https:\/\/blog.birders-hf.de\/index.php\/wp-json\/wp\/v2\/media?parent=17282"}],"wp:term":[{"taxonomy":"category","embeddable":true,"href":"https:\/\/blog.birders-hf.de\/index.php\/wp-json\/wp\/v2\/categories?post=17282"},{"taxonomy":"post_tag","embeddable":true,"href":"https:\/\/blog.birders-hf.de\/index.php\/wp-json\/wp\/v2\/tags?post=17282"}],"curies":[{"name":"wp","href":"https:\/\/api.w.org\/{rel}","templated":true}]}}