{"id":17206,"date":"2025-05-25T13:51:43","date_gmt":"2025-05-25T11:51:43","guid":{"rendered":"https:\/\/blog.birders-hf.de\/?p=17206"},"modified":"2025-06-25T07:02:17","modified_gmt":"2025-06-25T05:02:17","slug":"gartenhabicht-barduettingdorf","status":"publish","type":"post","link":"https:\/\/blog.birders-hf.de\/index.php\/2025\/05\/25\/gartenhabicht-barduettingdorf\/","title":{"rendered":"Gartenhabicht &#8211; Bard\u00fcttingdorf!"},"content":{"rendered":"\n<p>Auf dem Weg zur Terrasse am Gartenteich, fliegt mir pl\u00f6tzlich ein <span style=\"text-decoration: underline;\">Habicht<\/span> (Bild 01) buchst\u00e4blich vor der Nase her!<br><br>Kamera ausgeschaltet am linken Arm h\u00e4ngend, Rechts noch ein Gartenpolster dabei. Mist! Nicht erwischt.<br><br>Als ich die H\u00e4nde wieder frei und die Kamera eingeschaltet hatte, kam der Habicht wieder, vor ihm fl\u00fcchtete ein Buntspecht auf den er es abgesehen hatte.<br><br>\u00dcber 1 Minute lang jagte der Habicht den Buntspecht durch die B\u00fcsche und B\u00e4ume, in knapp 5-7m h\u00f6he, direkt \u00fcber meinen Kopf hinweg. Hammer!<br><br>Dabei konnte ich ihn mehrfach mit der Kamera erwischen.<\/p>\n\n\n\n<figure class=\"wp-block-image size-large\"><a href=\"https:\/\/blog.birders-hf.de\/wp-content\/uploads\/2025\/05\/01_HB_BD.jpg\" target=\"_blank\" rel=\" noreferrer noopener\"><img loading=\"lazy\" decoding=\"async\" width=\"1024\" height=\"683\" src=\"https:\/\/blog.birders-hf.de\/wp-content\/uploads\/2025\/05\/01_HB_BD-1024x683.jpg\" alt=\"\" class=\"wp-image-17207\" srcset=\"https:\/\/blog.birders-hf.de\/wp-content\/uploads\/2025\/05\/01_HB_BD-1024x683.jpg 1024w, https:\/\/blog.birders-hf.de\/wp-content\/uploads\/2025\/05\/01_HB_BD-480x320.jpg 480w, https:\/\/blog.birders-hf.de\/wp-content\/uploads\/2025\/05\/01_HB_BD-768x512.jpg 768w, https:\/\/blog.birders-hf.de\/wp-content\/uploads\/2025\/05\/01_HB_BD-1536x1024.jpg 1536w, https:\/\/blog.birders-hf.de\/wp-content\/uploads\/2025\/05\/01_HB_BD-2048x1366.jpg 2048w\" sizes=\"auto, (max-width: 1024px) 100vw, 1024px\" \/><\/a><\/figure>\n\n\n\n<p>Mit 200mm Brennweite aufgenommen und ich h\u00e4tte das Bild noch mehr ausschneiden k\u00f6nnen!<br><br><br>MfG L.E.<\/p>\n","protected":false},"excerpt":{"rendered":"<p>Auf dem Weg zur Terrasse am Gartenteich, fliegt mir pl\u00f6tzlich ein Habicht (Bild 01) buchst\u00e4blich vor der Nase her! Kamera ausgeschaltet am linken Arm h\u00e4ngend, Rechts noch ein Gartenpolster dabei. &hellip; <a href=\"https:\/\/blog.birders-hf.de\/index.php\/2025\/05\/25\/gartenhabicht-barduettingdorf\/\" class=\"more-link\"><span class=\"screen-reader-text\">Gartenhabicht &#8211; Bard\u00fcttingdorf!<\/span> weiterlesen <span class=\"meta-nav\">&rarr;<\/span><\/a><\/p>\n","protected":false},"author":11,"featured_media":0,"comment_status":"open","ping_status":"open","sticky":false,"template":"","format":"standard","meta":{"footnotes":""},"categories":[1],"tags":[],"class_list":["post-17206","post","type-post","status-publish","format-standard","hentry","category-birding"],"_links":{"self":[{"href":"https:\/\/blog.birders-hf.de\/index.php\/wp-json\/wp\/v2\/posts\/17206","targetHints":{"allow":["GET"]}}],"collection":[{"href":"https:\/\/blog.birders-hf.de\/index.php\/wp-json\/wp\/v2\/posts"}],"about":[{"href":"https:\/\/blog.birders-hf.de\/index.php\/wp-json\/wp\/v2\/types\/post"}],"author":[{"embeddable":true,"href":"https:\/\/blog.birders-hf.de\/index.php\/wp-json\/wp\/v2\/users\/11"}],"replies":[{"embeddable":true,"href":"https:\/\/blog.birders-hf.de\/index.php\/wp-json\/wp\/v2\/comments?post=17206"}],"version-history":[{"count":1,"href":"https:\/\/blog.birders-hf.de\/index.php\/wp-json\/wp\/v2\/posts\/17206\/revisions"}],"predecessor-version":[{"id":17208,"href":"https:\/\/blog.birders-hf.de\/index.php\/wp-json\/wp\/v2\/posts\/17206\/revisions\/17208"}],"wp:attachment":[{"href":"https:\/\/blog.birders-hf.de\/index.php\/wp-json\/wp\/v2\/media?parent=17206"}],"wp:term":[{"taxonomy":"category","embeddable":true,"href":"https:\/\/blog.birders-hf.de\/index.php\/wp-json\/wp\/v2\/categories?post=17206"},{"taxonomy":"post_tag","embeddable":true,"href":"https:\/\/blog.birders-hf.de\/index.php\/wp-json\/wp\/v2\/tags?post=17206"}],"curies":[{"name":"wp","href":"https:\/\/api.w.org\/{rel}","templated":true}]}}